{"id":159007,"date":"2026-08-23T10:41:11","date_gmt":"2026-08-23T10:41:11","guid":{"rendered":"https:\/\/www.europesays.com\/sk\/159007\/"},"modified":"2026-08-23T10:41:11","modified_gmt":"2026-08-23T10:41:11","slug":"bol-to-fenomen-joe-rogan-menoval-bojovnika-ktory-by-bol-nocnou-morou-aj-pre-khabiba-a-islama-makhacheva-mma-fanatik","status":"publish","type":"post","link":"https:\/\/www.europesays.com\/sk\/159007\/","title":{"rendered":"Bol to fenom\u00e9n! Joe Rogan menoval bojovn\u00edka, ktor\u00fd by bol no\u010dnou morou aj pre Khabiba a\u00a0Islama Makhacheva &#8211; MMA Fanatik"},"content":{"rendered":"<p>BJ Penn je vo v\u0161eobecnosti pova\u017eovan\u00fd za jednu z\u00a0najlep\u0161\u00edch \u013eahk\u00fdch v\u00e1h, ktor\u00e9 kedy p\u00f4sobili v\u00a0UFC. Plat\u00ed to v\u0161ak prioritne pre obdobie, kedy bol tento viacn\u00e1sobn\u00fd \u0161ampi\u00f3n na vrchole svojej formy, preto\u017ee hlavne v\u00a0z\u00e1vere kari\u00e9ry u\u017e bol len tie\u0148om toho, \u010dim zvykol by\u0165.<\/p>\n<p>47-ro\u010dn\u00fd Penn je vo svojej top forme dodnes pova\u017eovan\u00fd za jedn\u00e9ho z najnebezpe\u010dnej\u0161\u00edch bojovn\u00edkov \u013eahkej v\u00e1hy v hist\u00f3rii UFC. Elitn\u00fd grappling, prirodzen\u00e1 schopnos\u0165 ukon\u010dova\u0165 z\u00e1pasy a celkov\u00e1 h\u00fa\u017eevnatos\u0165 v klietke z\u00a0neho robili extr\u00e9mne n\u00e1ro\u010dn\u00e9ho s\u00fapera.<\/p>\n<p>Pod\u013ea dlhodob\u00e9ho UFC koment\u00e1rota Joea Rogana bol BJ nato\u013eko dobr\u00fd, \u017ee by bol no\u010dnou morou dokonca aj pre Khabiba Nurmagomedova a\u00a0Islama Makhacheva. Porovn\u00e1va\u0165 elitn\u00fdch bojovn\u00edkov z odli\u0161n\u00fdch \u00e9r je \u010dasto n\u00e1ro\u010dn\u00e9, no z\u00e1rove\u0148 zauj\u00edmav\u00e9. Rogan tak urobil v\u00a0jednej z\u00a0jeho posledn\u00fdch podcastov\u00fdch epiz\u00f3d The Joe Rogan Experience.<\/p>\n<p>Joe Rogan: BJ Penn v\u00a0top forme by bol no\u010dnou morou pe ka\u017ed\u00e9ho<\/p>\n<p>\u201eV\u017edy poukazujem na BJ Penna, preto\u017ee BJ Penn vo svojej najlep\u0161ej forme bol \u0161ialen\u00fd. Dal by som BJ Penna vo vrcholovej forme v\u00a0\u013eahkej v\u00e1he proti komuko\u013evek v hist\u00f3rii. Komuko\u013evek, kto kedy bojoval v\u00a0tejto v\u00e1hovej kateg\u00f3rii.<\/p>\n<p>Neviem, \u010di by porazil Khabiba Nurmagomedova. Khabib je najv\u00e4\u010d\u0161\u00ed v\u0161etk\u00fdch \u010dias. Neviem, \u010di by porazil Islama Makhacheva. Ale viem, \u017ee by to pre nich bola no\u010dn\u00e1 mora. Bol to sakramentsk\u00fd fenom\u00e9n. Bol skr\u00e1tka ako zviera, neskuto\u010dne geni\u00e1lny bojovn\u00edk,\u201c uviedol Joe Rogan.<\/p>\n","protected":false},"excerpt":{"rendered":"BJ Penn je vo v\u0161eobecnosti pova\u017eovan\u00fd za jednu z\u00a0najlep\u0161\u00edch \u013eahk\u00fdch v\u00e1h, ktor\u00e9 kedy p\u00f4sobili v\u00a0UFC. Plat\u00ed to v\u0161ak&hellip;\n","protected":false},"author":2,"featured_media":159008,"comment_status":"","ping_status":"","sticky":false,"template":"","format":"standard","meta":{"footnotes":"","_share_on_mastodon":"0"},"categories":[13],"tags":[46535,45566,39592,43,40,39,42,41,69,68],"class_list":["post-159007","post","type-post","status-publish","format-standard","has-post-thumbnail","category-sport","tag-bj-penn","tag-islam-makhachev","tag-khabib","tag-sk","tag-slovak","tag-slovakia","tag-slovencina","tag-slovensko","tag-sport","tag-sports"],"share_on_mastodon":{"url":"https:\/\/pubeurope.com\/@sk\/117144406376143166","error":""},"_links":{"self":[{"href":"https:\/\/www.europesays.com\/sk\/wp-json\/wp\/v2\/posts\/159007","targetHints":{"allow":["GET"]}}],"collection":[{"href":"https:\/\/www.europesays.com\/sk\/wp-json\/wp\/v2\/posts"}],"about":[{"href":"https:\/\/www.europesays.com\/sk\/wp-json\/wp\/v2\/types\/post"}],"author":[{"embeddable":true,"href":"https:\/\/www.europesays.com\/sk\/wp-json\/wp\/v2\/users\/2"}],"replies":[{"embeddable":true,"href":"https:\/\/www.europesays.com\/sk\/wp-json\/wp\/v2\/comments?post=159007"}],"version-history":[{"count":0,"href":"https:\/\/www.europesays.com\/sk\/wp-json\/wp\/v2\/posts\/159007\/revisions"}],"wp:featuredmedia":[{"embeddable":true,"href":"https:\/\/www.europesays.com\/sk\/wp-json\/wp\/v2\/media\/159008"}],"wp:attachment":[{"href":"https:\/\/www.europesays.com\/sk\/wp-json\/wp\/v2\/media?parent=159007"}],"wp:term":[{"taxonomy":"category","embeddable":true,"href":"https:\/\/www.europesays.com\/sk\/wp-json\/wp\/v2\/categories?post=159007"},{"taxonomy":"post_tag","embeddable":true,"href":"https:\/\/www.europesays.com\/sk\/wp-json\/wp\/v2\/tags?post=159007"}],"curies":[{"name":"wp","href":"https:\/\/api.w.org\/{rel}","templated":true}]}}