{"id":159183,"date":"2026-08-23T14:39:09","date_gmt":"2026-08-23T14:39:09","guid":{"rendered":"https:\/\/www.europesays.com\/sk\/159183\/"},"modified":"2026-08-23T14:39:09","modified_gmt":"2026-08-23T14:39:09","slug":"online-man-city-bournemouth-premier-league-live","status":"publish","type":"post","link":"https:\/\/www.europesays.com\/sk\/159183\/","title":{"rendered":"ONLINE : Man City &#8211; Bournemouth \/ Premier League LIVE"},"content":{"rendered":"<p>\u00davodn\u00e9 kolo Premier League prinesie aj s\u00faboj dvoch nov\u00fdch tr\u00e9nerov, ke\u010f Manchester City \u0161tartuje \u00e9ru po Pepovi Guardiolovi pod veden\u00edm Enza Marescu a Bournemouth je pod taktovkou Marca Roseho. Po prvom pol\u010dase bol stav 0:1.<\/p>\n<p>Sledujte ONLINE prenos zo z\u00e1pasu Manchester City &#8211; AFC Bournemouth v 1. kole anglickej s\u00fa\u0165a\u017ee Premier League na \u0160PORT.sk! Za\u010diatok z\u00e1pasu je o 15.00 h.<\/p>\n<p>ONLINE prenos z\u00e1pasu Manchester City &#8211; AFC Bournemouth<\/p>\n","protected":false},"excerpt":{"rendered":"\u00davodn\u00e9 kolo Premier League prinesie aj s\u00faboj dvoch nov\u00fdch tr\u00e9nerov, ke\u010f Manchester City \u0161tartuje \u00e9ru po Pepovi Guardiolovi&hellip;\n","protected":false},"author":2,"featured_media":159184,"comment_status":"","ping_status":"","sticky":false,"template":"","format":"standard","meta":{"footnotes":"","_share_on_mastodon":"0"},"categories":[13],"tags":[4216,5653,173,174,2646,43,40,39,42,41,69,68],"class_list":["post-159183","post","type-post","status-publish","format-standard","has-post-thumbnail","category-sport","tag-afc-bournemouth","tag-manchester-city-fc","tag-mixzona","tag-online","tag-premier-league","tag-sk","tag-slovak","tag-slovakia","tag-slovencina","tag-slovensko","tag-sport","tag-sports"],"share_on_mastodon":{"url":"https:\/\/pubeurope.com\/@sk\/117145342076220925","error":""},"_links":{"self":[{"href":"https:\/\/www.europesays.com\/sk\/wp-json\/wp\/v2\/posts\/159183","targetHints":{"allow":["GET"]}}],"collection":[{"href":"https:\/\/www.europesays.com\/sk\/wp-json\/wp\/v2\/posts"}],"about":[{"href":"https:\/\/www.europesays.com\/sk\/wp-json\/wp\/v2\/types\/post"}],"author":[{"embeddable":true,"href":"https:\/\/www.europesays.com\/sk\/wp-json\/wp\/v2\/users\/2"}],"replies":[{"embeddable":true,"href":"https:\/\/www.europesays.com\/sk\/wp-json\/wp\/v2\/comments?post=159183"}],"version-history":[{"count":0,"href":"https:\/\/www.europesays.com\/sk\/wp-json\/wp\/v2\/posts\/159183\/revisions"}],"wp:featuredmedia":[{"embeddable":true,"href":"https:\/\/www.europesays.com\/sk\/wp-json\/wp\/v2\/media\/159184"}],"wp:attachment":[{"href":"https:\/\/www.europesays.com\/sk\/wp-json\/wp\/v2\/media?parent=159183"}],"wp:term":[{"taxonomy":"category","embeddable":true,"href":"https:\/\/www.europesays.com\/sk\/wp-json\/wp\/v2\/categories?post=159183"},{"taxonomy":"post_tag","embeddable":true,"href":"https:\/\/www.europesays.com\/sk\/wp-json\/wp\/v2\/tags?post=159183"}],"curies":[{"name":"wp","href":"https:\/\/api.w.org\/{rel}","templated":true}]}}