{"id":159493,"date":"2026-08-23T23:18:07","date_gmt":"2026-08-23T23:18:07","guid":{"rendered":"https:\/\/www.europesays.com\/sk\/159493\/"},"modified":"2026-08-23T23:18:07","modified_gmt":"2026-08-23T23:18:07","slug":"manchester-city-predviedol-velky-obrat-v-zavere-liverpool-zachranil-bod-a-aston-villa-dostala-debakel","status":"publish","type":"post","link":"https:\/\/www.europesays.com\/sk\/159493\/","title":{"rendered":"Manchester City predviedol ve\u013ek\u00fd obrat v z\u00e1vere, Liverpool zachr\u00e1nil bod a Aston Villa dostala debakel"},"content":{"rendered":"<p>Brighton &amp; Hove Albion &#8211; Aston Villa 4:0 (4:0)<br \/>&#13;<br \/>\nG\u00f3ly: 30. a 31. Hinshelwood, 8. Lindel\u00f6f (vlastn\u00fd), 18. De Cuyper, \u010cK: 40. Gomes (Aston Villa)<\/p>\n<p>Manchester City &#8211; AFC Bournemouth 2:1 (0:1)<br \/>&#13;<br \/>\nG\u00f3ly: 85. Guehi, 90.+1 Gvardiol &#8211; 26. Tavernier<\/p>\n<p>Newcastle United &#8211;\u00a0Liverpool FC 2:2 (1:0)<br \/>&#13;<br \/>\nG\u00f3ly: 5. Elanga, 57. Willock &#8211; 55. Gakpo, 90.+9 Szoboszlai (z 11 m)<\/p>\n","protected":false},"excerpt":{"rendered":"Brighton &amp; Hove Albion &#8211; Aston Villa 4:0 (4:0)&#13; G\u00f3ly: 30. a 31. Hinshelwood, 8. Lindel\u00f6f (vlastn\u00fd), 18.&hellip;\n","protected":false},"author":2,"featured_media":159494,"comment_status":"","ping_status":"","sticky":false,"template":"","format":"standard","meta":{"footnotes":"","_share_on_mastodon":"0"},"categories":[13],"tags":[4216,11261,5803,2922,5653,2646,43,40,39,42,41,69,68],"class_list":["post-159493","post","type-post","status-publish","format-standard","has-post-thumbnail","category-sport","tag-afc-bournemouth","tag-aston-villa-fc","tag-brighton-hove-albion-fc","tag-liverpool-fc","tag-manchester-city-fc","tag-premier-league","tag-sk","tag-slovak","tag-slovakia","tag-slovencina","tag-slovensko","tag-sport","tag-sports"],"share_on_mastodon":{"url":"https:\/\/pubeurope.com\/@sk\/117147382938146647","error":""},"_links":{"self":[{"href":"https:\/\/www.europesays.com\/sk\/wp-json\/wp\/v2\/posts\/159493","targetHints":{"allow":["GET"]}}],"collection":[{"href":"https:\/\/www.europesays.com\/sk\/wp-json\/wp\/v2\/posts"}],"about":[{"href":"https:\/\/www.europesays.com\/sk\/wp-json\/wp\/v2\/types\/post"}],"author":[{"embeddable":true,"href":"https:\/\/www.europesays.com\/sk\/wp-json\/wp\/v2\/users\/2"}],"replies":[{"embeddable":true,"href":"https:\/\/www.europesays.com\/sk\/wp-json\/wp\/v2\/comments?post=159493"}],"version-history":[{"count":0,"href":"https:\/\/www.europesays.com\/sk\/wp-json\/wp\/v2\/posts\/159493\/revisions"}],"wp:featuredmedia":[{"embeddable":true,"href":"https:\/\/www.europesays.com\/sk\/wp-json\/wp\/v2\/media\/159494"}],"wp:attachment":[{"href":"https:\/\/www.europesays.com\/sk\/wp-json\/wp\/v2\/media?parent=159493"}],"wp:term":[{"taxonomy":"category","embeddable":true,"href":"https:\/\/www.europesays.com\/sk\/wp-json\/wp\/v2\/categories?post=159493"},{"taxonomy":"post_tag","embeddable":true,"href":"https:\/\/www.europesays.com\/sk\/wp-json\/wp\/v2\/tags?post=159493"}],"curies":[{"name":"wp","href":"https:\/\/api.w.org\/{rel}","templated":true}]}}