{"id":159688,"date":"2026-08-24T07:57:09","date_gmt":"2026-08-24T07:57:09","guid":{"rendered":"https:\/\/www.europesays.com\/sk\/159688\/"},"modified":"2026-08-24T07:57:09","modified_gmt":"2026-08-24T07:57:09","slug":"giuseppe-bergomi-varuje-inter-nikto-uz-tento-system-nehra","status":"publish","type":"post","link":"https:\/\/www.europesays.com\/sk\/159688\/","title":{"rendered":"Giuseppe Bergomi varuje Inter: Nikto u\u017e tento syst\u00e9m nehr\u00e1"},"content":{"rendered":"<p>B\u00fdval\u00fd obranca Interu a talianskej reprezent\u00e1cie Giuseppe Bergomi sa vyjadril k \u0161anciam Nerazzurri na kvalitat\u00edvny skok v Lige majstrov.<\/p>\n<p>Inter za\u010dal ligu razantne, vysok\u00fdm v\u00ed\u0165azstvom nad nov\u00e1\u010dikom Monzou (4:1). Cristian Chivu postavil t\u00edm v rovnakom rozostaven\u00ed 3-5-2 ako v minulej sez\u00f3ne, no zatia\u013e \u010do pre Serie A to sta\u010d\u00ed, Giuseppe Bergomi si mysl\u00ed, \u017ee tento syst\u00e9m je v Eur\u00f3pe prekonan\u00fd.<\/p>\n<p>Sila na zmenu<\/p>\n<p>Na ot\u00e1zku, \u010di by Nerazzurri mohli t\u00fato sez\u00f3nu urobi\u0165 kvalitat\u00edvny skok v Lige majstrov, b\u00fdval\u00fd kapit\u00e1n Interu p\u00f4sobil sk\u00f4r skepticky. \u201eTraja anglick\u00ed hr\u00e1\u010di, ktor\u00ed pri\u0161li toto leto, zvy\u0161uj\u00fa latku, mysl\u00edm si, \u017ee aj na tr\u00e9ningoch.<\/p>\n<p>T\u00edm je v podstate rovnak\u00fd, v\u0161etci s\u00fa o rok star\u0161\u00ed, potom prich\u00e1dzaj\u00fa t\u00edto traja hr\u00e1\u010di, John Stones, Djed Spence a Curtis Jones. Probl\u00e9m je, \u017ee Inter nem\u00e1 silu na kompletn\u00fa zmenu. Je to jedin\u00fd t\u00edm, ktor\u00fd je v\u017edy rovnak\u00fd.<\/p>\n<p>Sk\u00f4r \u010di nesk\u00f4r sa Chivu bude musie\u0165 vzda\u0165 form\u00e1cie 3-5-2, ale dnes to nem\u00f4\u017ee urobi\u0165. Nem\u00e1 hr\u00e1\u010dov, ktor\u00fdch potrebuje. Nikto v Eur\u00f3pe u\u017e tento syst\u00e9m nehr\u00e1,\u201c komentoval Bergomi v nede\u013eu ve\u010der v \u0161t\u00fadiu Sky Sport Italia.<\/p>\n<p>Chivu a my\u0161lienka<\/p>\n<p>\u201e\u0160tart v lige? Inter mal probl\u00e9my v prvom pol\u010dase, ke\u010f sa Monza br\u00e1nila jeden na jedn\u00e9ho. A na pravom kr\u00eddle vid\u00edm sk\u00f4r Spencea, aj ke\u010f Diouf odohral skvel\u00fd z\u00e1pas s dvoma asistenciami.<\/p>\n<p>Bol ve\u013emi dobr\u00fd v posledn\u00fdch \u0161estn\u00e1stich metroch, ale mus\u00ed zlep\u0161i\u0165 svoju defenz\u00edvnu hru. So Spenceom v z\u00e1kladnej zostave Chivuova my\u0161lienka, by\u0165 teraz ofenz\u00edvnej\u0161\u00ed na pravej strane po odchode Dumfriesa, padne,\u201c mysl\u00ed si b\u00fdval\u00fd reprezentant.<\/p>\n","protected":false},"excerpt":{"rendered":"B\u00fdval\u00fd obranca Interu a talianskej reprezent\u00e1cie Giuseppe Bergomi sa vyjadril k \u0161anciam Nerazzurri na kvalitat\u00edvny skok v Lige&hellip;\n","protected":false},"author":2,"featured_media":159689,"comment_status":"","ping_status":"","sticky":false,"template":"","format":"standard","meta":{"footnotes":"","_share_on_mastodon":"0"},"categories":[13],"tags":[16788,2669,8054,5471,43,40,39,42,41,69,68],"class_list":["post-159688","post","type-post","status-publish","format-standard","has-post-thumbnail","category-sport","tag-cristian-chivu","tag-inter-milano","tag-liga-majstrov-uefa","tag-serie-a","tag-sk","tag-slovak","tag-slovakia","tag-slovencina","tag-slovensko","tag-sport","tag-sports"],"share_on_mastodon":{"url":"https:\/\/pubeurope.com\/@sk\/117149423540187110","error":""},"_links":{"self":[{"href":"https:\/\/www.europesays.com\/sk\/wp-json\/wp\/v2\/posts\/159688","targetHints":{"allow":["GET"]}}],"collection":[{"href":"https:\/\/www.europesays.com\/sk\/wp-json\/wp\/v2\/posts"}],"about":[{"href":"https:\/\/www.europesays.com\/sk\/wp-json\/wp\/v2\/types\/post"}],"author":[{"embeddable":true,"href":"https:\/\/www.europesays.com\/sk\/wp-json\/wp\/v2\/users\/2"}],"replies":[{"embeddable":true,"href":"https:\/\/www.europesays.com\/sk\/wp-json\/wp\/v2\/comments?post=159688"}],"version-history":[{"count":0,"href":"https:\/\/www.europesays.com\/sk\/wp-json\/wp\/v2\/posts\/159688\/revisions"}],"wp:featuredmedia":[{"embeddable":true,"href":"https:\/\/www.europesays.com\/sk\/wp-json\/wp\/v2\/media\/159689"}],"wp:attachment":[{"href":"https:\/\/www.europesays.com\/sk\/wp-json\/wp\/v2\/media?parent=159688"}],"wp:term":[{"taxonomy":"category","embeddable":true,"href":"https:\/\/www.europesays.com\/sk\/wp-json\/wp\/v2\/categories?post=159688"},{"taxonomy":"post_tag","embeddable":true,"href":"https:\/\/www.europesays.com\/sk\/wp-json\/wp\/v2\/tags?post=159688"}],"curies":[{"name":"wp","href":"https:\/\/api.w.org\/{rel}","templated":true}]}}