{"id":160674,"date":"2026-08-25T08:01:10","date_gmt":"2026-08-25T08:01:10","guid":{"rendered":"https:\/\/www.europesays.com\/sk\/160674\/"},"modified":"2026-08-25T08:01:10","modified_gmt":"2026-08-25T08:01:10","slug":"leyenova-vyzyva-eu-europa-musi-znizit-zavislost-od-fosilnych-paliv","status":"publish","type":"post","link":"https:\/\/www.europesays.com\/sk\/160674\/","title":{"rendered":"LEYENOV\u00c1 VYZ\u00ddVA E\u00da: EUR\u00d3PA MUS\u00cd ZN\u00cd\u017dI\u0164 Z\u00c1VISLOS\u0164 OD FOS\u00cdLNYCH PAL\u00cdV"},"content":{"rendered":"<p>\t\t\t\t  <img decoding=\"async\" src=\"https:\/\/www.europesays.com\/sk\/wp-content\/uploads\/2026\/08\/leyenova_sept_25_sita_ap_2_9_1.jpg\" alt=\"\"\/><\/p>\n<p>Eur\u00f3pska komisia v tejto s\u00favislosti navrhla bal\u00edk opatren\u00ed pre elektriza\u010dn\u00e9 siete a minul\u00fd mesiac predstavila Ak\u010dn\u00fd pl\u00e1n elektrifik\u00e1cie. Cie\u013eom je pripravi\u0165 energetick\u00fa infra\u0161trukt\u00faru na rast\u00facu mieru elektrifik\u00e1cie hospod\u00e1rstva. Ak\u010dn\u00fd pl\u00e1n po\u010d\u00edta s t\u00fdm, \u017ee podiel elektriny na kone\u010dnej spotrebe energie dosiahne do roku 2040 \u00farove\u0148 46 percent.<\/p>\n<p>Foto\u00a0SITA\/AP<\/p>\n<p>D\u00e1tum\u00a025.08.2026<\/p>\n<p>Eur\u00f3pa mus\u00ed zr\u00fdchli\u0165 elektrifik\u00e1ciu dopravy, vykurovania a priemyslu, ak chce zn\u00ed\u017ei\u0165 svoju z\u00e1vislos\u0165 od fos\u00edlnych pal\u00edv a obmedzi\u0165 vystavenie cenov\u00fdm \u0161okom. Uviedla to predsedn\u00ed\u010dka Eur\u00f3pskej komisie Ursula von der Leyenov\u00e1 vo videopr\u00edhovore na energetickej konferencii ONS v n\u00f3rskom Stavangeri. E\u00da chce, aby elektrina do roku 2040 predstavovala 46 percent\u00a0kone\u010dnej spotreby energie.<\/p>\n<p>Von der Leyenov\u00e1 upozornila, \u017ee elektrina dnes tvor\u00ed menej ako \u0161tvrtinu kone\u010dnej spotreby energie v E\u00da. \u00dania preto pod\u013ea nej potrebuje zv\u00fd\u0161i\u0165 vyu\u017e\u00edvanie elektriny v doprave, vykurovan\u00ed a priemysle a z\u00e1rove\u0148 posil\u0148ova\u0165 v\u00fdrobu elektriny z dom\u00e1cich \u010dist\u00fdch zdrojov.<\/p>\n<p>Eur\u00f3pska komisia v tejto s\u00favislosti navrhla bal\u00edk opatren\u00ed pre elektriza\u010dn\u00e9 siete a minul\u00fd mesiac predstavila Ak\u010dn\u00fd pl\u00e1n elektrifik\u00e1cie. Cie\u013eom je pripravi\u0165 energetick\u00fa infra\u0161trukt\u00faru na rast\u00facu mieru elektrifik\u00e1cie hospod\u00e1rstva. Ak\u010dn\u00fd pl\u00e1n po\u010d\u00edta s t\u00fdm, \u017ee podiel elektriny na kone\u010dnej spotrebe energie dosiahne do roku 2040 \u00farove\u0148 46 percent.<\/p>\n<p>Predsedn\u00ed\u010dka Komisie pouk\u00e1zala aj na rast v\u00fdroby elektriny z \u010dist\u00fdch zdrojov. V minulom roku pod\u013ea nej poch\u00e1dzalo viac ako 70 percent\u00a0elektriny v E\u00da z \u010dist\u00fdch zdrojov a vetern\u00e9 a sol\u00e1rne elektr\u00e1rne prv\u00fdkr\u00e1t vyrobili viac elektriny ako v\u0161etky fos\u00edlne zdroje spolu.<\/p>\n<p>Von der Leyenov\u00e1 z\u00e1rove\u0148 ozna\u010dila pretrv\u00e1vaj\u00facu z\u00e1vislos\u0165 od fos\u00edlnych pal\u00edv za zdroj zranite\u013enosti Eur\u00f3py. Pripomenula energetick\u00e9 kr\u00edzy z posledn\u00fdch rokov a diverzifik\u00e1ciu dod\u00e1vok, pri ktorej zohralo v\u00fdznamn\u00fa \u00falohu N\u00f3rsko. Pod\u013ea nej koordinovan\u00fd postup eur\u00f3pskych kraj\u00edn a energetick\u00e9ho sektora pomohol zv\u00fd\u0161i\u0165 odolnos\u0165 energetick\u00e9ho syst\u00e9mu.<\/p>\n<p>                <a href=\"https:\/\/metzler.sk\" target=\"_blank\" rel=\"nofollow noopener\">&#13;<br \/>\n                            <img decoding=\"async\" src=\"https:\/\/www.europesays.com\/sk\/wp-content\/uploads\/2026\/08\/ep-banner-stopka.jpg\" style=\"margin: 1rem 0 2rem 0;\" alt=\"RKL METZLER\"\/>&#13;<br \/>\n                            <\/a><\/p>\n<p>Z\u00e1kaz kop\u00edrova\u0165 texty bez s\u00fahlasu Mayer Media,<br \/>vydavate\u013estvo ude\u013euje povolenie len na pou\u017eitie odkazu na origin\u00e1lny \u010dl\u00e1nok.<\/p>\n<p>DISKUTUJ\u00daCIM: Zapoji\u0165 sa do diskusie m\u00f4\u017eete len po registr\u00e1cii a prihl\u00e1sen\u00ed sa do svojho \u00fa\u010dtu.<\/p>\n<p>UPOZORNENIE: V\u00e1\u017een\u00ed diskutuj\u00faci, pod\u013ea platn\u00fdch z\u00e1konov Slovenskej republiky sme povinn\u00ed na po\u017eiadanie org\u00e1nov \u010dinn\u00fdch v trestnom konan\u00ed poskytn\u00fa\u0165 IP adresu, e-mail, va\u0161e pr\u00edspevky a pod. v pr\u00edpade, \u017ee tieto pr\u00edspevky v diskusnom f\u00f3re bud\u00fa poru\u0161ova\u0165 z\u00e1kon. V tejto s\u00favislosti v\u00e1s pros\u00edme, aby ste do diskusie na na\u0161ej str\u00e1nke nevkladali tak\u00e9 koment\u00e1re, ktor\u00e9 by mohli naplni\u0165 skutkov\u00fa podstatu niektor\u00e9ho z trestn\u00fdch \u010dinov uveden\u00fdch v Trestnom z\u00e1kone. Medzi tak\u00e9 pr\u00edspevky patria koment\u00e1re rasistick\u00e9, podnecuj\u00face k n\u00e1siliu alebo nen\u00e1visti na z\u00e1klade pohlavia, rasy, farby pleti, jazyka, viery a n\u00e1bo\u017eenstva, politick\u00e9ho \u010di in\u00e9ho zm\u00fd\u0161\u013eania, n\u00e1rodn\u00e9ho alebo soci\u00e1lneho p\u00f4vodu, pr\u00edslu\u0161nosti k n\u00e1rodnosti alebo k etnickej skupine a podobne. Za ka\u017ed\u00fd zverejnen\u00fd pr\u00edspevok nesie zodpovednos\u0165 diskutuj\u00faci, nie vydavate\u013e \u010di prev\u00e1dzkovate\u013e Extra plus.<\/p>\n","protected":false},"excerpt":{"rendered":"Eur\u00f3pska komisia v tejto s\u00favislosti navrhla bal\u00edk opatren\u00ed pre elektriza\u010dn\u00e9 siete a minul\u00fd mesiac predstavila Ak\u010dn\u00fd pl\u00e1n elektrifik\u00e1cie.&hellip;\n","protected":false},"author":2,"featured_media":160675,"comment_status":"","ping_status":"","sticky":false,"template":"","format":"standard","meta":{"footnotes":"","_share_on_mastodon":"0"},"categories":[3],"tags":[1285,66,57,56,55,1284,1283,46811,142,43,40,42,36,1282],"class_list":["post-160674","post","type-post","status-publish","format-standard","has-post-thumbnail","category-europa","tag-casopis","tag-ekonomika","tag-eu","tag-europa","tag-europe","tag-extra-plus","tag-hospodarstvo","tag-leyenova-vyzyva-eu-europa-musi-znizit-zavislost-od-fosilnych-paliv","tag-politika","tag-sk","tag-slovak","tag-slovencina","tag-spravy","tag-zahranicie"],"share_on_mastodon":{"url":"https:\/\/pubeurope.com\/@sk\/117155101835497820","error":""},"_links":{"self":[{"href":"https:\/\/www.europesays.com\/sk\/wp-json\/wp\/v2\/posts\/160674","targetHints":{"allow":["GET"]}}],"collection":[{"href":"https:\/\/www.europesays.com\/sk\/wp-json\/wp\/v2\/posts"}],"about":[{"href":"https:\/\/www.europesays.com\/sk\/wp-json\/wp\/v2\/types\/post"}],"author":[{"embeddable":true,"href":"https:\/\/www.europesays.com\/sk\/wp-json\/wp\/v2\/users\/2"}],"replies":[{"embeddable":true,"href":"https:\/\/www.europesays.com\/sk\/wp-json\/wp\/v2\/comments?post=160674"}],"version-history":[{"count":0,"href":"https:\/\/www.europesays.com\/sk\/wp-json\/wp\/v2\/posts\/160674\/revisions"}],"wp:featuredmedia":[{"embeddable":true,"href":"https:\/\/www.europesays.com\/sk\/wp-json\/wp\/v2\/media\/160675"}],"wp:attachment":[{"href":"https:\/\/www.europesays.com\/sk\/wp-json\/wp\/v2\/media?parent=160674"}],"wp:term":[{"taxonomy":"category","embeddable":true,"href":"https:\/\/www.europesays.com\/sk\/wp-json\/wp\/v2\/categories?post=160674"},{"taxonomy":"post_tag","embeddable":true,"href":"https:\/\/www.europesays.com\/sk\/wp-json\/wp\/v2\/tags?post=160674"}],"curies":[{"name":"wp","href":"https:\/\/api.w.org\/{rel}","templated":true}]}}