{"id":161748,"date":"2026-08-26T10:00:10","date_gmt":"2026-08-26T10:00:10","guid":{"rendered":"https:\/\/www.europesays.com\/sk\/161748\/"},"modified":"2026-08-26T10:00:10","modified_gmt":"2026-08-26T10:00:10","slug":"pre-nehodu-na-d1-pred-bratislavou-sa-tvoria-na-dialnici-kolony","status":"publish","type":"post","link":"https:\/\/www.europesays.com\/sk\/161748\/","title":{"rendered":"Pre nehodu na D1 pred Bratislavou sa tvoria na dia\u013enici kol\u00f3ny"},"content":{"rendered":"<p>\u010cATAJ &#8211; Pre dopravn\u00fa nehodu na dia\u013enici D1 pri odpo\u010d\u00edvadle \u010cataj sa smerom do Bratislavy tvoria v stredu r\u00e1no kol\u00f3ny. Vodi\u010di by sa mali pripravi\u0165 na zdr\u017eanie pribli\u017ene 30 min\u00fat. Na soci\u00e1lnej sieti o tom informovala Zelen\u00e1 vlna STVR.<\/p>\n<p>Ako dopravn\u00fd servis pribl\u00ed\u017eil, udalos\u0165 sa stala v pracovisku cest\u00e1rov. Osobn\u00e9 auto narazilo do zvodidiel.<\/p>\n","protected":false},"excerpt":{"rendered":"\u010cATAJ &#8211; Pre dopravn\u00fa nehodu na dia\u013enici D1 pri odpo\u010d\u00edvadle \u010cataj sa smerom do Bratislavy tvoria v stredu&hellip;\n","protected":false},"author":2,"featured_media":161749,"comment_status":"","ping_status":"","sticky":false,"template":"","format":"standard","meta":{"footnotes":"","_share_on_mastodon":"0"},"categories":[6],"tags":[5797,2517,535,43,40,44,39,42,45,41],"class_list":["post-161748","post","type-post","status-publish","format-standard","has-post-thumbnail","category-slovensko","tag-d1","tag-kolony","tag-nehoda","tag-sk","tag-slovak","tag-slovak-republic","tag-slovakia","tag-slovencina","tag-slovenska-republika","tag-slovensko"],"share_on_mastodon":{"url":"https:\/\/pubeurope.com\/@sk\/117161232461243243","error":""},"_links":{"self":[{"href":"https:\/\/www.europesays.com\/sk\/wp-json\/wp\/v2\/posts\/161748","targetHints":{"allow":["GET"]}}],"collection":[{"href":"https:\/\/www.europesays.com\/sk\/wp-json\/wp\/v2\/posts"}],"about":[{"href":"https:\/\/www.europesays.com\/sk\/wp-json\/wp\/v2\/types\/post"}],"author":[{"embeddable":true,"href":"https:\/\/www.europesays.com\/sk\/wp-json\/wp\/v2\/users\/2"}],"replies":[{"embeddable":true,"href":"https:\/\/www.europesays.com\/sk\/wp-json\/wp\/v2\/comments?post=161748"}],"version-history":[{"count":0,"href":"https:\/\/www.europesays.com\/sk\/wp-json\/wp\/v2\/posts\/161748\/revisions"}],"wp:featuredmedia":[{"embeddable":true,"href":"https:\/\/www.europesays.com\/sk\/wp-json\/wp\/v2\/media\/161749"}],"wp:attachment":[{"href":"https:\/\/www.europesays.com\/sk\/wp-json\/wp\/v2\/media?parent=161748"}],"wp:term":[{"taxonomy":"category","embeddable":true,"href":"https:\/\/www.europesays.com\/sk\/wp-json\/wp\/v2\/categories?post=161748"},{"taxonomy":"post_tag","embeddable":true,"href":"https:\/\/www.europesays.com\/sk\/wp-json\/wp\/v2\/tags?post=161748"}],"curies":[{"name":"wp","href":"https:\/\/api.w.org\/{rel}","templated":true}]}}