{"id":161792,"date":"2026-08-26T10:43:11","date_gmt":"2026-08-26T10:43:11","guid":{"rendered":"https:\/\/www.europesays.com\/sk\/161792\/"},"modified":"2026-08-26T10:43:11","modified_gmt":"2026-08-26T10:43:11","slug":"slovaci-boli-z-cien-v-jednej-z-bulharskych-kaviarni-viac-ako-zaskoceni","status":"publish","type":"post","link":"https:\/\/www.europesays.com\/sk\/161792\/","title":{"rendered":"Slov\u00e1ci boli z cien v jednej z bulharsk\u00fdch kaviarn\u00ed viac ako zasko\u010den\u00ed"},"content":{"rendered":"<p>Turistov nemilo prekvapili luxusn\u00e9 ceny v jednej z kaviarn\u00ed.\t\t\t\t\t\t(Zdroj: Facebook\/Nek\u0155mte n\u00e1s odpadom)\t\t\t\t\t<\/p>\n<p>NESEBAR \u2013 Dlh\u00e9 roky patrilo Bulharsko medzi najob\u013e\u00fabenej\u0161ie a najm\u00e4 cenovo dostupn\u00e9 dovolenkov\u00e9 destin\u00e1cie Slov\u00e1kov. \u010casy, ke\u010f sa dalo pri \u010ciernom mori dovolenkova\u0165 v\u00fdrazne lacnej\u0161ie ako v in\u00fdch pr\u00edmorsk\u00fdch krajin\u00e1ch, s\u00fa v\u0161ak pod\u013ea niektor\u00fdch turistov zrejme nen\u00e1vratne pre\u010d. Slovensk\u00fd dovolenk\u00e1r sa po n\u00e1v\u0161teve kaviarne v Nessebare nesta\u010dil \u010dudova\u0165 cen\u00e1m. Krajina pritom len ned\u00e1vno prijala euro.<\/p>\n<p>Na str\u00e1nke Nek\u0155mte n\u00e1s odpadom, kde sa pravidelne objavuj\u00fa kritick\u00e9 postrehy Slov\u00e1kov z be\u017en\u00e9ho \u017eivota, sa tentoraz objavila \u010derstv\u00e1 sk\u00fasenos\u0165 rodiny, ktor\u00e1 vyrazila na dovolenku do Bulharska. Turista priznal, \u017ee e\u0161te st\u00e1le veril star\u00e9mu obrazu tejto krajiny ako lacnej alternat\u00edvy k in\u00fdm pr\u00edmorsk\u00fdm destin\u00e1ci\u00e1m. Realita ho v\u0161ak pod\u013ea vlastn\u00fdch slov poriadne prefackala.<\/p>\n<p>&#8222;Vybrali sme sa s rodinou do Bulharska (do Nessebaru). Asi som bol zjavne naivn\u00fd, ke\u010f som st\u00e1le \u017eil v tom starom m\u00fdte, \u017ee Bulharsko je lacn\u00e1 destin\u00e1cia pre Slov\u00e1kov, kde \u010dlovek za posedenie nenech\u00e1 cel\u00fa pe\u0148a\u017eenku,&#8220; nap\u00edsal nespokojn\u00fd dovolenk\u00e1r.<\/p>\n<p>\t<a href=\"https:\/\/www.topky.sk\/gl\/9601393\/6576693\/Slovaci-prezili-v-Bulharsku-hotovy-balkansky-HOROR--Zastrcena-kaviarnicka--ale-pozrite-na-tie-luxusne-CENY-\" rel=\"nofollow noopener\" target=\"_blank\"><br \/>\n\t\t<img decoding=\"async\" alt=\"Slov\u00e1ci pre\u017eili v Bulharsku\" aria-describedby=\"img-res-6576693\" class=\"\" height=\"2842\" id=\"6576693\" loading=\"lazy\" onerror=\"imgArticleLoadErr(this)\" src=\"https:\/\/www.europesays.com\/sk\/wp-content\/uploads\/2026\/08\/ceny-Bulharsko.jpg\" style=\"aspect-ratio:0.563\" title=\"Slov\u00e1ci pre\u017eili v Bulharsku\" width=\"1600\"\/>\t\t\t<\/p>\n<p>\n\t\t\t\tZobrazi\u0165 gal\u00e9riu (3)\t\t\t<\/p>\n<p>\t<\/a><\/p>\n<p>\t\u00a0(Zdroj: Facebook\/Nek\u0155mte n\u00e1s odpadom)<\/p>\n<p>Ceny ako vo Viedni \u010di Par\u00ed\u017ei?<\/p>\n<p>Rodina pod\u013ea jeho slov narazila na \u00faplne oby\u010dajn\u00fa kaviare\u0148 pri hoteli. Ne\u0161lo vraj o luxusn\u00fd podnik ani o n\u00f3bl rezort, napriek tomu ho cenn\u00edk poriadne zasko\u010dil. Za mal\u00e9 espresso s objemom 30 mililitrov si tam p\u00fdtali 3 eur\u00e1, cappuccino st\u00e1lo 5 eur a latte dokonca 6 eur. \u00cdrska k\u00e1va vy\u0161la a\u017e na 8 eur.<\/p>\n<p>&#8222;Narazili sme na \u00faplne oby\u010dajn\u00fa kaviare\u0148 pri hoteli. \u017diadny luxusn\u00fd rezort, \u017eiadny n\u00f3bl podnik. Ke\u010f som pozrel na tie sumy, skoro mi zabehlo a musel som si pretrie\u0165 o\u010di, \u010di dobre vid\u00edm!&#8220; uviedol.<\/p>\n<p>\t<a href=\"https:\/\/www.topky.sk\/gl\/9601393\/6576691\/Slovaci-prezili-v-Bulharsku-hotovy-balkansky-HOROR--Zastrcena-kaviarnicka--ale-pozrite-na-tie-luxusne-CENY-\" rel=\"nofollow noopener\" target=\"_blank\"><br \/>\n\t\t<img decoding=\"async\" alt=\"Slov\u00e1ci pre\u017eili v Bulharsku\" aria-describedby=\"img-res-6576691\" class=\"\" height=\"1026\" id=\"6576691\" loading=\"lazy\" onerror=\"imgArticleLoadErr(this)\" src=\"https:\/\/www.europesays.com\/sk\/wp-content\/uploads\/2026\/08\/kaviaren-turisti-Bulharsko.jpg\" style=\"aspect-ratio:1.559\" title=\"Slov\u00e1ci pre\u017eili v Bulharsku\" width=\"1600\"\/>\t\t\t<\/p>\n<p>\n\t\t\t\tZobrazi\u0165 gal\u00e9riu (3)\t\t\t<\/p>\n<p>\t<\/a><\/p>\n<p>\t\u00a0(Zdroj: TASR\/AP Photo\/Valentina Petrova)<\/p>\n<p>Ceny n\u00e1sledne prirovnal k v\u00fdrazne drah\u0161\u00edm eur\u00f3pskym metropol\u00e1m. &#8222;To u\u017e naozaj v\u0161etk\u00fdm kompletne presko\u010dilo? Ch\u00e1pem, \u017ee infl\u00e1cia zasiahla v\u0161etko a je to turistick\u00e9 meste\u010dko, ale toto s\u00fa ceny ako na n\u00e1mest\u00ed v centre Viedne, v Par\u00ed\u017ei alebo na letisku, a nie na Balk\u00e1ne!&#8220; rozhor\u010doval sa.<\/p>\n<p>Pod\u013ea neho m\u00f4\u017ee rodina za nieko\u013eko k\u00e1v a drobnos\u0165 min\u00fa\u0165 takmer 20 eur. &#8222;Za tri k\u00e1vy pre rodinu a nejak\u00fa drobnos\u0165 tam \u010dlovek nech\u00e1 pomaly dvacku a ani nevie ako. Pre porovnanie, za tie ist\u00e9 peniaze sa doma na Slovensku v mnoh\u00fdch mest\u00e1ch st\u00e1le e\u0161te slu\u0161ne naobedujete,&#8220; dodal.<\/p>\n<p>Lacn\u00e1 alternat\u00edva k Chorv\u00e1tsku? U\u017e zrejme nie pre ka\u017ed\u00e9ho<\/p>\n<p>Nespokojn\u00fd turista napokon spochybnil aj tradi\u010dn\u00e9 vn\u00edmanie Bulharska ako lacnej\u0161ej alternat\u00edvy k Chorv\u00e1tsku. &#8222;Ak toto m\u00e1 by\u0165 t\u00e1 lacn\u00e1 alternat\u00edva k Chorv\u00e1tsku, tak dovidenia,&#8220; odk\u00e1zal a ostatn\u00fdch Slov\u00e1kov sa op\u00fdtal, \u010di maj\u00fa z tohtoro\u010dnej dovolenky podobn\u00fa sk\u00fasenos\u0165.<\/p>\n<p>Jeho rozhor\u010denie prich\u00e1dza v obdob\u00ed, ke\u010f Bulharsko u\u017e pou\u017e\u00edva spolo\u010dn\u00fa eur\u00f3psku menu. Krajina prijala euro 1. janu\u00e1ra 2026 a stala sa 21. \u010dlenom euroz\u00f3ny. Prechod na nov\u00fa menu pritom sprev\u00e1dzalo aj povinn\u00e9 du\u00e1lne zobrazovanie cien v leva a eur\u00e1ch, ktor\u00e9 trvalo do 8. augusta 2026.<\/p>\n<p>Ot\u00e1zne v\u0161ak zost\u00e1va, \u010di i\u0161lo v pr\u00edpade slovenskej rodiny o be\u017en\u00e9 ceny v turistickom Nessebare, alebo sk\u00f4r o podnik zameran\u00fd na n\u00e1v\u0161tevn\u00edkov, kde si za pohodlie pri mori nech\u00e1vaj\u00fa priplati\u0165. Tieto podniky s\u00fa \u010dasto v angli\u010dtine naz\u00fdvan\u00e9 aj ako &#8222;tourist traps&#8220; (pasce na turistov, pozn. red.).<\/p>\n","protected":false},"excerpt":{"rendered":"Turistov nemilo prekvapili luxusn\u00e9 ceny v jednej z kaviarn\u00ed. (Zdroj: Facebook\/Nek\u0155mte n\u00e1s odpadom) NESEBAR \u2013 Dlh\u00e9 roky patrilo&hellip;\n","protected":false},"author":2,"featured_media":161793,"comment_status":"","ping_status":"","sticky":false,"template":"","format":"standard","meta":{"footnotes":"","_share_on_mastodon":"0"},"categories":[32],"tags":[3405,735,34,37,5106,33,43,536,40,39,42,41,36,16411,38,35,4100],"class_list":["post-161792","post","type-post","status-publish","format-standard","has-post-thumbnail","category-spravy","tag-bulharsko","tag-ceny","tag-headlines","tag-hlavne-spravy","tag-kaviaren","tag-news","tag-sk","tag-slovaci","tag-slovak","tag-slovakia","tag-slovencina","tag-slovensko","tag-spravy","tag-staznost","tag-titulky","tag-top-stories","tag-turisti"],"share_on_mastodon":{"url":"https:\/\/pubeurope.com\/@sk\/117161401146078880","error":""},"_links":{"self":[{"href":"https:\/\/www.europesays.com\/sk\/wp-json\/wp\/v2\/posts\/161792","targetHints":{"allow":["GET"]}}],"collection":[{"href":"https:\/\/www.europesays.com\/sk\/wp-json\/wp\/v2\/posts"}],"about":[{"href":"https:\/\/www.europesays.com\/sk\/wp-json\/wp\/v2\/types\/post"}],"author":[{"embeddable":true,"href":"https:\/\/www.europesays.com\/sk\/wp-json\/wp\/v2\/users\/2"}],"replies":[{"embeddable":true,"href":"https:\/\/www.europesays.com\/sk\/wp-json\/wp\/v2\/comments?post=161792"}],"version-history":[{"count":0,"href":"https:\/\/www.europesays.com\/sk\/wp-json\/wp\/v2\/posts\/161792\/revisions"}],"wp:featuredmedia":[{"embeddable":true,"href":"https:\/\/www.europesays.com\/sk\/wp-json\/wp\/v2\/media\/161793"}],"wp:attachment":[{"href":"https:\/\/www.europesays.com\/sk\/wp-json\/wp\/v2\/media?parent=161792"}],"wp:term":[{"taxonomy":"category","embeddable":true,"href":"https:\/\/www.europesays.com\/sk\/wp-json\/wp\/v2\/categories?post=161792"},{"taxonomy":"post_tag","embeddable":true,"href":"https:\/\/www.europesays.com\/sk\/wp-json\/wp\/v2\/tags?post=161792"}],"curies":[{"name":"wp","href":"https:\/\/api.w.org\/{rel}","templated":true}]}}