{"id":162074,"date":"2026-08-26T15:39:10","date_gmt":"2026-08-26T15:39:10","guid":{"rendered":"https:\/\/www.europesays.com\/sk\/162074\/"},"modified":"2026-08-26T15:39:10","modified_gmt":"2026-08-26T15:39:10","slug":"vlakova-patrola-bude-sucastou-dod-v-prezidentskom-palaci-v-bratislave","status":"publish","type":"post","link":"https:\/\/www.europesays.com\/sk\/162074\/","title":{"rendered":"Vlakov\u00e1 patrola bude s\u00fa\u010das\u0165ou DOD v Prezidentskom pal\u00e1ci v Bratislave"},"content":{"rendered":"<p>Bratislava 26. augusta (TASR) &#8211; \u017delezni\u010dn\u00e1 spolo\u010dnos\u0165 Slovensko (ZSSK) bude aj tento rok s\u00fa\u010das\u0165ou D\u0148a otvoren\u00fdch dver\u00ed (DOD) v Prezidentskom pal\u00e1ci v Bratislave. V nede\u013eu (30. 8.) od 9.30 do 17.30 h sa v r\u00e1mci podujatia predstavia de\u0165om \u0161tyria hrdinovia Vlakovej patroly ZSSK. TASR o tom informoval hovorca ZSSK J\u00e1n Ba\u010dek.<\/p>\n<p>Hrdinovia vlakovej patroly n\u00e1v\u0161tevn\u00edkom hravou formou pribl\u00ed\u017eia cestovanie vlakom, z\u00e1sady bezpe\u010dn\u00e9ho a slu\u0161n\u00e9ho spr\u00e1vania aj tradi\u010dn\u00e9 \u017eelezni\u010diarske povolania. Projekt Vlakov\u00e1 patrola ZSSK u\u010d\u00ed deti z\u00e1bavn\u00fdm a zrozumite\u013en\u00fdm sp\u00f4sobom, ako sa vo vlaku spr\u00e1va\u0165 bezpe\u010dne, slu\u0161ne a zodpovedne a z\u00e1rove\u0148 im pribli\u017euje \u013eud\u00ed, ktor\u00ed ka\u017ed\u00fd de\u0148 zabezpe\u010duj\u00fa \u017eelezni\u010dn\u00fa dopravu.<\/p>\n<p>De\u0148 otvoren\u00fdch dver\u00ed pon\u00fakne program pre cel\u00e9 rodiny. N\u00e1v\u0161tevn\u00edci bud\u00fa m\u00f4c\u0165 nazrie\u0165 do reprezentat\u00edvnych priestorov Prezidentsk\u00e9ho pal\u00e1ca, Bratislavsk\u00e9ho hradu aj N\u00e1rodnej rady SR a po\u010das d\u0148a ich \u010dakaj\u00fa vyst\u00fapenia a aktivity pre r\u00f4zne vekov\u00e9 kateg\u00f3rie.<\/p>\n","protected":false},"excerpt":{"rendered":"Bratislava 26. augusta (TASR) &#8211; \u017delezni\u010dn\u00e1 spolo\u010dnos\u0165 Slovensko (ZSSK) bude aj tento rok s\u00fa\u010das\u0165ou D\u0148a otvoren\u00fdch dver\u00ed (DOD)&hellip;\n","protected":false},"author":2,"featured_media":162075,"comment_status":"","ping_status":"","sticky":false,"template":"","format":"standard","meta":{"footnotes":"","_share_on_mastodon":"0"},"categories":[21],"tags":[136,32239,47030,21532,43,40,39,42,41,47029,464],"class_list":["post-162074","post","type-post","status-publish","format-standard","has-post-thumbnail","category-bratislava","tag-bratislava","tag-dod","tag-patrola","tag-prezidentsky-palac","tag-sk","tag-slovak","tag-slovakia","tag-slovencina","tag-slovensko","tag-vlakova","tag-zssk"],"share_on_mastodon":{"url":"https:\/\/pubeurope.com\/@sk\/117162565093823207","error":""},"_links":{"self":[{"href":"https:\/\/www.europesays.com\/sk\/wp-json\/wp\/v2\/posts\/162074","targetHints":{"allow":["GET"]}}],"collection":[{"href":"https:\/\/www.europesays.com\/sk\/wp-json\/wp\/v2\/posts"}],"about":[{"href":"https:\/\/www.europesays.com\/sk\/wp-json\/wp\/v2\/types\/post"}],"author":[{"embeddable":true,"href":"https:\/\/www.europesays.com\/sk\/wp-json\/wp\/v2\/users\/2"}],"replies":[{"embeddable":true,"href":"https:\/\/www.europesays.com\/sk\/wp-json\/wp\/v2\/comments?post=162074"}],"version-history":[{"count":0,"href":"https:\/\/www.europesays.com\/sk\/wp-json\/wp\/v2\/posts\/162074\/revisions"}],"wp:featuredmedia":[{"embeddable":true,"href":"https:\/\/www.europesays.com\/sk\/wp-json\/wp\/v2\/media\/162075"}],"wp:attachment":[{"href":"https:\/\/www.europesays.com\/sk\/wp-json\/wp\/v2\/media?parent=162074"}],"wp:term":[{"taxonomy":"category","embeddable":true,"href":"https:\/\/www.europesays.com\/sk\/wp-json\/wp\/v2\/categories?post=162074"},{"taxonomy":"post_tag","embeddable":true,"href":"https:\/\/www.europesays.com\/sk\/wp-json\/wp\/v2\/tags?post=162074"}],"curies":[{"name":"wp","href":"https:\/\/api.w.org\/{rel}","templated":true}]}}