{"id":162270,"date":"2026-08-26T19:02:10","date_gmt":"2026-08-26T19:02:10","guid":{"rendered":"https:\/\/www.europesays.com\/sk\/162270\/"},"modified":"2026-08-26T19:02:10","modified_gmt":"2026-08-26T19:02:10","slug":"liga-majstrov-uefa-zaviedla-pravidlo-ktore-zamedzi-suboju-gigantov","status":"publish","type":"post","link":"https:\/\/www.europesays.com\/sk\/162270\/","title":{"rendered":"Liga majstrov \/ UEFA zaviedla pravidlo, ktor\u00e9 zamedz\u00ed s\u00faboju gigantov"},"content":{"rendered":"<p>Nov\u00e9 pravidlo UEFA pre tohtoro\u010dn\u00fa Ligu majstrov zabr\u00e1ni Liverpoolu hosti\u0165 Real Madrid na Anfielde, ak \u017ereb op\u00e4\u0165 spoj\u00ed t\u00fdchto dvoch eur\u00f3pskych gigantov. Rovnak\u00e9 obmedzenie plat\u00ed aj pre potenci\u00e1lny z\u00e1pas Interu Mil\u00e1no s Arsenalom na \u0161tadi\u00f3ne Giuseppeho Meazzu.<\/p>\n<p>T\u00e1to podmienka vypl\u00fdva zo \u017erebu ligovej f\u00e1zy s\u00fa\u0165a\u017ee, ktor\u00fd sa uskuto\u010dn\u00ed vo \u0161tvrtok a z\u00fa\u010dastn\u00ed sa ho 36 t\u00edmov, vr\u00e1tane vy\u0161\u0161ie uveden\u00fdch klubov, pri\u010dom v\u0161etky s\u00fa v prvom ko\u0161i s\u00fa\u0165a\u017ee.<\/p>\n<p>Nov\u00e9 pravidlo, ktor\u00e9 vstupuje do platnosti v tejto sez\u00f3ne, stanovuje, \u017ee t\u00edm nem\u00f4\u017ee hosti\u0165 s\u00fapera, s ktor\u00fdm sa u\u017e stretol na svojom \u0161tadi\u00f3ne v predch\u00e1dzaj\u00facich dvoch sez\u00f3nach ligovej f\u00e1zy. Cie\u013eom je zabr\u00e1ni\u0165 tomu, aby sa rovnak\u00fd s\u00faboj s rovnak\u00fdm hostite\u013eom opakoval tri sez\u00f3ny po sebe.<\/p>\n<p>Pripome\u0148me, \u017ee form\u00e1t ligovej f\u00e1zy bol zaveden\u00fd v sez\u00f3ne 2024\/25. V tomto modeli odohr\u00e1 ka\u017ed\u00fd t\u00edm osem z\u00e1pasov proti \u00f4smim r\u00f4znym s\u00faperom, pri\u010dom dvaja s\u00fa z ka\u017ed\u00e9ho zo \u0161tyroch ko\u0161ov, s jedn\u00fdm dom\u00e1cim a jedn\u00fdm vonkaj\u0161\u00edm z\u00e1pasom proti t\u00edmom z ka\u017ed\u00e9ho ko\u0161a.<\/p>\n<p>Pred \u0161tvrtkov\u00fdm \u017erebom sp\u013a\u0148aj\u00fa krit\u00e9ri\u00e1 nov\u00e9ho pravidla len dva scen\u00e1re. Prv\u00fdm je Liverpool \u2013 Real Madrid, ke\u010f\u017ee \u201eThe Reds\u201c hostili a porazili \u0160panielov na Anfielde v sez\u00f3nach 2024\/25 (2:0) a 2025\/26 (1:0).<\/p>\n<p>Druh\u00fd pr\u00edpad zah\u0155\u0148a Inter Mil\u00e1no a Arsenal. V posledn\u00fdch dvoch sez\u00f3nach hostili Taliani \u201eGunners\u201c v Mil\u00e1ne, pri\u010dom pred dvoma sez\u00f3nami zv\u00ed\u0165azili 1:0 a v minulej sez\u00f3ne prehrali 1:3, v kampani, ktor\u00e1 priviedla Arsenal do ich prv\u00e9ho fin\u00e1le Ligy majstrov po 20 rokoch, ktor\u00e9 prehrali s PSG.<\/p>\n<p>UEFA zaru\u010duje, \u017ee ak \u017ereb spoj\u00ed tieto t\u00edmy, duely sa uskuto\u010dnia na Santiago Bernab\u00e9u a Emirates Stadium. Pravidlo, ako je podrobne uveden\u00e9 v odseku 16.03 predpisov, nezakazuje t\u00edmom stret\u00e1va\u0165 sa tri roky po sebe, iba br\u00e1ni tomu, aby bol hostite\u013e rovnak\u00fd tri po sebe id\u00face sez\u00f3ny v ligovej f\u00e1ze.<\/p>\n","protected":false},"excerpt":{"rendered":"Nov\u00e9 pravidlo UEFA pre tohtoro\u010dn\u00fa Ligu majstrov zabr\u00e1ni Liverpoolu hosti\u0165 Real Madrid na Anfielde, ak \u017ereb op\u00e4\u0165 spoj\u00ed&hellip;\n","protected":false},"author":2,"featured_media":162271,"comment_status":"","ping_status":"","sticky":false,"template":"","format":"standard","meta":{"footnotes":"","_share_on_mastodon":"0"},"categories":[13],"tags":[4689,905,2669,8054,2922,2317,43,40,39,42,41,69,68],"class_list":["post-162270","post","type-post","status-publish","format-standard","has-post-thumbnail","category-sport","tag-arsenal-fc","tag-bistro","tag-inter-milano","tag-liga-majstrov-uefa","tag-liverpool-fc","tag-real-madrid-cf","tag-sk","tag-slovak","tag-slovakia","tag-slovencina","tag-slovensko","tag-sport","tag-sports"],"share_on_mastodon":{"url":"https:\/\/pubeurope.com\/@sk\/117163363085574916","error":""},"_links":{"self":[{"href":"https:\/\/www.europesays.com\/sk\/wp-json\/wp\/v2\/posts\/162270","targetHints":{"allow":["GET"]}}],"collection":[{"href":"https:\/\/www.europesays.com\/sk\/wp-json\/wp\/v2\/posts"}],"about":[{"href":"https:\/\/www.europesays.com\/sk\/wp-json\/wp\/v2\/types\/post"}],"author":[{"embeddable":true,"href":"https:\/\/www.europesays.com\/sk\/wp-json\/wp\/v2\/users\/2"}],"replies":[{"embeddable":true,"href":"https:\/\/www.europesays.com\/sk\/wp-json\/wp\/v2\/comments?post=162270"}],"version-history":[{"count":0,"href":"https:\/\/www.europesays.com\/sk\/wp-json\/wp\/v2\/posts\/162270\/revisions"}],"wp:featuredmedia":[{"embeddable":true,"href":"https:\/\/www.europesays.com\/sk\/wp-json\/wp\/v2\/media\/162271"}],"wp:attachment":[{"href":"https:\/\/www.europesays.com\/sk\/wp-json\/wp\/v2\/media?parent=162270"}],"wp:term":[{"taxonomy":"category","embeddable":true,"href":"https:\/\/www.europesays.com\/sk\/wp-json\/wp\/v2\/categories?post=162270"},{"taxonomy":"post_tag","embeddable":true,"href":"https:\/\/www.europesays.com\/sk\/wp-json\/wp\/v2\/tags?post=162270"}],"curies":[{"name":"wp","href":"https:\/\/api.w.org\/{rel}","templated":true}]}}