{"id":162859,"date":"2026-08-27T10:47:13","date_gmt":"2026-08-27T10:47:13","guid":{"rendered":"https:\/\/www.europesays.com\/sk\/162859\/"},"modified":"2026-08-27T10:47:13","modified_gmt":"2026-08-27T10:47:13","slug":"pamatnik-museli-odstranit-lebo-vyzeral-ako-okridleny-penis","status":"publish","type":"post","link":"https:\/\/www.europesays.com\/sk\/162859\/","title":{"rendered":"Pam\u00e4tn\u00edk museli odstr\u00e1ni\u0165, lebo vyzeral ako okr\u00eddlen\u00fd penis"},"content":{"rendered":"<p>Pam\u00e4tn\u00edk, ktor\u00fd pripom\u00ednal okr\u00eddlen\u00e9 prirodzenie, museli z miesta odstr\u00e1ni\u0165.\t\t\t\t\t\t(Zdroj: gettyimages.com, X\/Szabolcs Panyi)\t\t\t\t\t<\/p>\n<p>DEVECSER &#8211; V ma\u010farskom meste Devecser chceli origin\u00e1lnym sp\u00f4sobom pripomen\u00fa\u0165 500. v\u00fdro\u010die bitky pri Moh\u00e1\u010di. P\u00e4\u0165metrov\u00fd dreven\u00fd pam\u00e4tn\u00edk mal symbolizova\u0165 vt\u00e1ka v bojovej v\u00fdstroji, ktor\u00fd vzlieta k nebu. Internet a n\u00e1v\u0161tevn\u00edci v\u0161ak v monumente uvideli nie\u010do \u00faplne in\u00e9. Nezvy\u010dajn\u00e1 socha sa okam\u017eite stala ter\u010dom posmechu a napokon z miesta zmizla.<\/p>\n<p>Na tento &#8222;\u00fakaz&#8220; upozornil na soci\u00e1lnej sieti aj popul\u00e1rny ma\u010farsk\u00fd novin\u00e1r Szabolcs Panyi.<\/p>\n<p>Pam\u00e4tn\u00edka sa zbavili r\u00fdchlo, vtipne poznamenal novin\u00e1r<\/p>\n<p>&#8222;Bitka pri Moh\u00e1\u010di v roku 1526 bola rozhodn\u00fdm osmansk\u00fdm v\u00ed\u0165azstvom, ktor\u00e9 viedlo k z\u00e1niku stredovek\u00e9ho Uhorsk\u00e9ho kr\u00e1\u013eovstva. Ku 500. v\u00fdro\u010diu vyu\u017eil podstarosta mesta Devecser umel\u00fa inteligenciu na navrhnutie pam\u00e4tn\u00edka, dal ho postavi\u0165 a po\u017eehna\u0165 k\u0148azom.\u00a0Odstr\u00e1nili ho ve\u013emi r\u00fdchlo,&#8220; poznamenal novin\u00e1r Panyi.<\/p>\n<p>&#13;<\/p>\n<p dir=\"ltr\" lang=\"en\">The 1526 Battle of Moh\u00e1cs was a decisive Ottoman victory that led to the collapse of the medieval Kingdom of Hungary. For its 500th anniversary, the city of Devecser\u2019s vice-mayor used AI to design a monument, had it erected, and blessed by a priest.<\/p>\n<p>It was removed very quickly. <a href=\"https:\/\/t.co\/WIu4AAxDML\" rel=\"nofollow\">pic.twitter.com\/WIu4AAxDML<\/a><\/p>\n<p>&#13;<br \/>\n\u2014 Szabolcs Panyi (@panyiszabolcs) <a href=\"https:\/\/x.com\/panyiszabolcs\/status\/2092522059070902630?ref_src=twsrc%5Etfw\" rel=\"nofollow\">August 26, 2026<\/a><\/p>\n<p>Na kontroverzn\u00fd pam\u00e4tn\u00edk upozornil 21. augusta <a href=\"https:\/\/444.hu\/2026\/08\/21\/az-orszag-legfaszabb-emlekmuvet-avattak-fel-devecseren\" target=\"_blank\" rel=\"nofollow noopener\">ma\u010farsk\u00fd port\u00e1l 444<\/a>. Dreven\u00e1 socha vznikla v meste Devecser pri pr\u00edle\u017eitosti 500. v\u00fdro\u010dia bitky pri Moh\u00e1\u010di, ktor\u00e1 sa zap\u00edsala medzi najtragickej\u0161ie udalosti ma\u010farsk\u00fdch dej\u00edn.<\/p>\n<p>Chceli vt\u00e1ka, \u013eudia ho aj dostali &#8230; ale v inej, prenesenej podobe<\/p>\n<p>Autori pam\u00e4tn\u00edka mali jasn\u00fa predstavu. Monument mal zn\u00e1zor\u0148ova\u0165 vt\u00e1ka v bojovej v\u00fdstroji, ktor\u00fd sa vzn\u00e1\u0161a k oblohe. Na vrchole vysokej drevenej kon\u0161trukcie sa nach\u00e1dzala prilba a po jej stran\u00e1ch mali by\u0165 kr\u00eddla. Ke\u010f v\u0161ak sochu osadili, verejnos\u0165 jej symboliku vn\u00edmala \u00faplne inak.<\/p>\n<p>Koment\u00e1re hovoria sam\u00e9 za seba.\u00a0P\u00e4\u0165metrov\u00fd dreven\u00fd v\u00fdtvor toti\u017e svoj\u00edm tvarom mnoh\u00fdm pripom\u00ednal mu\u017esk\u00fd pohlavn\u00fd org\u00e1n. Fotografie monumentu sa preto bleskovo za\u010dali \u0161\u00edri\u0165 po internete a rozp\u00fatali lav\u00ednu vtipov, koment\u00e1rov a posme\u0161kov.<\/p>\n<p>\t<a href=\"https:\/\/www.topky.sk\/gl\/9601737\/6578239\/TRAPAS-v-Madarsku--Pamatnik-museli-odstranit--Mala-to-byt-socha-vtaka--vysiel-z-toho-okridleny-pohlavny-ud\" rel=\"nofollow noopener\" target=\"_blank\"><br \/>\n\t\t<img decoding=\"async\" alt=\"TRAPAS v Ma\u010farsku! Pam\u00e4tn\u00edk\" aria-describedby=\"img-res-6578239\" class=\"\" height=\"1923\" id=\"6578239\" loading=\"lazy\" onerror=\"imgArticleLoadErr(this)\" src=\"https:\/\/www.europesays.com\/sk\/wp-content\/uploads\/2026\/08\/1787827633_122_komentare.jpg\" style=\"aspect-ratio:0.832\" title=\"TRAPAS v Ma\u010farsku! Pam\u00e4tn\u00edk\" width=\"1600\"\/>\t\t\t<\/p>\n<p>\n\t\t\t\tZobrazi\u0165 gal\u00e9riu (3)\t\t\t<\/p>\n<p>\t<\/a><\/p>\n<p>\t\u00a0(Zdroj: X)<\/p>\n<p>\t<a href=\"https:\/\/www.topky.sk\/gl\/9601737\/6578237\/TRAPAS-v-Madarsku--Pamatnik-museli-odstranit--Mala-to-byt-socha-vtaka--vysiel-z-toho-okridleny-pohlavny-ud\" rel=\"nofollow noopener\" target=\"_blank\"><br \/>\n\t\t<img decoding=\"async\" alt=\"TRAPAS v Ma\u010farsku! Pam\u00e4tn\u00edk\" aria-describedby=\"img-res-6578237\" class=\"\" height=\"1273\" id=\"6578237\" loading=\"lazy\" onerror=\"imgArticleLoadErr(this)\" src=\"https:\/\/www.europesays.com\/sk\/wp-content\/uploads\/2026\/08\/1787827633_107_komentare.jpg\" style=\"aspect-ratio:1.257\" title=\"TRAPAS v Ma\u010farsku! Pam\u00e4tn\u00edk\" width=\"1600\"\/>\t\t\t<\/p>\n<p>\n\t\t\t\tZobrazi\u0165 gal\u00e9riu (3)\t\t\t<\/p>\n<p>\t<\/a><\/p>\n<p>\t\u00a0(Zdroj: X)<\/p>\n<p>Z\u00e1ujem o sochu bol paradoxne obrovsk\u00fd a \u013eudia sa na \u0148u chodili osobne pozera\u0165. Publicita v\u0161ak zrejme nebola t\u00fdm, \u010do predstavitelia mesta p\u00f4vodne o\u010dak\u00e1vali. Pam\u00e4tn\u00edk je v\u0161ak u\u017e fu\u010d.<\/p>\n<p>Starosta sochu ani nevidel, bol na dovolenke<\/p>\n<p>Kuri\u00f3zne vysvetlenie poskytol starosta Devecseru G\u00e1bor Ferenczi. Ten spomenul, \u017ee po osaden\u00ed monument osobne v\u00f4bec nevidel, ke\u010f\u017ee sa v tom \u010dase nach\u00e1dzal na dovolenke. N\u00e1sledne pridal e\u0161te jeden ne\u010dakan\u00fd detail. &#8222;Navy\u0161e som mal z\u00e1pal spojiviek,&#8220;\u00a0povedal starosta.<\/p>\n<p>Pod\u013ea jeho slov z\u00e1stupky\u0148a prim\u00e1tora Hajnalka Ny\u00e1rs p\u00f4vodn\u00fd n\u00e1vrh sochy vytvorila s pomocou umelej inteligencie. N\u00e1vrh sa potom dostal k rezb\u00e1rovi, ktor\u00fd ho pretavil do podoby nieko\u013ekometrov\u00e9ho dreven\u00e9ho monumentu. Telev\u00edzia RTL uviedla, \u017ee autorom diela bol starosta ne\u010falekej obce Bodorfa.<\/p>\n<p>Cel\u00e1 kauza v\u0161ak mestu priniesla publicitu, ak\u00fa by mu pravdepodobne \u017eiadna be\u017en\u00e1 kampa\u0148 nedok\u00e1zala zabezpe\u010di\u0165. O nezvy\u010dajnom diele sa za\u010dalo hovori\u0165 nielen na internete a do Devecseru prich\u00e1dzali aj \u013eudia, ktor\u00ed si ho chceli pozrie\u0165 na vlastn\u00e9 o\u010di.<\/p>\n<p>\t\t\t<script async src=\"https:\/\/platform.twitter.com\/widgets.js\" charset=\"utf-8\"><\/script><\/p>\n","protected":false},"excerpt":{"rendered":"Pam\u00e4tn\u00edk, ktor\u00fd pripom\u00ednal okr\u00eddlen\u00e9 prirodzenie, museli z miesta odstr\u00e1ni\u0165. (Zdroj: gettyimages.com, X\/Szabolcs Panyi) DEVECSER &#8211; V ma\u010farskom meste&hellip;\n","protected":false},"author":2,"featured_media":162860,"comment_status":"","ping_status":"","sticky":false,"template":"","format":"standard","meta":{"footnotes":"","_share_on_mastodon":"0"},"categories":[8],"tags":[47155,47154,3469,33,11988,14942,43,40,42,36,50,234,1181,49,48],"class_list":["post-162859","post","type-post","status-publish","format-standard","has-post-thumbnail","category-svet","tag-bitka-pri-mohaci","tag-devecser","tag-kritika","tag-news","tag-pamatnik","tag-penis","tag-sk","tag-slovak","tag-slovencina","tag-spravy","tag-svet","tag-umela-inteligencia","tag-vyrocie","tag-world","tag-world-news"],"share_on_mastodon":{"url":"https:\/\/pubeurope.com\/@sk\/117167079334834262","error":""},"_links":{"self":[{"href":"https:\/\/www.europesays.com\/sk\/wp-json\/wp\/v2\/posts\/162859","targetHints":{"allow":["GET"]}}],"collection":[{"href":"https:\/\/www.europesays.com\/sk\/wp-json\/wp\/v2\/posts"}],"about":[{"href":"https:\/\/www.europesays.com\/sk\/wp-json\/wp\/v2\/types\/post"}],"author":[{"embeddable":true,"href":"https:\/\/www.europesays.com\/sk\/wp-json\/wp\/v2\/users\/2"}],"replies":[{"embeddable":true,"href":"https:\/\/www.europesays.com\/sk\/wp-json\/wp\/v2\/comments?post=162859"}],"version-history":[{"count":0,"href":"https:\/\/www.europesays.com\/sk\/wp-json\/wp\/v2\/posts\/162859\/revisions"}],"wp:featuredmedia":[{"embeddable":true,"href":"https:\/\/www.europesays.com\/sk\/wp-json\/wp\/v2\/media\/162860"}],"wp:attachment":[{"href":"https:\/\/www.europesays.com\/sk\/wp-json\/wp\/v2\/media?parent=162859"}],"wp:term":[{"taxonomy":"category","embeddable":true,"href":"https:\/\/www.europesays.com\/sk\/wp-json\/wp\/v2\/categories?post=162859"},{"taxonomy":"post_tag","embeddable":true,"href":"https:\/\/www.europesays.com\/sk\/wp-json\/wp\/v2\/tags?post=162859"}],"curies":[{"name":"wp","href":"https:\/\/api.w.org\/{rel}","templated":true}]}}