{"id":163009,"date":"2026-08-27T13:49:07","date_gmt":"2026-08-27T13:49:07","guid":{"rendered":"https:\/\/www.europesays.com\/sk\/163009\/"},"modified":"2026-08-27T13:49:07","modified_gmt":"2026-08-27T13:49:07","slug":"drama-vo-francuzskych-alpach-lanovka-narazila-do-zeriava-23-ludi-je-zranenych","status":"publish","type":"post","link":"https:\/\/www.europesays.com\/sk\/163009\/","title":{"rendered":"DR\u00c1MA vo franc\u00fazskych Alp\u00e1ch! Lanovka narazila do \u017eeriava, 23 \u013eud\u00ed je zranen\u00fdch"},"content":{"rendered":"<p>PAR\u00cd\u017d &#8211; Dramatick\u00e9 chv\u00edle za\u017eili pasa\u017eieri lanovky v zn\u00e1mom franc\u00fazskom stredisku Alpe d\u2019Huez. Kab\u00edna s pribli\u017ene 50 \u013eu\u010fmi narazila do ramena stavebn\u00e9ho \u017eeriava. Po nehode hl\u00e1sili 23 zranen\u00fdch, pri\u010dom traja utrpeli v\u00e1\u017ene zranenia.<\/p>\n<p>K ne\u0161\u0165astiu do\u0161lo v stredu (26. 8.) r\u00e1no v zn\u00e1mom alpskom stredisku Alpe d\u2019Huez. Kab\u00edna lanovky na trase Pic Blanc sa kr\u00e1tko po odchode zo stanice vo v\u00fd\u0161ke pribli\u017ene 2 700 metrov zrazila s ramenom n\u00e1kladn\u00e9ho \u017eeriava, ktor\u00fd sa nach\u00e1dzal na ne\u010falekom stavenisku. V kab\u00edne sa v tom \u010dase nach\u00e1dzalo pribli\u017ene 50 \u013eud\u00ed, p\u00ed\u0161e web <a href=\"https:\/\/today.rtl.lu\/news\/world\/french-alps-cable-car-accident-leaves-23-injured-289582071\" target=\"_blank\" rel=\"nofollow noopener\">RTL Today<\/a>.<\/p>\n<p>Pod\u013ea prefekt\u00fary Is\u00e8re utrpelo zranenia celkovo 23 \u013eud\u00ed. Traja boli vo v\u00e1\u017enom stave a \u010fal\u0161\u00edch 13 utrpelo zranenia, ktor\u00e9 si vy\u017eiadali lek\u00e1rske o\u0161etrenie. P\u00e4\u0165 \u013eud\u00ed previezli do nemocnice v Grenobli, medzi nimi aj tehotn\u00fa \u017eenu, ktor\u00fa tam transportovali na kontroln\u00e9 vy\u0161etrenia.<\/p>\n<p>\u013dudia si mysleli, \u017ee zomr\u00fa<\/p>\n<p>N\u00e1raz mal dramatick\u00fd priebeh. Kab\u00edna sa po kontakte so \u017eeriavom naklonila a \u013eudia vo vn\u00fatri sa za\u010dali \u0161m\u00fdka\u0165. Pod\u013ea starostu Alpe d\u2019Huez Jean-Yvesa Noyreyho boli pasa\u017eieri presved\u010den\u00ed, \u017ee im ide o \u017eivot.\u00a0\u201eMysleli si, \u017ee zomr\u00fa,\u201c povedal starosta pre agent\u00faru AFP. Z\u00e1rove\u0148 v\u0161ak vyzdvihol reakciu obsluhy lanovky, ktor\u00e1 pod\u013ea neho situ\u00e1ciu zvl\u00e1dla a c\u00favan\u00edm dok\u00e1zala kab\u00ednu op\u00e4\u0165 vyrovna\u0165.<\/p>\n<p>Starosta vysvetlil, \u017ee kab\u00edny lanoviek s\u00fa skon\u0161truovan\u00e9 tak, aby sa pri prudkom zabrzden\u00ed stabilizovali. V tomto pr\u00edpade v\u0161ak po n\u00e1raze do \u017eeriava do\u0161lo k v\u00fdrazn\u00e9mu nakloneniu kab\u00edny a pasa\u017eieri sa vo vn\u00fatri posunuli.<\/p>\n<p>Pod\u013ea starostu boli medzi zraneniami najm\u00e4 otras mozgu a \u010fal\u0161ie n\u00e1sledky sp\u00f4soben\u00e9 prudk\u00fdm pohybom \u013eud\u00ed v kab\u00edne. V\u00e4\u010d\u0161ina hospitalizovan\u00fdch mala by\u0165 pod\u013ea jeho slov e\u0161te v priebehu ve\u010dera prepusten\u00e1. Na miesto okam\u017eite vyrazili z\u00e1chran\u00e1ri. Do z\u00e1sahu sa zapojilo pribli\u017ene 33 hasi\u010dov a sedem z\u00e1chran\u00e1rov CRS Alpes. Pre \u013eud\u00ed, ktor\u00fdch nehoda psychicky zasiahla, z\u00e1rove\u0148 zriadili kr\u00edzov\u00fa psychologick\u00fa pomoc.<\/p>\n<p>Pr\u00ed\u010dina nehody zatia\u013e nie je jasn\u00e1<\/p>\n<p>Okolnosti kol\u00edzie vy\u0161etruj\u00fa franc\u00fazske \u00farady. Vy\u0161etrovatelia sa sna\u017eia zisti\u0165, pre\u010do sa rameno stavebn\u00e9ho \u017eeriava dostalo do dr\u00e1hy lanovky. Pod\u013ea starostu existuje aj mo\u017enos\u0165, \u017ee obsluha \u017eeriava si neuvedomila, \u017ee sa nad staveniskom nach\u00e1dza akt\u00edvna lanovka. Ide v\u0161ak zatia\u013e iba o jednu z preverovan\u00fdch mo\u017enost\u00ed a vy\u0161etrovanie m\u00e1 objasni\u0165 presn\u00fd priebeh udalosti.<\/p>\n","protected":false},"excerpt":{"rendered":"PAR\u00cd\u017d &#8211; Dramatick\u00e9 chv\u00edle za\u017eili pasa\u017eieri lanovky v zn\u00e1mom franc\u00fazskom stredisku Alpe d\u2019Huez. Kab\u00edna s pribli\u017ene 50 \u013eu\u010fmi&hellip;\n","protected":false},"author":2,"featured_media":163010,"comment_status":"","ping_status":"","sticky":false,"template":"","format":"standard","meta":{"footnotes":"","_share_on_mastodon":"0"},"categories":[8],"tags":[41621,317,10755,33,43,40,42,36,50,49,48],"class_list":["post-163009","post","type-post","status-publish","format-standard","has-post-thumbnail","category-svet","tag-alpe-dhuez","tag-francuzsko","tag-lanovka","tag-news","tag-sk","tag-slovak","tag-slovencina","tag-spravy","tag-svet","tag-world","tag-world-news"],"share_on_mastodon":{"url":"https:\/\/pubeurope.com\/@sk\/117167794568628711","error":""},"_links":{"self":[{"href":"https:\/\/www.europesays.com\/sk\/wp-json\/wp\/v2\/posts\/163009","targetHints":{"allow":["GET"]}}],"collection":[{"href":"https:\/\/www.europesays.com\/sk\/wp-json\/wp\/v2\/posts"}],"about":[{"href":"https:\/\/www.europesays.com\/sk\/wp-json\/wp\/v2\/types\/post"}],"author":[{"embeddable":true,"href":"https:\/\/www.europesays.com\/sk\/wp-json\/wp\/v2\/users\/2"}],"replies":[{"embeddable":true,"href":"https:\/\/www.europesays.com\/sk\/wp-json\/wp\/v2\/comments?post=163009"}],"version-history":[{"count":0,"href":"https:\/\/www.europesays.com\/sk\/wp-json\/wp\/v2\/posts\/163009\/revisions"}],"wp:featuredmedia":[{"embeddable":true,"href":"https:\/\/www.europesays.com\/sk\/wp-json\/wp\/v2\/media\/163010"}],"wp:attachment":[{"href":"https:\/\/www.europesays.com\/sk\/wp-json\/wp\/v2\/media?parent=163009"}],"wp:term":[{"taxonomy":"category","embeddable":true,"href":"https:\/\/www.europesays.com\/sk\/wp-json\/wp\/v2\/categories?post=163009"},{"taxonomy":"post_tag","embeddable":true,"href":"https:\/\/www.europesays.com\/sk\/wp-json\/wp\/v2\/tags?post=163009"}],"curies":[{"name":"wp","href":"https:\/\/api.w.org\/{rel}","templated":true}]}}