{"id":163037,"date":"2026-08-27T14:19:10","date_gmt":"2026-08-27T14:19:10","guid":{"rendered":"https:\/\/www.europesays.com\/sk\/163037\/"},"modified":"2026-08-27T14:19:10","modified_gmt":"2026-08-27T14:19:10","slug":"rychlik-vosiel-v-trnave-do-cesty-nakladneho-vlaku-k-zrazke-nedoslo","status":"publish","type":"post","link":"https:\/\/www.europesays.com\/sk\/163037\/","title":{"rendered":"R\u00fdchlik vo\u0161iel v Trnave do cesty n\u00e1kladn\u00e9ho vlaku, k zr\u00e1\u017eke nedo\u0161lo"},"content":{"rendered":"<p>TRNAVA &#8211; Vo \u0161tvrtok napoludnie do\u0161lo na \u017eelezni\u010dnej stanici v Trnave k mimoriadnej udalosti. R\u00fdchlik pre\u0161iel n\u00e1ves\u0165 \u201eStoj\u201c a vo\u0161iel do cesty n\u00e1kladn\u00e9ho vlaku. K zr\u00e1\u017eke nedo\u0161lo a nikto nebol zranen\u00fd. Potvrdil hovorca \u017delezni\u010dnej spolo\u010dnosti Slovensko (ZSSK) J\u00e1n Ba\u010dek.<\/p>\n<p>\u201eZSSK sa bezprostredne po udalosti s\u00fastredila na cestuj\u00facich, ich bezpe\u010dn\u00e9 opustenie s\u00fapravy a zabezpe\u010denie mo\u017enost\u00ed pokra\u010dovania v ceste. Ru\u0161\u0148ovodi\u010d \u010falej vo v\u00fdkone pr\u00e1ce nepokra\u010doval. Okolnosti udalosti sa vy\u0161etruj\u00fa,\u201c pribl\u00ed\u017eil hovorca. I\u0161lo o vlak R 747 Ponitran, ktor\u00fd vo\u0161iel do vlakovej cesty vlaku Pn 65810. \u201eAktu\u00e1lne s\u00fa vlaky medzi Nitrou a Trnavou odrieknut\u00e9 v \u00faseku Leopoldov &#8211; Trnava a sp\u00e4\u0165. Pod\u013ea prev\u00e1dzkovej situ\u00e1cie bud\u00fa na zabezpe\u010denie prepravy cestuj\u00facich v tomto \u00faseku mimoriadne zastavova\u0165 aj vybran\u00e9 vlaky R a Ex,\u201c ozrejmil.<\/p>\n<p>ZSSK pros\u00ed cestuj\u00facich, aby sledovali aktu\u00e1lne inform\u00e1cie a riadili sa pokynmi vlakov\u00e9ho a stani\u010dn\u00e9ho person\u00e1lu. \u201eZ\u00e1rove\u0148 ich pros\u00edme, aby po\u010d\u00edtali s dlh\u0161\u00edm \u010dasom cesty,\u201c dodal Ba\u010dek. Policajti prijali ozn\u00e1menie o mimoriadnej udalosti vo \u0161tvrtok kr\u00e1tko po 12.00 h. \u201eOsobn\u00fd vlak pre\u0161iel cez n\u00e1ves\u0165 prikazuj\u00facu zastavenie a n\u00e1sledne po\u0161kodil dve v\u00fdhybky. Vlak n\u00e1sledne asi po 300 metroch od stanice zastavil,\u201c spresnila hovorky\u0148a trnavskej krajskej pol\u00edcie Veronika Dachov\u00e1.<\/p>\n<p>Udalos\u0165 u\u017e vy\u0161etruje pol\u00edcia<\/p>\n<p>Pribli\u017ene 50 cestuj\u00facich bolo bezpe\u010dne a bez zranen\u00ed evakuovan\u00fdch na najbli\u017e\u0161ie n\u00e1stupi\u0161te. \u201eDychov\u00e1 sk\u00fa\u0161ka u ru\u0161\u0148ovodi\u010da bola negat\u00edvna. Udalos\u0165 je v s\u00fa\u010dasnosti v \u0161t\u00e1diu objas\u0148ovania pre podozrenie zo sp\u00e1chania priestupku v zmysle z\u00e1kona o doprave na dr\u00e1hach. Doprava na predmetnej ko\u013eaji je do\u010dasne \u00faplne zastaven\u00e1,\u201c doplnila.<\/p>\n<p>\u017deleznice Slovenskej republiky (\u017dSR) pribl\u00ed\u017eili, \u017ee vlaky aktu\u00e1lne jazdia po nep\u00e1rnej skupine ko\u013eaj\u00ed a po prvej tra\u0165ovej ko\u013eaji v smere na Brestovany. \u201ePr\u00ed\u010dina tejto mimoriadnej udalosti je v \u0161t\u00e1diu vy\u0161etrovania, preto moment\u00e1lne nebudeme poskytova\u0165 viac inform\u00e1ci\u00ed. Pod\u013ea dostupn\u00fdch inform\u00e1ci\u00ed nikto z person\u00e1lu a cestuj\u00facich nebol zranen\u00fd,\u201c dodal odbor komunik\u00e1cie a marketingu \u017dSR.<\/p>\n","protected":false},"excerpt":{"rendered":"TRNAVA &#8211; Vo \u0161tvrtok napoludnie do\u0161lo na \u017eelezni\u010dnej stanici v Trnave k mimoriadnej udalosti. R\u00fdchlik pre\u0161iel n\u00e1ves\u0165 \u201eStoj\u201c&hellip;\n","protected":false},"author":2,"featured_media":163038,"comment_status":"","ping_status":"","sticky":false,"template":"","format":"standard","meta":{"footnotes":"","_share_on_mastodon":"0"},"categories":[32],"tags":[34,37,33,43108,43,40,39,42,41,36,38,35,734,730,464],"class_list":["post-163037","post","type-post","status-publish","format-standard","has-post-thumbnail","category-spravy","tag-headlines","tag-hlavne-spravy","tag-news","tag-rychlik","tag-sk","tag-slovak","tag-slovakia","tag-slovencina","tag-slovensko","tag-spravy","tag-titulky","tag-top-stories","tag-trnava","tag-vlak","tag-zssk"],"share_on_mastodon":{"url":"https:\/\/pubeurope.com\/@sk\/117167912666892648","error":""},"_links":{"self":[{"href":"https:\/\/www.europesays.com\/sk\/wp-json\/wp\/v2\/posts\/163037","targetHints":{"allow":["GET"]}}],"collection":[{"href":"https:\/\/www.europesays.com\/sk\/wp-json\/wp\/v2\/posts"}],"about":[{"href":"https:\/\/www.europesays.com\/sk\/wp-json\/wp\/v2\/types\/post"}],"author":[{"embeddable":true,"href":"https:\/\/www.europesays.com\/sk\/wp-json\/wp\/v2\/users\/2"}],"replies":[{"embeddable":true,"href":"https:\/\/www.europesays.com\/sk\/wp-json\/wp\/v2\/comments?post=163037"}],"version-history":[{"count":0,"href":"https:\/\/www.europesays.com\/sk\/wp-json\/wp\/v2\/posts\/163037\/revisions"}],"wp:featuredmedia":[{"embeddable":true,"href":"https:\/\/www.europesays.com\/sk\/wp-json\/wp\/v2\/media\/163038"}],"wp:attachment":[{"href":"https:\/\/www.europesays.com\/sk\/wp-json\/wp\/v2\/media?parent=163037"}],"wp:term":[{"taxonomy":"category","embeddable":true,"href":"https:\/\/www.europesays.com\/sk\/wp-json\/wp\/v2\/categories?post=163037"},{"taxonomy":"post_tag","embeddable":true,"href":"https:\/\/www.europesays.com\/sk\/wp-json\/wp\/v2\/tags?post=163037"}],"curies":[{"name":"wp","href":"https:\/\/api.w.org\/{rel}","templated":true}]}}