{"id":163229,"date":"2026-08-27T18:46:45","date_gmt":"2026-08-27T18:46:45","guid":{"rendered":"https:\/\/www.europesays.com\/sk\/163229\/"},"modified":"2026-08-27T18:46:45","modified_gmt":"2026-08-27T18:46:45","slug":"volby-kosice-2026-zmapovali-sme-podrobne-vsetkych-kandidatov-a-politicke-strany","status":"publish","type":"post","link":"https:\/\/www.europesays.com\/sk\/163229\/","title":{"rendered":"VO\u013dBY KO\u0160ICE 2026: Zmapovali sme podrobne v\u0161etk\u00fdch kandid\u00e1tov a politick\u00e9 strany"},"content":{"rendered":"<p class=\"text-xl font-bold leading-relaxed mb-10 text-foreground border-l-4 border-primary pl-6\">Prin\u00e1\u0161ame v\u00e1m ve\u013ek\u00fd sum\u00e1r v\u0161etk\u00fdch podan\u00fdch kandid\u00e1tnych list\u00edn pre 14 volebn\u00fdch obvodov aj prim\u00e1torsk\u00fd post mesta Ko\u0161ice. D\u00e1ta z kandid\u00e1tok sme z\u00e1rove\u0148 podrobili drobnej anal\u00fdze a m\u00e1me pre v\u00e1s zauj\u00edmav\u00e9 \u0161tatistiky.<\/p>\n<p>Do boja o kreslo prim\u00e1tora mesta Ko\u0161ice nakoniec vstupuje osem kandid\u00e1tov, jeden je v\u0161ak st\u00e1le &#8222;anonymizovan\u00fd&#8220; a vieme o \u0148om len to, \u017ee je to mu\u017e a podporila ho strana Jednota Slovanov, \u010falej o prim\u00e1torsk\u00fd post zabojuj\u00fa Alexander Sz\u00e9kely (61 r., Slovensk\u00e9 Hnutie Obrody), Ladislav L\u00f6rinc, Mgr., MPA (37 r., Ko\u0161ick\u00e1 strana), Martin Mudr\u00e1k, Mgr. (39 r., Progres\u00edvne Slovensko, Demokrati, ZA \u013dUD\u00cd), Miroslav Sabol (36 r., nez\u00e1visl\u00fd kandid\u00e1t), Jaroslav Pola\u010dek, Ing. (49 r., KDH, SaS, Ma\u010farsk\u00e1 aliancia, SRK, NOVA, DS-ODS), Lenka Kova\u010devi\u010dov\u00e1, Ing. Mgr. (50 r., T\u00cdM KO\u0160ICE, STAROSTOVIA A NEZ\u00c1VISL\u00cd KANDID\u00c1TI, Pr\u00e1vo na pravdu) a Alexander Riabov, Mgr. Ing. (40 r., nez\u00e1visl\u00fd kandid\u00e1t).<\/p>\n<p>Priemern\u00fd vek kandid\u00e1tov dosahuje 47,1 roka, pri\u010dom najsilnej\u0161ie zast\u00fapenou skupinou s\u00fa \u0161tyridsiatnici (40 \u2013 49 rokov), ktor\u00fdch kandiduje spolu 53. Najvy\u0161\u0161\u00ed vek m\u00e1 71-ro\u010dn\u00e1 \u013dubica Bla\u0161kovi\u010dov\u00e1 (Ob\u010dianska konzervat\u00edvna strana), ktor\u00e1 kandiduje v Starom Meste. Najmlad\u0161\u00edmi kandid\u00e1tmi s\u00fa na rovnakom mieste 30-ro\u010dn\u00fd Ren\u00e9 Ragan (Ko\u0161ick\u00e1 strana) a Vikt\u00f3ria Vesel\u00e1 (Progres\u00edvne Slovensko, Demokrati, ZA \u013dUD\u00cd). Medzi menami jednozna\u010dne dominuje Peter (celkovo 11 kandid\u00e1tov). V kateg\u00f3rii kandid\u00e1tov s v\u00e4zbou na parlamentn\u00e9 spektrum vedie opoz\u00edcia v pomere 89 ku 45.<\/p>\n<p>Z\u00e1konn\u00e1 mo\u017enos\u0165 nedoru\u010di\u0165 s\u00fahlas s predbe\u017en\u00fdm zverejnen\u00edm vytvorila situ\u00e1ciu, kedy desiatky mien ost\u00e1vaj\u00fa zahalen\u00e9 r\u00fa\u0161kom tajomstva a\u017e do registr\u00e1cie mestskou volebnou komisiou. Tento tajomn\u00fd z\u00e1voj najviac vyu\u017e\u00edva koal\u00edcia SMER-SD, HLAS-SD, SNS, REPUBLIKA a Pr\u00e1vo na pravdu: s najvy\u0161\u0161\u00edm podielom anonymizovan\u00fdch mien \u2013 na kandid\u00e1tkach sa nach\u00e1dza vy\u0161e 20 kandid\u00e1tov ozna\u010den\u00fdch len ako \u201emu\u017e\u201c alebo \u201e\u017eena\u201c. Vo volebnom obvode Z\u00e1pad tvor\u00ed anonymn\u00fd menoslov dokonca a\u017e 8 miest.<\/p>\n<p>Definit\u00edvnu podobu hlasovac\u00edch l\u00edstkov vr\u00e1tane povolan\u00ed a overen\u00fdch poradov\u00fdch \u010d\u00edsel potvrd\u00ed Mestsk\u00e1 volebn\u00e1 komisia najnesk\u00f4r 45 dn\u00ed pred term\u00ednom konania volieb. Str\u00e1nka volbykosice.sk bude pravidelne aktualizovan\u00e1 a dop\u013a\u0148an\u00e1.Vyjadrite svoj n\u00e1zor koment\u00e1rom!<img alt=\"Ladislav Miko\" loading=\"lazy\" width=\"64\" height=\"64\" decoding=\"async\" data-nimg=\"1\" class=\"object-cover w-full h-full\" style=\"color:transparent\" src=\"https:\/\/www.europesays.com\/sk\/wp-content\/uploads\/2026\/08\/lacomiko.png\"\/><\/p>\n","protected":false},"excerpt":{"rendered":"Prin\u00e1\u0161ame v\u00e1m ve\u013ek\u00fd sum\u00e1r v\u0161etk\u00fdch podan\u00fdch kandid\u00e1tnych list\u00edn pre 14 volebn\u00fdch obvodov aj prim\u00e1torsk\u00fd post mesta Ko\u0161ice. D\u00e1ta&hellip;\n","protected":false},"author":2,"featured_media":163230,"comment_status":"","ping_status":"","sticky":false,"template":"","format":"standard","meta":{"footnotes":"","_share_on_mastodon":"0"},"categories":[22],"tags":[39089,137,367,368,39088,1499,6931,43,40,39,42,41,7565,366,39087,1773,11978],"class_list":["post-163229","post","type-post","status-publish","format-standard","has-post-thumbnail","category-kosice","tag-aktualne-z-mesta-kosice","tag-kosice","tag-kosice-aktualne","tag-kosice-dnes","tag-kosice-spravy","tag-michalovce","tag-roznava","tag-sk","tag-slovak","tag-slovakia","tag-slovencina","tag-slovensko","tag-spisska-nova-ves","tag-spravy-kosice","tag-spravy-vychod","tag-trebisov","tag-vychodne-slovensko"],"share_on_mastodon":{"url":"https:\/\/pubeurope.com\/@sk\/117168962790747291","error":""},"_links":{"self":[{"href":"https:\/\/www.europesays.com\/sk\/wp-json\/wp\/v2\/posts\/163229","targetHints":{"allow":["GET"]}}],"collection":[{"href":"https:\/\/www.europesays.com\/sk\/wp-json\/wp\/v2\/posts"}],"about":[{"href":"https:\/\/www.europesays.com\/sk\/wp-json\/wp\/v2\/types\/post"}],"author":[{"embeddable":true,"href":"https:\/\/www.europesays.com\/sk\/wp-json\/wp\/v2\/users\/2"}],"replies":[{"embeddable":true,"href":"https:\/\/www.europesays.com\/sk\/wp-json\/wp\/v2\/comments?post=163229"}],"version-history":[{"count":0,"href":"https:\/\/www.europesays.com\/sk\/wp-json\/wp\/v2\/posts\/163229\/revisions"}],"wp:featuredmedia":[{"embeddable":true,"href":"https:\/\/www.europesays.com\/sk\/wp-json\/wp\/v2\/media\/163230"}],"wp:attachment":[{"href":"https:\/\/www.europesays.com\/sk\/wp-json\/wp\/v2\/media?parent=163229"}],"wp:term":[{"taxonomy":"category","embeddable":true,"href":"https:\/\/www.europesays.com\/sk\/wp-json\/wp\/v2\/categories?post=163229"},{"taxonomy":"post_tag","embeddable":true,"href":"https:\/\/www.europesays.com\/sk\/wp-json\/wp\/v2\/tags?post=163229"}],"curies":[{"name":"wp","href":"https:\/\/api.w.org\/{rel}","templated":true}]}}