{"id":163813,"date":"2026-08-28T13:57:11","date_gmt":"2026-08-28T13:57:11","guid":{"rendered":"https:\/\/www.europesays.com\/sk\/163813\/"},"modified":"2026-08-28T13:57:11","modified_gmt":"2026-08-28T13:57:11","slug":"vyluka-na-bratislavskej-hlavnej-stanici-od-septembra-ovplyvni-vlaky","status":"publish","type":"post","link":"https:\/\/www.europesays.com\/sk\/163813\/","title":{"rendered":"V\u00fdluka na bratislavskej hlavnej stanici od septembra ovplyvn\u00ed vlaky"},"content":{"rendered":"<p>Bratislava 28. augusta (TASR) &#8211; Prev\u00e1dzku vlakov na bratislavskej hlavnej stanici od utorka 1. septembra do 12. decembra 2026 ovplyvn\u00ed rekon\u0161trukcia v\u00fdhybiek v jej okol\u00ed. \u017delezni\u010dn\u00e1 spolo\u010dnos\u0165 Slovensko (ZSSK) v piatok upozornila, \u017ee pre obmedzen\u00fa kapacitu \u017eelezni\u010dnej infra\u0161trukt\u00fary bud\u00fa osobn\u00e9 vlaky S50 z Trnavy a v\u00e4\u010d\u0161ina r\u00fdchlikov Urp\u00edn z Banskej Bystrice kon\u010di\u0165, respekt\u00edve za\u010d\u00edna\u0165 na stanici Bratislava-Nov\u00e9 Mesto.<\/p>\n<p>\u201eZ\u00e1rove\u0148 bud\u00fa region\u00e1lne expresy R55 medzi Bratislavou a\u00a0Trnavou zru\u0161en\u00e9, prem\u00e1va\u0165 bud\u00fa len medzi Trnavou a Nitrou. Dia\u013ekov\u00e9 expresy Kriv\u00e1\u0148 a Tatran medzi Bratislavou a Ko\u0161icami bud\u00fa aj po\u010das rekon\u0161trukcie na\u010falej prem\u00e1va\u0165 na bratislavsk\u00fa hlavn\u00fa stanicu. V s\u00favislosti s v\u00fdlukov\u00fdmi pr\u00e1cami sa upravia ich \u010dasy o p\u00e1r min\u00fat,\u201c pribl\u00ed\u017eil hovorca ZSSK J\u00e1n Ba\u010dek.<\/p>\n<p>Pre obmedzenia pod\u013ea neho m\u00f4\u017eu by\u0165 po\u010das v\u00fdluky pred\u013a\u017een\u00e9 cestovn\u00e9 \u010dasy t\u00fdchto vlakov. ZSSK odpor\u00fa\u010da cestuj\u00facim, aby si najm\u00e4 v prv\u00fdch d\u0148och v\u00fdluky pred cestou skontrolovali aktu\u00e1lne spojenie, cie\u013eov\u00fa stanicu svojho vlaku a mo\u017enosti prestupu.<\/p>\n<p>Zmeny sa na viac ako tri mesiace dotkn\u00fa vlakov z Trnavy a Galanty, r\u00fdchlikov z Banskej Bystrice a Prievidze aj dia\u013ekov\u00fdch expresov medzi Bratislavou, \u017dilinou a Ko\u0161icami. V\u00fdlukov\u00fd cestovn\u00fd poriadok na tratiach \u010d\u00edslo 120, 130 a\u00a0132 je zapracovan\u00fd vo vyh\u013ead\u00e1va\u010doch spojen\u00ed ZSSK.<\/p>\n<p>Osobn\u00e9 vlaky S50 Bratislava &#8211; Trnava bud\u00fa na\u010falej prem\u00e1va\u0165 ka\u017ed\u00fa hodinu a po\u010das v\u00fdluky bude ich v\u00fdchodiskovou a cie\u013eovou stanicou Bratislava-Nov\u00e9 Mesto. Bratislavsk\u00fa hlavn\u00fa stanicu nebud\u00fa obsluhova\u0165. Zachovan\u00fd zostane aj prv\u00fd rann\u00fd vlak s odchodom z Trnavy o 4.07 h na stanicu Bratislava-Nov\u00e9 Mesto.<\/p>\n<p>\u201ePo\u010das pracovn\u00fdch dn\u00ed nebud\u00fa prem\u00e1va\u0165 posilov\u00e9 osobn\u00e9 vlaky v rann\u00fdch a popolud\u0148aj\u0161\u00edch \u0161pi\u010dk\u00e1ch. Cestuj\u00faci bud\u00fa m\u00f4c\u0165 vyu\u017ei\u0165 r\u00fdchliky R50 Pova\u017ean, ktor\u00e9 bud\u00fa mimoriadne zastavova\u0165 aj v Bratislave-Ra\u010di, \u0160enkviciach a C\u00edferi. V\u00fdnimkou bude ve\u010dern\u00fd r\u00fdchlik z\u00a0Bratislavy o\u00a022.20 h, ktor\u00fd v t\u00fdchto staniciach mimoriadne zastavova\u0165 nebude. Rann\u00fd posilov\u00fd r\u00fdchlik s odchodom z Trnavy o 5.57 h zastav\u00ed navy\u0161e iba v \u0160enkviciach,\u201c uviedol hovorca ZSSK. Z\u00e1rove\u0148 bud\u00fa vybran\u00e9 s\u00fapravy Pova\u017eanov posilnen\u00e9 o jeden voze\u0148, bud\u00fa ma\u0165 osem voz\u0148ov.<\/p>\n<p>Region\u00e1lne expresy R55 Bratislava &#8211; Trnava bud\u00fa po\u010das v\u00fdluky zru\u0161en\u00e9, prem\u00e1va\u0165 bud\u00fa iba v \u00faseku Trnava &#8211; Nitra. V Trnave bude zabezpe\u010den\u00fd prestup medzi vlakmi R55, R50 Pova\u017ean a dia\u013ekov\u00fdmi expresmi Kriv\u00e1\u0148 a Tatran.<\/p>\n<p>Osobn\u00e9 vlaky S60 Bratislava &#8211; Galanta bud\u00fa aj po\u010das v\u00fdluky veden\u00e9 na bratislavsk\u00fa hlavn\u00fa stanicu. Prem\u00e1va\u0165 bud\u00fa ka\u017ed\u00fa hodinu, posilov\u00e9 spojenia v pracovnej \u0161pi\u010dke (v polhodine) prem\u00e1va\u0165 nebud\u00fa. Ich kapacitu doplnia v\u0161etky region\u00e1lne expresy R60 Bratislava &#8211; Nov\u00e9 Z\u00e1mky, ktor\u00e9 bud\u00fa mimoriadne zastavova\u0165 aj v Ivanke pri Dunaji, Bernol\u00e1kove, Senci a Sl\u00e1dkovi\u010dove. Z\u00e1rove\u0148 bud\u00fa ma\u0165 upraven\u00e9 jazdn\u00e9 \u010dasy &#8211; z Nov\u00fdch Z\u00e1mkov bud\u00fa odch\u00e1dza\u0165 o dve min\u00faty sk\u00f4r a do Nov\u00fdch Z\u00e1mkov pr\u00eddu o dve min\u00faty nesk\u00f4r.<\/p>\n<p>V\u00e4\u010d\u0161ina vybran\u00fdch r\u00fdchlikov Urp\u00edn bude za\u010d\u00edna\u0165 a kon\u010di\u0165 v stanici Bratislava-Nov\u00e9 Mesto, namiesto zast\u00e1vky Bratislava-Vinohrady zastavia na ne\u010falekej zast\u00e1vke Bratislava predmestie. Na bratislavsk\u00fa hlavn\u00fa stanicu bud\u00fa na\u010falej prem\u00e1va\u0165 \u0161tyri spoje &#8211; R 831 a 833 z Bratislavy hl. st. s odchodmi o 5.52, 7.52 h do Banskej Bystrice s pr\u00edchodmi o 9.28, 11.28 h, R 842 a 844 z Banskej Bystrice s odchodmi o 16.31, 18.31 h do Bratislavy hl. stanice s pr\u00edchodmi o 20.10, 22.08 h.<\/p>\n<p>\u201eR\u00fdchliky Ponitran Bratislava-Nov\u00e9 Mesto &#8211; Prievidza bud\u00fa na\u010falej za\u010d\u00edna\u0165 a kon\u010di\u0165 v Bratislave-Novom Meste, pri\u010dom sa upravia ich jazdn\u00e9 \u010dasy. Vlaky u\u017e nebud\u00fa mimoriadne zastavova\u0165 v Pezinku, kde zastavovali v s\u00favislosti s opatreniami po\u010das v\u00fdluky Trnava &#8211; C\u00edfer,\u201c dodal Ba\u010dek. V Ponitranoch u\u017e nebud\u00fa plati\u0165 cestovn\u00e9 doklady Integrovan\u00e9ho dopravn\u00e9ho syst\u00e9mu Bratislavsk\u00e9ho kraja. R\u00fdchliky 744 a 747 Bojnice p\u00f4jdu op\u00e4\u0165 v celej trase medzi Prievidzou a Bratislavou-Nov\u00fdm Mestom.<\/p>\n","protected":false},"excerpt":{"rendered":"Bratislava 28. augusta (TASR) &#8211; Prev\u00e1dzku vlakov na bratislavskej hlavnej stanici od utorka 1. septembra do 12. decembra&hellip;\n","protected":false},"author":2,"featured_media":163814,"comment_status":"","ping_status":"","sticky":false,"template":"","format":"standard","meta":{"footnotes":"","_share_on_mastodon":"0"},"categories":[21],"tags":[136,47309,43,40,39,42,41,2955,2091,464],"class_list":["post-163813","post","type-post","status-publish","format-standard","has-post-thumbnail","category-bratislava","tag-bratislava","tag-hl-stanica","tag-sk","tag-slovak","tag-slovakia","tag-slovencina","tag-slovensko","tag-vyluka","tag-zeleznice","tag-zssk"],"share_on_mastodon":{"url":"https:\/\/pubeurope.com\/@sk\/117173488589388548","error":""},"_links":{"self":[{"href":"https:\/\/www.europesays.com\/sk\/wp-json\/wp\/v2\/posts\/163813","targetHints":{"allow":["GET"]}}],"collection":[{"href":"https:\/\/www.europesays.com\/sk\/wp-json\/wp\/v2\/posts"}],"about":[{"href":"https:\/\/www.europesays.com\/sk\/wp-json\/wp\/v2\/types\/post"}],"author":[{"embeddable":true,"href":"https:\/\/www.europesays.com\/sk\/wp-json\/wp\/v2\/users\/2"}],"replies":[{"embeddable":true,"href":"https:\/\/www.europesays.com\/sk\/wp-json\/wp\/v2\/comments?post=163813"}],"version-history":[{"count":0,"href":"https:\/\/www.europesays.com\/sk\/wp-json\/wp\/v2\/posts\/163813\/revisions"}],"wp:featuredmedia":[{"embeddable":true,"href":"https:\/\/www.europesays.com\/sk\/wp-json\/wp\/v2\/media\/163814"}],"wp:attachment":[{"href":"https:\/\/www.europesays.com\/sk\/wp-json\/wp\/v2\/media?parent=163813"}],"wp:term":[{"taxonomy":"category","embeddable":true,"href":"https:\/\/www.europesays.com\/sk\/wp-json\/wp\/v2\/categories?post=163813"},{"taxonomy":"post_tag","embeddable":true,"href":"https:\/\/www.europesays.com\/sk\/wp-json\/wp\/v2\/tags?post=163813"}],"curies":[{"name":"wp","href":"https:\/\/api.w.org\/{rel}","templated":true}]}}