{"id":163873,"date":"2026-08-28T15:00:09","date_gmt":"2026-08-28T15:00:09","guid":{"rendered":"https:\/\/www.europesays.com\/sk\/163873\/"},"modified":"2026-08-28T15:00:09","modified_gmt":"2026-08-28T15:00:09","slug":"koniec-spekulaciam-denis-vavro-a-slovan-takto-to-je","status":"publish","type":"post","link":"https:\/\/www.europesays.com\/sk\/163873\/","title":{"rendered":"Koniec \u0161pekul\u00e1ci\u00e1m: Denis Vavro a Slovan, takto to je"},"content":{"rendered":"<p>M\u00f4\u017ee Denis Vavro posilni\u0165 \u0160K Slovan?\u00a0<\/p>\n<p>\u0160K Slovan Bratislava post\u00fapil do hlavnej f\u00e1zy Ligy majstrov a slovensk\u00fd majster je aj v z\u00e1vere augusta sp\u00e1jan\u00fd s r\u00f4znymi zauj\u00edmav\u00fdmi hr\u00e1\u010dmi, ktor\u00ed by mohli na Teheln\u00e9 pole pr\u00eds\u0165 posilni\u0165 siln\u00fd k\u00e1der tr\u00e9nera Yayu Tour\u00e9ho.<\/p>\n<p>odpor\u00fa\u010dame tie\u017e:<\/p>\n<p><a href=\"https:\/\/sport7.dnes24.sk\/209045\/necakany-prestup-smerom-na-slovensko-prichadza-brat-hraca-manchestru-united\" hreflang=\"sk\" rel=\"nofollow noopener\" target=\"_blank\"><img loading=\"lazy\" decoding=\"async\" src=\"https:\/\/www.europesays.com\/sk\/wp-content\/uploads\/2026\/08\/bb_-_2021-06-03t052333.411.png.jpg\" width=\"270\" height=\"138\" alt=\"Thumbnail\" title=\"AS Tren\u010d\u00edn logo\" typeof=\"foaf:Image\" class=\"img-responsive\"\/><\/a><\/p>\n<p>Jedn\u00fdm z nich bol aj slovensk\u00fd stop\u00e9r Denis Vavro, ktor\u00fd vraj nechce by\u0165 v nemeckom Wolfsburgu a aj klub s n\u00edm u\u017e mal strati\u0165 trpezlivos\u0165.<\/p>\n<p>Vavro v\u0161ak m\u00e1 s Vlkmi kontrakt do roku 2027 (pod\u013ea Transfermarkt), pri\u010dom jeho spojenie so Slovanom bolo sk\u00f4r v\u00fdplodom m\u00e9di\u00ed, ne\u017e re\u00e1lnou alternat\u00edvou. Ak by ex-hr\u00e1\u010d \u017diliny \u010di Lazia R\u00edm alebo Kodane naozaj odi\u0161iel k Belas\u00fdm, bolo by to ve\u013ek\u00fdm prekvapen\u00edm.\u00a0<\/p>\n<p>\u00a0<\/p>\n","protected":false},"excerpt":{"rendered":"M\u00f4\u017ee Denis Vavro posilni\u0165 \u0160K Slovan?\u00a0 \u0160K Slovan Bratislava post\u00fapil do hlavnej f\u00e1zy Ligy majstrov a slovensk\u00fd majster&hellip;\n","protected":false},"author":2,"featured_media":163874,"comment_status":"","ping_status":"","sticky":false,"template":"","format":"standard","meta":{"footnotes":"","_share_on_mastodon":"0"},"categories":[13],"tags":[45314,43,152,40,39,42,41,69,68],"class_list":["post-163873","post","type-post","status-publish","format-standard","has-post-thumbnail","category-sport","tag-denis-vavro","tag-sk","tag-sk-slovan-bratislava","tag-slovak","tag-slovakia","tag-slovencina","tag-slovensko","tag-sport","tag-sports"],"share_on_mastodon":{"url":"https:\/\/pubeurope.com\/@sk\/117173736334154511","error":""},"_links":{"self":[{"href":"https:\/\/www.europesays.com\/sk\/wp-json\/wp\/v2\/posts\/163873","targetHints":{"allow":["GET"]}}],"collection":[{"href":"https:\/\/www.europesays.com\/sk\/wp-json\/wp\/v2\/posts"}],"about":[{"href":"https:\/\/www.europesays.com\/sk\/wp-json\/wp\/v2\/types\/post"}],"author":[{"embeddable":true,"href":"https:\/\/www.europesays.com\/sk\/wp-json\/wp\/v2\/users\/2"}],"replies":[{"embeddable":true,"href":"https:\/\/www.europesays.com\/sk\/wp-json\/wp\/v2\/comments?post=163873"}],"version-history":[{"count":0,"href":"https:\/\/www.europesays.com\/sk\/wp-json\/wp\/v2\/posts\/163873\/revisions"}],"wp:featuredmedia":[{"embeddable":true,"href":"https:\/\/www.europesays.com\/sk\/wp-json\/wp\/v2\/media\/163874"}],"wp:attachment":[{"href":"https:\/\/www.europesays.com\/sk\/wp-json\/wp\/v2\/media?parent=163873"}],"wp:term":[{"taxonomy":"category","embeddable":true,"href":"https:\/\/www.europesays.com\/sk\/wp-json\/wp\/v2\/categories?post=163873"},{"taxonomy":"post_tag","embeddable":true,"href":"https:\/\/www.europesays.com\/sk\/wp-json\/wp\/v2\/tags?post=163873"}],"curies":[{"name":"wp","href":"https:\/\/api.w.org\/{rel}","templated":true}]}}