{"id":163895,"date":"2026-08-28T15:19:09","date_gmt":"2026-08-28T15:19:09","guid":{"rendered":"https:\/\/www.europesays.com\/sk\/163895\/"},"modified":"2026-08-28T15:19:09","modified_gmt":"2026-08-28T15:19:09","slug":"progresivec-valasek-zavadza-a-klame-zvs-holding-odmieta-jeho-tvrdenia","status":"publish","type":"post","link":"https:\/\/www.europesays.com\/sk\/163895\/","title":{"rendered":"PROGRES\u00cdVEC VAL\u00c1\u0160EK ZAV\u00c1DZA A KLAME: ZVS HOLDING ODMIETA JEHO TVRDENIA"},"content":{"rendered":"<p>ZVS holding odmieta tvrdenia o nedobrej finan\u010dnej situ\u00e1cii, naopak tvrd\u00ed, \u017ee spolo\u010dnos\u0165 rastie. \u201eV roku 2025 dosiahol \u010dist\u00fd obrat 230,97 mili\u00f3na eur, \u010dist\u00fd zisk 36,61 mili\u00f3na eur a pod\u013ea verejn\u00fdch \u00fadajov hrub\u00fa mar\u017eu 37,28 percenta. Tvrdenie o 7,6-percentnej mar\u017ei preto nezodpoved\u00e1 zverejnen\u00fdm \u00fadajom,\u201c upozornila spolo\u010dnos\u0165 prostredn\u00edctvom tla\u010dovej spr\u00e1vy.<\/p>\n<p>Vyjadrenia poslanca opozi\u010dn\u00e9ho PS Tom\u00e1\u0161a Val\u00e1\u0161ka, nazna\u010duj\u00face stagn\u00e1ciu a ekonomick\u00e9 oslabovanie spolo\u010dnosti ZVS holding, pova\u017euj\u00fa predstavitelia firmy za nepravdiv\u00e9 a zav\u00e1dzaj\u00face. V piatkovom stanovisku reagovali na viacer\u00e9 tvrdenia poslanca zo \u0161tvrtkovej (27. 8.) tla\u010dovej konferencie.<\/p>\n<p>ZVS holding odmieta tvrdenia o nedobrej finan\u010dnej situ\u00e1cii, naopak tvrd\u00ed, \u017ee spolo\u010dnos\u0165 rastie. \u201eV roku 2025 dosiahol \u010dist\u00fd obrat 230,97 mili\u00f3na eur, \u010dist\u00fd zisk 36,61 mili\u00f3na eur a pod\u013ea verejn\u00fdch \u00fadajov hrub\u00fa mar\u017eu 37,28 percenta. Tvrdenie o 7,6-percentnej mar\u017ei preto nezodpoved\u00e1 zverejnen\u00fdm \u00fadajom,\u201c upozornila spolo\u010dnos\u0165 prostredn\u00edctvom tla\u010dovej spr\u00e1vy.<\/p>\n<p>Za nepodlo\u017een\u00e9 pova\u017euje aj tvrdenie o \u201evyv\u00e1dzan\u00ed zisku\u201c zo ZVS prostredn\u00edctvom MSM Export. Vysvet\u013euje, \u017ee ZVS vyr\u00e1ba a dod\u00e1va naplnen\u00e9 tel\u00e1 mun\u00edcie a delostreleck\u00e9 zapa\u013eova\u010de a MSM Export zabezpe\u010duje \u010fal\u0161ie nevyhnutn\u00e9 komponenty kompletnej 155-mm mun\u00edcie, predov\u0161etk\u00fdm prachov\u00e9 n\u00e1plne a inici\u00e1tory, ako aj jej obchodn\u00fd predaj. \u201eCena komponentov vyroben\u00fdch v ZVS preto nie je porovnate\u013en\u00e1 s cenou kompletnej mun\u00edcie,\u201c upozornila spolo\u010dnos\u0165.<\/p>\n<p>Za klamstvo ozna\u010dila slov\u00e1 o tom, \u017ee ZVS nevyr\u00e1ba delostreleck\u00e9 zapa\u013eova\u010de a odpredala v\u00fdrobn\u00e9 stroje. \u201eNespr\u00e1vne je aj tvrdenie, t\u00fdkaj\u00face sa spolo\u010dnosti D.M.D. Trade, ktor\u00fa p\u00e1n Val\u00e1\u0161ek uv\u00e1dza ako mo\u017en\u00fa obchodn\u00fa spolo\u010dnos\u0165 \u0161t\u00e1tneho akcion\u00e1ra. D.M.D. Trade nepatr\u00ed pod \u0161t\u00e1tnu DMD Group ani pod ZVS holding,\u201c vysvetlila firma.<\/p>\n<p>V pr\u00edpade riadenia ZVS zv\u00fdraznila jasn\u00e9 z\u00e1sady mana\u017e\u00e9rskej kontroly, \u201ektor\u00fdch cie\u013eom je transparentn\u00e9 rozhodovanie mana\u017ementu, ochrana ekonomick\u00fdch z\u00e1ujmov ZVS a re\u0161pektovanie pr\u00e1v a kontroln\u00fdch mechanizmov oboch akcion\u00e1rov&#8220;. Pouk\u00e1zala na to, \u017ee v spolupr\u00e1ci oboch akcion\u00e1rov (\u0161t\u00e1tnej DMD Group a s\u00fakromnej MSM Group) sa vyv\u00edja aj roz\u0161\u00edrenie v\u00fdrobn\u00e9ho re\u0165azca ZVS. \u201ePripravovan\u00fd spolo\u010dn\u00fd projekt so spolo\u010dnos\u0165ou EURENCO prinesie na Slovensko v\u00fdrobu modul\u00e1rnych prachov\u00fdch n\u00e1pln\u00ed, ktor\u00e9 dnes ZVS sama nevyr\u00e1ba. MSM z\u00e1rove\u0148 umo\u017en\u00ed ZVS bez licen\u010dn\u00e9ho poplatku vyr\u00e1ba\u0165 120 mm mun\u00edciu vyvinut\u00fa spolo\u010dnos\u0165ami skupiny v \u0160panielsku,\u201c dodala spolo\u010dnos\u0165.<\/p>\n<p>Polo\u0161t\u00e1tna zbroj\u00e1rska firma ZVS holding prich\u00e1dza pod\u013ea opozi\u010dn\u00e9ho PS o mili\u00f3ny eur zo ziskov. Peniaze by mohli by\u0165 odklonen\u00e9 pomocou dod\u00e1vate\u013esk\u00e9ho re\u0165azca s\u00fakromn\u00e9mu spoluvlastn\u00edkovi zbrojovky. Firma pritom nie je pod\u013ea hnutia v dobrej finan\u010dnej kond\u00edcii a musela preda\u0165 vlastn\u00e9 v\u00fdrobn\u00e9 stroje, ktor\u00e9 si n\u00e1sledne od nov\u00e9ho majite\u013ea prenajala. Na tla\u010dovej konferencii o tom vo \u0161tvrtok informoval Val\u00e1\u0161ek.<\/p>\n","protected":false},"excerpt":{"rendered":"ZVS holding odmieta tvrdenia o nedobrej finan\u010dnej situ\u00e1cii, naopak tvrd\u00ed, \u017ee spolo\u010dnos\u0165 rastie. \u201eV roku 2025 dosiahol \u010dist\u00fd&hellip;\n","protected":false},"author":2,"featured_media":163896,"comment_status":"","ping_status":"","sticky":false,"template":"","format":"standard","meta":{"footnotes":"","_share_on_mastodon":"0"},"categories":[32],"tags":[1285,66,1284,34,37,1283,33,142,47318,43,40,39,42,41,36,38,35,1282],"class_list":["post-163895","post","type-post","status-publish","format-standard","has-post-thumbnail","category-spravy","tag-casopis","tag-ekonomika","tag-extra-plus","tag-headlines","tag-hlavne-spravy","tag-hospodarstvo","tag-news","tag-politika","tag-progresivec-valasek-zavadza-a-klame-zvs-holding-odmieta-jeho-tvrdenia","tag-sk","tag-slovak","tag-slovakia","tag-slovencina","tag-slovensko","tag-spravy","tag-titulky","tag-top-stories","tag-zahranicie"],"share_on_mastodon":{"url":"https:\/\/pubeurope.com\/@sk\/117173811059560751","error":""},"_links":{"self":[{"href":"https:\/\/www.europesays.com\/sk\/wp-json\/wp\/v2\/posts\/163895","targetHints":{"allow":["GET"]}}],"collection":[{"href":"https:\/\/www.europesays.com\/sk\/wp-json\/wp\/v2\/posts"}],"about":[{"href":"https:\/\/www.europesays.com\/sk\/wp-json\/wp\/v2\/types\/post"}],"author":[{"embeddable":true,"href":"https:\/\/www.europesays.com\/sk\/wp-json\/wp\/v2\/users\/2"}],"replies":[{"embeddable":true,"href":"https:\/\/www.europesays.com\/sk\/wp-json\/wp\/v2\/comments?post=163895"}],"version-history":[{"count":0,"href":"https:\/\/www.europesays.com\/sk\/wp-json\/wp\/v2\/posts\/163895\/revisions"}],"wp:featuredmedia":[{"embeddable":true,"href":"https:\/\/www.europesays.com\/sk\/wp-json\/wp\/v2\/media\/163896"}],"wp:attachment":[{"href":"https:\/\/www.europesays.com\/sk\/wp-json\/wp\/v2\/media?parent=163895"}],"wp:term":[{"taxonomy":"category","embeddable":true,"href":"https:\/\/www.europesays.com\/sk\/wp-json\/wp\/v2\/categories?post=163895"},{"taxonomy":"post_tag","embeddable":true,"href":"https:\/\/www.europesays.com\/sk\/wp-json\/wp\/v2\/tags?post=163895"}],"curies":[{"name":"wp","href":"https:\/\/api.w.org\/{rel}","templated":true}]}}