{"id":163931,"date":"2026-08-28T15:52:12","date_gmt":"2026-08-28T15:52:12","guid":{"rendered":"https:\/\/www.europesays.com\/sk\/163931\/"},"modified":"2026-08-28T15:52:12","modified_gmt":"2026-08-28T15:52:12","slug":"nova-seria-bez-servitky-startuje-od-pondelka-prinesie-viac-obycajnych-ludi-ale-tiez-sefkucharov","status":"publish","type":"post","link":"https:\/\/www.europesays.com\/sk\/163931\/","title":{"rendered":"Nov\u00e1 s\u00e9ria Bez serv\u00edtky \u0161tartuje od pondelka: Prinesie viac oby\u010dajn\u00fdch \u013eud\u00ed, ale tie\u017e \u0161\u00e9fkuch\u00e1rov"},"content":{"rendered":"<p>Pred prest\u00e1vkou \u010delila rel\u00e1cia Bez serv\u00edtky viacer\u00fdm s\u0165a\u017enostiam zo strany div\u00e1kov. Prek\u00e1\u017ealo im, \u017ee v \u0161ou bolo viacero zn\u00e1mych tv\u00e1r\u00ed, ktor\u00e9 tam vytv\u00e1rali dr\u00e1mu alebo napr\u00edklad to, \u017ee <a href=\"https:\/\/www.interez.sk\/je-to-trapne-a-nie-vtipne-divaci-aj-sutaziaci-z-bez-servitky-sa-zhodli-opakovane-vtipy-ich-nebavia\/\" target=\"_blank\" rel=\"noopener nofollow\">opakovane sa st\u00e1valo<\/a>, \u017ee si niekto doniesol jedlo z domu. Tvrdili, \u017ee opakovan\u00fd vtip nie je vtipom. Zd\u00e1 sa, \u017ee si tvorcovia \u0161ou kritiku vzali k srdcu a v novej s\u00e9rii sa rozhodli napravi\u0165 si poves\u0165.<\/p>\n<p>\n\t\t\t\t\tGoogle News<br \/>\n\t\t\t\t\tSledujte interez v Google News \u2014 <br \/>spr\u00e1vy od n\u00e1s budete ma\u0165 ako prv\u00ed.\n\t\t\t\t<\/p>\n<p>\t\t\t\t<a href=\"https:\/\/www.google.com\/preferences\/source?q=interez.sk\" target=\"_blank\" rel=\"noopener nofollow\"><\/p>\n<p>\t\t\t\t\tPrida\u0165 ako zdroj<br \/>\n\t\t\t\t<\/a><\/p>\n<p>Na obrazovky TV JOJ sa u\u017e od pondelka vr\u00e1ti kultov\u00e1 kuch\u00e1rska \u0161ou. Rel\u00e1cia Bez serv\u00edtky sa vr\u00e1ti na obrazovky v tradi\u010dnom \u010dase, a to od pondelka do piatka o 17:50. Div\u00e1ci sa tak u\u017e od 31. augusta m\u00f4\u017eu op\u00e4\u0165 te\u0161i\u0165 na poriadnu d\u00e1vku z\u00e1bavy, em\u00f3ci\u00ed a kulin\u00e1rskych z\u00e1\u017eitkov. Re\u017eis\u00e9r Bez serv\u00edtky Tom\u00e1\u0161 Eibner zaru\u010duje, \u017ee nov\u00e1 s\u00e9ria prinesie momenty, ktor\u00e9 prekonaj\u00fa div\u00e1cke o\u010dak\u00e1vania.<\/p>\n<p>Viac z t\u00e9my Bez serv\u00edtky:<\/p>\n<p>Form\u00e1t sa nemen\u00ed, prich\u00e1dzaj\u00fa nov\u00ed s\u00fa\u0165a\u017eiaci<\/p>\n<p>\u0160ou prich\u00e1dza v p\u00f4vodnom overenom a div\u00e1cky ob\u013e\u00fabenom form\u00e1te, kedy po\u010das piatich dn\u00ed bojuje o finan\u010dn\u00fa v\u00fdhru p\u00e4\u0165 s\u00fa\u0165a\u017eiacich. Ka\u017ed\u00fd de\u0148 var\u00ed jeden z nich a ostatn\u00ed s\u00fa\u0165a\u017eiaci hodnotia jeho kuch\u00e1rske umenie a pohostinnos\u0165. Ten s\u00fa\u0165a\u017eiaci, ktor\u00fd na konci t\u00fd\u017ed\u0148a z\u00edska najviac bodov, odch\u00e1dza nielen s dobr\u00fdm pocitom, ale aj s finan\u010dnou v\u00fdhrou. \u0160t\u00e1b TV JOJ m\u00e1 za sebou u\u017e viac ako tis\u00edc odvysielan\u00fdch epiz\u00f3d. Napriek tomu tvorcovia Bez serv\u00edtky priznali, \u017ee nov\u00e1 s\u00e9ria ich dok\u00e1zala prekvapi\u0165. Re\u017eis\u00e9r Tom\u00e1\u0161 Eibner z\u00e1rove\u0148 prezradil detail z nat\u00e1\u010dania, ktor\u00fd nem\u00e1 v hist\u00f3rii \u0161ou obdobu:<\/p>\n<p><a href=\"https:\/\/www.interez.sk\/z-pecie-cele-slovensko-do-bez-servitky-oblubeni-cukrari-ukazu-ci-varia-tak-dobre-ako-pecu\/bez-servitky-ucinkujuci\/\" rel=\"attachment wp-att-749304 nofollow noopener\" target=\"_blank\"><img loading=\"lazy\" decoding=\"async\" class=\"size-full wp-image-749304\" src=\"data:image\/svg+xml,%3Csvg%20xmlns=\" http:=\"\" alt=\"Bez serv\u00edtky\" width=\"1600\" height=\"840\" data-lazy- data-lazy- data-lazy-src=\"https:\/\/www.europesays.com\/sk\/wp-content\/uploads\/2026\/08\/bez-servitky-ucinkujuci.jpg\"\/><img loading=\"lazy\" decoding=\"async\" class=\"size-full wp-image-749304\" src=\"https:\/\/www.europesays.com\/sk\/wp-content\/uploads\/2026\/08\/bez-servitky-ucinkujuci.jpg\" alt=\"Bez serv\u00edtky\" width=\"1600\" height=\"840\"  \/><\/a>Foto: TV JOJ<\/p>\n<p>\u201eBol som absol\u00fatne presved\u010den\u00fd, \u017ee po viac ako tis\u00edc odvysielan\u00fdch epiz\u00f3dach ma u\u017e naozaj ni\u010d neprekvap\u00ed. Ako v\u017edy pri reality form\u00e1toch \u2013 m\u00fdlil som sa. Zostal som v \u0161oku, ke\u010f som uvidel mor\u010dacie m\u00e4so nalepen\u00e9 na strope ved\u013ea lustra. Stalo sa to vo chv\u00edli, ke\u010f sa ho \u00fa\u010dinkuj\u00faci sna\u017eili po\u010das ve\u010dere odkroji\u0165, pri\u010dom hostite\u013eovi vy\u010d\u00edtali zl\u00fa pr\u00edpravu hlavn\u00e9ho jedla (a m\u00e4so jednoducho vystrelilo hore). Upozor\u0148ujem div\u00e1kov, \u017ee nejde o \u017eiadne zinscenovan\u00e9 sci-fi ani umelo vyhroten\u00fa situ\u00e1ciu, ale sk\u00f4r o ve\u013emi \u00fasmevn\u00fa kom\u00e9diu. Na\u0161ich host\u00ed to nakoniec tak mrzelo, \u017ee sa postavili na stoli\u010dky a podarilo sa im toto ,nadprirodzen\u00e9 mor\u010dacie teleso\u2018 zo stropu bezpe\u010dne odlepi\u0165,\u201c prezradil Eibner. Nov\u00e1 s\u00e9ria tak prinesie pestr\u00fa \u0161k\u00e1lu be\u017en\u00fdch \u013eud\u00ed, u ktor\u00fdch si div\u00e1ci najviac cenia ich autenticitu.<\/p>\n<p>Viac oby\u010dajn\u00fdch \u013eud\u00ed, menej zn\u00e1mych tv\u00e1r\u00ed<\/p>\n<p>Eibner pribl\u00ed\u017eil, \u017ee pri novej s\u00e9rii vsadili na kasting oby\u010dajn\u00fdch \u013eud\u00ed, u ktor\u00fdch sa div\u00e1ci do\u010dkaj\u00fa autentickej\u0161\u00edch reakci\u00ed. \u201eZn\u00e1me tv\u00e1re sa toti\u017e v be\u017en\u00fdch situ\u00e1ci\u00e1ch pred kamerou predsa len viac kontroluj\u00fa, aby si budovali pozit\u00edvny imid\u017e. Ner\u00e1d by som vopred konkretizoval, no podarilo sa n\u00e1m oslovi\u0165 zop\u00e1r celebr\u00edt, ktor\u00e9 bud\u00fa ve\u013emi \u00faprimne hodnoti\u0165. Dokonca som s\u00e1m zostal milo prekvapen\u00fd, ako dobre vedia vari\u0165 a v\u00f4bec sa t\u00fdm be\u017ene nereprezentuj\u00fa, hoci by mohli. A, samozrejme, ani v tejto s\u00e9rii nem\u00f4\u017eu ch\u00fdba\u0165 profesion\u00e1lni \u0161\u00e9fkuch\u00e1ri, ktor\u00ed posl\u00fa\u017eia ako in\u0161pir\u00e1cia pre v\u0161etk\u00fdch, ktor\u00ed miluj\u00fa svet gastron\u00f3mie,\u201c doplnil re\u017eis\u00e9r. Epiz\u00f3dy Bez serv\u00edtky s\u00fa dostupn\u00e9 aj na JOJ play.<\/p>\n<p>Vracia sa aj ob\u013e\u00faben\u00fd seri\u00e1l<\/p>\n<p>Ako sme v\u00e1s informovali v \u010dl\u00e1nku, okrem Bez serv\u00edtky sa na obrazovky vracia aj seri\u00e1l <a href=\"https:\/\/www.interez.sk\/tomas-mastalir-ovladne-obrazovky-herec-mieri-do-dvoch-oblubenych-projektov-divaci-ho-neprehliadnu\/\" target=\"_blank\" rel=\"noopener nofollow\">Tom\u00e1\u0161 a Diana<\/a>. V \u0148om sa objavuje Tom\u00e1\u0161 Ma\u0161tal\u00edr po boku Diany M\u00f3rovej, ktor\u00e1 si zahrala jeho man\u017eelku. Seri\u00e1l zobrazuje ich ka\u017edodenn\u00fd \u017eivot. Na za\u010diatku sa s\u00fastredil najm\u00e4 na ich vz\u0165ah, a potom, ke\u010f sa pres\u0165ahovali postavy Tom\u00e1\u0161a a Diany z bytu do domu, v seri\u00e1li pribudli ved\u013eaj\u0161ie postavy.<\/p>\n<p><a href=\"https:\/\/www.interez.sk\/kedysi-spolu-chodili-teraz-par-len-hraju-diana-morova-odhalila-ake-je-to-ucinkovat-po-boku-tomasa-mastalira\/dunaj-k-vasim-sluzbam-tereza-holubec-1\/\" rel=\"attachment wp-att-661920 nofollow noopener\" target=\"_blank\"><img loading=\"lazy\" decoding=\"async\" class=\"size-full wp-image-661920\" src=\"data:image\/svg+xml,%3Csvg%20xmlns=\" http:=\"\" alt=\"Tom\u00e1\u0161 a Diana\" width=\"1080\" height=\"567\" data-lazy- data-lazy- data-lazy-src=\"https:\/\/www.europesays.com\/sk\/wp-content\/uploads\/2026\/08\/dunaj-k-vasim-sluzbam-tereza-holubec-1.jpg\"\/><img loading=\"lazy\" decoding=\"async\" class=\"size-full wp-image-661920\" src=\"https:\/\/www.europesays.com\/sk\/wp-content\/uploads\/2026\/08\/dunaj-k-vasim-sluzbam-tereza-holubec-1.jpg\" alt=\"Tom\u00e1\u0161 a Diana\" width=\"1080\" height=\"567\"  \/><\/a>Foto: TV JOJ<\/p>\n<p>Nov\u00e9 postavy pritom nebud\u00fa ch\u00fdba\u0165 ani v nadch\u00e1dzaj\u00facej s\u00e9rii, medzi nimi terapeut, Dianini priatelia z ve\u010dern\u00e9ho kurzu a aj ve\u013emi ne\u010dakan\u00fd rodinn\u00fd pr\u00edrastok \u2013 Tom\u00e1\u0161ov novonaroden\u00fd nevlastn\u00fd brat. Dvojicu tie\u017e \u010dak\u00e1 cestovanie, tak\u017ee nep\u00f4jde len o ich klasick\u00fd stereotypn\u00fd partnersk\u00fd \u017eivot.<\/p>\n<p>Pozri aj:<\/p>\n<p>                                                                <a href=\"https:\/\/www.interez.sk\/film-mysiak-stuart-little-deti-milovali-aha-ako-vyzera-brat-george-po-24-rokoch-sa-vracia-do-hollywoodu\/\" onclick=\"ga(&#039;interez_Tracker.send&#039;, &#039;event&#039;, &#039;Pozri aj&#039;, &#039;Pozri aj - obr\u00e1zok&#039;, &#039;Film My\u0161iak Stuart Little deti milovali: Aha, ako vyzer\u00e1 brat George, po 24 rokoch sa\u2026&#039;)\" rel=\"nofollow noopener\" target=\"_blank\"><br \/>\n                                                                    <img loading=\"lazy\" decoding=\"async\" class=\"img-responsive pozri-aj-img\" src=\"data:image\/svg+xml,%3Csvg%20xmlns=\" http:=\"\" width=\"133\" height=\"70\" alt=\"Pozri aj tento \u010dl\u00e1nok\" data-lazy-src=\"https:\/\/www.europesays.com\/sk\/wp-content\/uploads\/2026\/08\/mysiak-stuart-little-herci-425x222.jpg\"\/><img loading=\"lazy\" decoding=\"async\" class=\"img-responsive pozri-aj-img\" src=\"https:\/\/www.europesays.com\/sk\/wp-content\/uploads\/2026\/08\/mysiak-stuart-little-herci-425x222.jpg\" width=\"133\" height=\"70\" alt=\"Pozri aj tento \u010dl\u00e1nok\"\/><br \/>\n                                                                <\/a><\/p>\n","protected":false},"excerpt":{"rendered":"Pred prest\u00e1vkou \u010delila rel\u00e1cia Bez serv\u00edtky viacer\u00fdm s\u0165a\u017enostiam zo strany div\u00e1kov. Prek\u00e1\u017ealo im, \u017ee v \u0161ou bolo viacero&hellip;\n","protected":false},"author":2,"featured_media":163932,"comment_status":"","ping_status":"","sticky":false,"template":"","format":"standard","meta":{"footnotes":"","_share_on_mastodon":"0"},"categories":[18],"tags":[10920,70,43,40,39,42,41,3958,107,97,3263,71],"class_list":["post-163931","post","type-post","status-publish","format-standard","has-post-thumbnail","category-tv","tag-bez-servitky","tag-entertainment","tag-sk","tag-slovak","tag-slovakia","tag-slovencina","tag-slovensko","tag-sou","tag-televizia","tag-tv","tag-tv-joj","tag-zabava"],"share_on_mastodon":{"url":"https:\/\/pubeurope.com\/@sk\/117173941047698848","error":""},"_links":{"self":[{"href":"https:\/\/www.europesays.com\/sk\/wp-json\/wp\/v2\/posts\/163931","targetHints":{"allow":["GET"]}}],"collection":[{"href":"https:\/\/www.europesays.com\/sk\/wp-json\/wp\/v2\/posts"}],"about":[{"href":"https:\/\/www.europesays.com\/sk\/wp-json\/wp\/v2\/types\/post"}],"author":[{"embeddable":true,"href":"https:\/\/www.europesays.com\/sk\/wp-json\/wp\/v2\/users\/2"}],"replies":[{"embeddable":true,"href":"https:\/\/www.europesays.com\/sk\/wp-json\/wp\/v2\/comments?post=163931"}],"version-history":[{"count":0,"href":"https:\/\/www.europesays.com\/sk\/wp-json\/wp\/v2\/posts\/163931\/revisions"}],"wp:featuredmedia":[{"embeddable":true,"href":"https:\/\/www.europesays.com\/sk\/wp-json\/wp\/v2\/media\/163932"}],"wp:attachment":[{"href":"https:\/\/www.europesays.com\/sk\/wp-json\/wp\/v2\/media?parent=163931"}],"wp:term":[{"taxonomy":"category","embeddable":true,"href":"https:\/\/www.europesays.com\/sk\/wp-json\/wp\/v2\/categories?post=163931"},{"taxonomy":"post_tag","embeddable":true,"href":"https:\/\/www.europesays.com\/sk\/wp-json\/wp\/v2\/tags?post=163931"}],"curies":[{"name":"wp","href":"https:\/\/api.w.org\/{rel}","templated":true}]}}