{"id":164065,"date":"2026-08-28T18:25:07","date_gmt":"2026-08-28T18:25:07","guid":{"rendered":"https:\/\/www.europesays.com\/sk\/164065\/"},"modified":"2026-08-28T18:25:07","modified_gmt":"2026-08-28T18:25:07","slug":"obmedzenia-vlakov-na-slovensku-od-septembra-menia-trasy","status":"publish","type":"post","link":"https:\/\/www.europesays.com\/sk\/164065\/","title":{"rendered":"Obmedzenia vlakov na Slovensku: Od septembra menia trasy"},"content":{"rendered":"<p>Od septembra \u010dakaj\u00fa cestuj\u00facich v\u00fdrazn\u00e9 zmeny na <a href=\"https:\/\/www.startitup.sk\/na-juznej-zeleznicnej-trati-nastal-kolaps-dopravy-po-incidente-meskaju-vlaky-aj-medzinarodne-spoje\/\" target=\"_blank\" rel=\"noopener nofollow\">\u017eeleznici<\/a>. Rekon\u0161trukcia v\u00fdhybiek obmedz\u00ed dopravu na bratislavskej hlavnej stanici.<\/p>\n<p>Od 1. septembra do 12. decembra 2026 ovplyvnia rekon\u0161truk\u010dn\u00e9 pr\u00e1ce \u017delezn\u00edc Slovenskej republiky (\u017dSR) prev\u00e1dzku vlakov v Bratislave. Ako informovala <a href=\"https:\/\/www.startitup.sk\/zssk-varuje-pred-horucavami-na-tratiach-teploty-budu-atakovat-40-stupnov-toto-si-pribal-na-cestu\/\" target=\"_blank\" rel=\"noopener nofollow\">ZSSK<\/a> redakciu Startitup prostredn\u00edctvom tla\u010dovej spr\u00e1vy, pre obmedzen\u00fa kapacitu \u017eelezni\u010dnej infra\u0161trukt\u00fary d\u00f4jde k viacer\u00fdm zmen\u00e1m v cestovn\u00fdch poriadkoch.<\/p>\n<p>Najv\u00fdraznej\u0161ie sa dotkn\u00fa spojov zo smeru Trnava, r\u00fdchlikov z Banskej Bystrice a Prievidze \u010di niektor\u00fdch region\u00e1lnych expresov.<\/p>\n<p>D\u00f4vodom je rekon\u0161trukcia v\u00fdhybiek v okol\u00ed bratislavskej hlavnej stanice. Pr\u00e1ce potrvaj\u00fa viac ako tri mesiace a obmedzen\u00e1 kapacita trat\u00ed sa prejav\u00ed aj na dia\u013ekov\u00fdch spojoch medzi Bratislavou, \u017dilinou a Ko\u0161icami.<\/p>\n<p>Vlaky z Trnavy hlavn\u00fa stanicu vynechaj\u00fa<\/p>\n<p>V\u00fdrazn\u00e1 zmena \u010dak\u00e1 cestuj\u00facich vyu\u017e\u00edvaj\u00facich osobn\u00e9 vlaky S50 medzi Bratislavou a Trnavou. Tie bud\u00fa na\u010falej jazdi\u0165 ka\u017ed\u00fa hodinu, no po\u010das celej v\u00fdluky bude ich kone\u010dnou a z\u00e1rove\u0148 v\u00fdchodiskovou stanicou Bratislava-Nov\u00e9 Mesto.<\/p>\n<p>Na bratislavsk\u00fa hlavn\u00fa stanicu sa teda cestuj\u00faci t\u00fdmito spojmi nedostan\u00fa. Zachovan\u00fd zostane aj prv\u00fd rann\u00fd vlak Os 3050, ktor\u00fd odch\u00e1dza z Trnavy o 4:07 a smeruje na Bratislavu-Nov\u00e9 Mesto.<\/p>\n<p>Po\u010das pracovn\u00fdch dn\u00ed z\u00e1rove\u0148 nebud\u00fa prem\u00e1va\u0165 posilov\u00e9 osobn\u00e9 vlaky v rannej a popolud\u0148aj\u0161ej \u0161pi\u010dke. Cestuj\u00faci v\u0161ak bud\u00fa m\u00f4c\u0165 vyu\u017ei\u0165 r\u00fdchliky R50 POVA\u017dAN, ktor\u00e9 bud\u00fa po\u010das v\u00fdluky mimoriadne zastavova\u0165 aj v Bratislave-Ra\u010di, \u0160enkviciach a C\u00edferi.<\/p>\n<p><img fetchpriority=\"high\" decoding=\"async\" class=\"wp-image-1233072 size-full\" src=\"data:image\/svg+xml,%3Csvg%20xmlns=\" http:=\"\" alt=\"Prakticke\u0301 info k vy\u0301luke Z\u030cST Bratislava hl.st\" width=\"2560\" height=\"1810\" data-lazy- data-lazy- data-lazy-src=\"https:\/\/www.europesays.com\/sk\/wp-content\/uploads\/2026\/08\/prakticke-info-k-vyluke-zst-bratislava-hlst-544288-w9izPUXB-scaled.jpg\"\/><img fetchpriority=\"high\" decoding=\"async\" class=\"wp-image-1233072 size-full\" src=\"https:\/\/www.europesays.com\/sk\/wp-content\/uploads\/2026\/08\/prakticke-info-k-vyluke-zst-bratislava-hlst-544288-w9izPUXB-scaled.jpg\" alt=\"Prakticke\u0301 info k vy\u0301luke Z\u030cST Bratislava hl.st\" width=\"2560\" height=\"1810\"  \/>zdroj: ZSSK<\/p>\n<p>Niektor\u00e9 s\u00fapravy POVA\u017dAN bud\u00fa navy\u0161e posilnen\u00e9 o jeden voze\u0148. Namiesto doteraj\u0161\u00edch siedmich tak bud\u00fa ma\u0165 osem voz\u0148ov.<\/p>\n<p>R55 medzi Bratislavou a Trnavou nep\u00f4jde<\/p>\n<p>Zmeny sa dotkn\u00fa aj region\u00e1lnych expresov R55. Spoje medzi Bratislavou a Trnavou bud\u00fa po\u010das v\u00fdluky zru\u0161en\u00e9 a vlaky bud\u00fa prem\u00e1va\u0165 iba na \u00faseku Trnava \u2013 Nitra. V Trnave v\u0161ak bude zabezpe\u010den\u00e1 mo\u017enos\u0165 prestupu medzi vlakmi R55, R50 POVA\u017dAN a dia\u013ekov\u00fdmi expresmi Ex 5xx KRIV\u00c1\u0147 a 6xx TATRAN.<\/p>\n<p>Odli\u0161n\u00e1 situ\u00e1cia bude pri vlakoch S60 medzi Bratislavou a Galantou. Tie bud\u00fa aj po\u010das rekon\u0161trukcie na\u010falej prem\u00e1va\u0165 a\u017e na bratislavsk\u00fa hlavn\u00fa stanicu, a to ka\u017ed\u00fa hodinu. Posilov\u00e9 spoje v pracovnej \u0161pi\u010dke v\u0161ak jazdi\u0165 nebud\u00fa.<\/p>\n<p>Kapacitu \u010diasto\u010dne doplnia region\u00e1lne expresy R60 Bratislava \u2013 Nov\u00e9 Z\u00e1mky, ktor\u00e9 bud\u00fa mimoriadne zastavova\u0165 aj v Ivanke pri Dunaji, Bernol\u00e1kove, Senci a Sl\u00e1dkovi\u010dove.<\/p>\n<p>V\u00e4\u010d\u0161ina URP\u00cdNOV skon\u010d\u00ed v Novom Meste<\/p>\n<p>Zmeny \u010dakaj\u00fa aj cestuj\u00facich z Banskej Bystrice. V\u00e4\u010d\u0161ina vybran\u00fdch r\u00fdchlikov URP\u00cdN bude po\u010das v\u00fdluky za\u010d\u00edna\u0165 a kon\u010di\u0165 na stanici Bratislava-Nov\u00e9 Mesto. Vlaky pritom namiesto Bratislavy-Vinohradov zastavia na stanici Bratislava predmestie. Na hlavn\u00fa stanicu bud\u00fa na\u010falej prem\u00e1va\u0165 \u0161tyri spoje: R 831, R 833, R 842 a R 844.<\/p>\n<p>R\u00fdchliky PONITRAN medzi Bratislavou-Nov\u00fdm Mestom a Prievidzou zostan\u00fa vo svojom re\u017eime, upravia sa v\u0161ak ich jazdn\u00e9 \u010dasy. Z\u00e1rove\u0148 u\u017e nebud\u00fa mimoriadne zastavova\u0165 v Pezinku a v t\u00fdchto vlakoch nebud\u00fa plati\u0165 cestovn\u00e9 doklady IDS BK.<\/p>\n<p>Naopak, dia\u013ekov\u00e9 expresy KRIV\u00c1\u0147 a TATRAN medzi Bratislavou a Ko\u0161icami zostan\u00fa obsluhova\u0165 bratislavsk\u00fa hlavn\u00fa stanicu. Ich jazdn\u00e9 \u010dasy sa v\u0161ak m\u00f4\u017eu o nieko\u013eko min\u00fat posun\u00fa\u0165 a pre obmedzenia m\u00f4\u017ee d\u00f4js\u0165 aj k pred\u013a\u017eeniu cestovn\u00e9ho \u010dasu.<\/p>\n<p>Z Nov\u00e9ho Mesta sa cestuj\u00faci dostan\u00fa do centra<\/p>\n<p>ZSSK z\u00e1rove\u0148 pripravila mo\u017enosti, ako sa cestuj\u00faci dostan\u00fa zo stanice Bratislava-Nov\u00e9 Mesto \u010falej do centra. \u013dudia s platn\u00fdm cestovn\u00fdm dokladom IDS BK m\u00f4\u017eu v r\u00e1mci jeho platnosti vyu\u017ei\u0165 spoje v\u0161etk\u00fdch dopravcov v sieti IDS BK.<\/p>\n<p>Cestuj\u00faci s dokladmi ZSSK m\u00f4\u017eu pokra\u010dova\u0165 elektri\u010dkou linky 4, ktor\u00e1 sp\u00e1ja Nov\u00e9 Mesto s centrom Bratislavy. Po pr\u00edchodoch osobn\u00fdch vlakov S50 z Trnavy bude v \u0161pi\u010dke posilnen\u00e1.<\/p>\n<p>ZSSK doklady bud\u00fa uzn\u00e1van\u00e9 na spojoch linky 4 medzi stanicou Nov\u00e9 Mesto a N\u00e1mest\u00edm \u013dudov\u00edta \u0160t\u00fara, respekt\u00edve v opa\u010dnom smere medzi \u0160af\u00e1rikov\u00fdm n\u00e1mest\u00edm a Nov\u00fdm Mestom, ak maj\u00fa v\u00fdchodiskov\u00fa alebo cie\u013eov\u00fa stanicu v Bratislave.<\/p>\n<p>Medzi hlavnou stanicou a Nov\u00fdm Mestom bude mo\u017en\u00e9 s cestovn\u00fdmi dokladmi ZSSK vyu\u017ei\u0165 aj vlaky S70 a R70 dopravcu Leo Express, pri\u010dom doklad mus\u00ed ma\u0165 v\u00fdchodiskov\u00fa, cie\u013eov\u00fa alebo prestupn\u00fa stanicu v Bratislave.<\/p>\n<p>ZSSK preto cestuj\u00facim odpor\u00fa\u010da, aby si najm\u00e4 v prv\u00fdch d\u0148och v\u00fdluky pred cestou overili aktu\u00e1lne spojenie, cie\u013eov\u00fa stanicu vlaku a mo\u017enosti prestupu.<\/p>\n<p class=\"siu-read-more-from-main-category\">\n        \u010c\u00edtaj viac z kateg\u00f3rie: <a href=\"https:\/\/www.startitup.sk\/kategoria\/zo-slovenska\/\" rel=\"nofollow noopener\" target=\"_blank\">Zo Slovenska<\/a>\n      <\/p>\n<p class=\"thank-you-after\">\n        \u010eakujeme, \u017ee \u010d\u00edta\u0161 Startitup. V pr\u00edpade, \u017ee m\u00e1\u0161 postreh alebo si na\u0161iel v \u010dl\u00e1nku chybu, nap\u00ed\u0161 n\u00e1m na <a href=\"mailto:%20redakcia@startitup.sk?subject=Postrehy%20a%20n%C3%A1vrhy&amp;body=%C4%8Cl%C3%A1nok:%20https:\/\/www.startitup.sk\/slovakov-cakaju-od-septembra-obmedzenia-na-zeleznici-viac-ako-3-mesacna-vyluka-zmeni-viacere-spoje-prehlad\/\">redakcia@startitup.sk<\/a>.\n      <\/p>\n<p>     Zdroj: TS\/\u00a0zssk<\/p>\n","protected":false},"excerpt":{"rendered":"Od septembra \u010dakaj\u00fa cestuj\u00facich v\u00fdrazn\u00e9 zmeny na \u017eeleznici. Rekon\u0161trukcia v\u00fdhybiek obmedz\u00ed dopravu na bratislavskej hlavnej stanici. Od 1.&hellip;\n","protected":false},"author":2,"featured_media":164066,"comment_status":"","ping_status":"","sticky":false,"template":"","format":"standard","meta":{"footnotes":"","_share_on_mastodon":"0"},"categories":[21],"tags":[136,1098,43,40,39,42,41,2955,23607,464],"class_list":["post-164065","post","type-post","status-publish","format-standard","has-post-thumbnail","category-bratislava","tag-bratislava","tag-rekonstrukcia","tag-sk","tag-slovak","tag-slovakia","tag-slovencina","tag-slovensko","tag-vyluka","tag-zeleznicna-stanica","tag-zssk"],"share_on_mastodon":{"url":"https:\/\/pubeurope.com\/@sk\/117174542318445687","error":""},"_links":{"self":[{"href":"https:\/\/www.europesays.com\/sk\/wp-json\/wp\/v2\/posts\/164065","targetHints":{"allow":["GET"]}}],"collection":[{"href":"https:\/\/www.europesays.com\/sk\/wp-json\/wp\/v2\/posts"}],"about":[{"href":"https:\/\/www.europesays.com\/sk\/wp-json\/wp\/v2\/types\/post"}],"author":[{"embeddable":true,"href":"https:\/\/www.europesays.com\/sk\/wp-json\/wp\/v2\/users\/2"}],"replies":[{"embeddable":true,"href":"https:\/\/www.europesays.com\/sk\/wp-json\/wp\/v2\/comments?post=164065"}],"version-history":[{"count":0,"href":"https:\/\/www.europesays.com\/sk\/wp-json\/wp\/v2\/posts\/164065\/revisions"}],"wp:featuredmedia":[{"embeddable":true,"href":"https:\/\/www.europesays.com\/sk\/wp-json\/wp\/v2\/media\/164066"}],"wp:attachment":[{"href":"https:\/\/www.europesays.com\/sk\/wp-json\/wp\/v2\/media?parent=164065"}],"wp:term":[{"taxonomy":"category","embeddable":true,"href":"https:\/\/www.europesays.com\/sk\/wp-json\/wp\/v2\/categories?post=164065"},{"taxonomy":"post_tag","embeddable":true,"href":"https:\/\/www.europesays.com\/sk\/wp-json\/wp\/v2\/tags?post=164065"}],"curies":[{"name":"wp","href":"https:\/\/api.w.org\/{rel}","templated":true}]}}