{"id":164187,"date":"2026-08-28T21:28:07","date_gmt":"2026-08-28T21:28:07","guid":{"rendered":"https:\/\/www.europesays.com\/sk\/164187\/"},"modified":"2026-08-28T21:28:07","modified_gmt":"2026-08-28T21:28:07","slug":"bratislava-privita-v-septembri-svetovy-curlingovy-kongres-2","status":"publish","type":"post","link":"https:\/\/www.europesays.com\/sk\/164187\/","title":{"rendered":"Bratislava priv\u00edta v septembri Svetov\u00fd curlingov\u00fd kongres"},"content":{"rendered":"<p>Bratislava 26. augusta (TASR) \u2013 Slovensko sa v priebehu p\u00e1r dn\u00ed stane centrom svetov\u00e9ho curlingu. Od 2. do 6. septembra priv\u00edta Bratislava Svetov\u00fd curlingov\u00fd kongres. Do hlavn\u00e9ho mesta zav\u00edta vy\u0161e 250 curlingov\u00fdch deleg\u00e1tov zo 75 kraj\u00edn sveta vr\u00e1tane olympijsk\u00fdch v\u00ed\u0165azov a l\u00eddrov medzin\u00e1rodn\u00fdch feder\u00e1ci\u00ed. Vrcholom t\u00fd\u017ed\u0148a bude vo\u013eba nov\u00e9ho prezidenta Svetovej curlingovej feder\u00e1cie.<\/p>\n<p>\u201eTo, \u017ee sa n\u00e1m podarilo prinies\u0165 Svetov\u00fd curlingov\u00fd kongres na Slovensko, vn\u00edmame ako obrovsk\u00fd \u00faspech a v\u00fdraz medzin\u00e1rodnej d\u00f4very,\u201c uviedol prostredn\u00edctvom tla\u010dovej spr\u00e1vy predseda Slovensk\u00e9ho curlingov\u00e9ho zv\u00e4zu Juraj Gallo. SCZ vznikol v roku 2002 a je n\u00e1rodn\u00fdm riadiacim org\u00e1nom pre curling, riadnym \u010dlenom Svetovej curlingovej feder\u00e1cie (World Curling) a Slovensk\u00e9ho olympijsk\u00e9ho a \u0161portov\u00e9ho v\u00fdboru (SO\u0160V).<\/p>\n","protected":false},"excerpt":{"rendered":"Bratislava 26. augusta (TASR) \u2013 Slovensko sa v priebehu p\u00e1r dn\u00ed stane centrom svetov\u00e9ho curlingu. Od 2. do&hellip;\n","protected":false},"author":2,"featured_media":164188,"comment_status":"","ping_status":"","sticky":false,"template":"","format":"standard","meta":{"footnotes":"","_share_on_mastodon":"0"},"categories":[21],"tags":[136,6803,23433,43,40,39,42,41,31035],"class_list":["post-164187","post","type-post","status-publish","format-standard","has-post-thumbnail","category-bratislava","tag-bratislava","tag-curling","tag-kongres","tag-sk","tag-slovak","tag-slovakia","tag-slovencina","tag-slovensko","tag-svetovy"],"share_on_mastodon":{"url":"https:\/\/pubeurope.com\/@sk\/117175261976937625","error":""},"_links":{"self":[{"href":"https:\/\/www.europesays.com\/sk\/wp-json\/wp\/v2\/posts\/164187","targetHints":{"allow":["GET"]}}],"collection":[{"href":"https:\/\/www.europesays.com\/sk\/wp-json\/wp\/v2\/posts"}],"about":[{"href":"https:\/\/www.europesays.com\/sk\/wp-json\/wp\/v2\/types\/post"}],"author":[{"embeddable":true,"href":"https:\/\/www.europesays.com\/sk\/wp-json\/wp\/v2\/users\/2"}],"replies":[{"embeddable":true,"href":"https:\/\/www.europesays.com\/sk\/wp-json\/wp\/v2\/comments?post=164187"}],"version-history":[{"count":0,"href":"https:\/\/www.europesays.com\/sk\/wp-json\/wp\/v2\/posts\/164187\/revisions"}],"wp:featuredmedia":[{"embeddable":true,"href":"https:\/\/www.europesays.com\/sk\/wp-json\/wp\/v2\/media\/164188"}],"wp:attachment":[{"href":"https:\/\/www.europesays.com\/sk\/wp-json\/wp\/v2\/media?parent=164187"}],"wp:term":[{"taxonomy":"category","embeddable":true,"href":"https:\/\/www.europesays.com\/sk\/wp-json\/wp\/v2\/categories?post=164187"},{"taxonomy":"post_tag","embeddable":true,"href":"https:\/\/www.europesays.com\/sk\/wp-json\/wp\/v2\/tags?post=164187"}],"curies":[{"name":"wp","href":"https:\/\/api.w.org\/{rel}","templated":true}]}}