{"id":164287,"date":"2026-08-29T06:06:13","date_gmt":"2026-08-29T06:06:13","guid":{"rendered":"https:\/\/www.europesays.com\/sk\/164287\/"},"modified":"2026-08-29T06:06:13","modified_gmt":"2026-08-29T06:06:13","slug":"obidvaja-v-lige-majstrov-vyzvu-slovan-ligovy-slager-lille-s-psg-priniesol-infarktovy-zaver","status":"publish","type":"post","link":"https:\/\/www.europesays.com\/sk\/164287\/","title":{"rendered":"Obidvaja v Lige majstrov vyzv\u00fa Slovan: Ligov\u00fd \u0161l\u00e1ger Lille s PSG priniesol infarktov\u00fd z\u00e1ver"},"content":{"rendered":"<p>\t<a href=\"https:\/\/sportky.zoznam.sk\/g\/493385\/obidvaja-v-lige-majstrov-vyzvu-slovan-ligovy-slager-lille-s-psg-priniesol-infarktovy-zaver?image=1192955\" title=\"Ethan Mbapp\u00e9 v s\u00faboji o loptu\" rel=\"nofollow noopener\" target=\"_blank\">\t\t\t<img decoding=\"async\" loading=\"lazy\" src=\"https:\/\/www.europesays.com\/sk\/wp-content\/uploads\/2026\/08\/psg-osc-lille-ligue-1192955.jpg\"  alt=\"Ethan Mbapp\u00e9 v s\u00faboji o loptu\"\/><\/a>Ethan Mbapp\u00e9 v s\u00faboji o loptu\t\t\t Zdroj: SITA\/AP\/Jean-Francois Badias\t\t\t\t<\/p>\n<p>\t\t\t<a class=\"box-article-author-image\"><br \/>\n\t\t\t\t<img decoding=\"async\" src=\"https:\/\/sportky.zoznam.sk\/static\/2019_default\/img\/author.svg\"\/><br \/>\n\t\t\t<\/a><\/p>\n<p class=\"perex\">LILLE &#8211; Futbalisti OSC Lille remizovali v 2. kole franc\u00fazskej Ligue 1 s \u00faraduj\u00facim \u0161ampi\u00f3nom Par\u00ed\u017eom Saint-Germain 2:2. Oba t\u00edmy bud\u00fa s\u00fapermi Slovana Bratislava v ligovej f\u00e1ze Ligy majstrov.\t<\/p>\n<p>Lille viedlo po g\u00f3loch Islan\u010fana Hakona Arnara Haraldssona a Dilana Bakwu 2:0, no PSG v nadstavenom \u010dase druh\u00e9ho pol\u010dasu vyrovnal z\u00e1sluhou Vitinhu a Marquinhosa.<\/p>\n<p>&#13;<br \/>\n&#13;<\/p>\n<p>Par\u00ed\u017eu sa zatia\u013e v novej sez\u00f3ne nedar\u00ed pod\u013ea predst\u00e1v. V \u00favodnom kole iba remizoval so Stade Rennes 2:2, ke\u010f bod pre dvojn\u00e1sobn\u00e9ho v\u00ed\u0165aza Ligy majstrov zachr\u00e1nil vo svojom premi\u00e9rovom z\u00e1pase v novom drese \u0160paniel Ferran Torres. V dueli o franc\u00fazsky Superpoh\u00e1r pod\u013eahli zverenci tr\u00e9nera Luisa Enriqueho Racingu Lens.<\/p>\n<p>&#13;<br \/>\n&#13;<\/p>\n<p>Ligue 1 &#8211; 2. kolo:<\/p>\n<p>OSC Lille &#8211; Par\u00ed\u017e Saint-Germain 2:2 (1:0)<br \/>&#13;<br \/>\nG\u00f3ly: 21. Haraldsson, 84. Bakwa &#8211; 90+1. Vitinha, 90+5. Marquinhos<\/p>\n<p>&#13;<br \/>\n&#13;<\/p>\n<p>\n\t\t\tFotogal\u00e9ria k \u010dl\u00e1nku<br \/>\n\t\t\tPo\u010det fotiek: 19\n\t\t<\/p>\n<p>\t&#13;<\/p>\n<p>\t\t\tViac o t\u00e9me:<\/p>\n<p>\t\t\tAutor: \u00a9 Zoznam\/\t\t\tZdroj: TASR\t<\/p>\n","protected":false},"excerpt":{"rendered":"Ethan Mbapp\u00e9 v s\u00faboji o loptu Zdroj: SITA\/AP\/Jean-Francois Badias LILLE &#8211; Futbalisti OSC Lille remizovali v 2. kole&hellip;\n","protected":false},"author":2,"featured_media":164288,"comment_status":"","ping_status":"","sticky":false,"template":"","format":"standard","meta":{"footnotes":"","_share_on_mastodon":"0"},"categories":[32],"tags":[34,37,47410,33,32656,3151,43,40,39,42,41,36,38,35,20386],"class_list":["post-164287","post","type-post","status-publish","format-standard","has-post-thumbnail","category-spravy","tag-headlines","tag-hlavne-spravy","tag-marquinhos","tag-news","tag-osc-lille","tag-psg","tag-sk","tag-slovak","tag-slovakia","tag-slovencina","tag-slovensko","tag-spravy","tag-titulky","tag-top-stories","tag-vitinha"],"share_on_mastodon":{"url":"https:\/\/pubeurope.com\/@sk\/117177298793820040","error":""},"_links":{"self":[{"href":"https:\/\/www.europesays.com\/sk\/wp-json\/wp\/v2\/posts\/164287","targetHints":{"allow":["GET"]}}],"collection":[{"href":"https:\/\/www.europesays.com\/sk\/wp-json\/wp\/v2\/posts"}],"about":[{"href":"https:\/\/www.europesays.com\/sk\/wp-json\/wp\/v2\/types\/post"}],"author":[{"embeddable":true,"href":"https:\/\/www.europesays.com\/sk\/wp-json\/wp\/v2\/users\/2"}],"replies":[{"embeddable":true,"href":"https:\/\/www.europesays.com\/sk\/wp-json\/wp\/v2\/comments?post=164287"}],"version-history":[{"count":0,"href":"https:\/\/www.europesays.com\/sk\/wp-json\/wp\/v2\/posts\/164287\/revisions"}],"wp:featuredmedia":[{"embeddable":true,"href":"https:\/\/www.europesays.com\/sk\/wp-json\/wp\/v2\/media\/164288"}],"wp:attachment":[{"href":"https:\/\/www.europesays.com\/sk\/wp-json\/wp\/v2\/media?parent=164287"}],"wp:term":[{"taxonomy":"category","embeddable":true,"href":"https:\/\/www.europesays.com\/sk\/wp-json\/wp\/v2\/categories?post=164287"},{"taxonomy":"post_tag","embeddable":true,"href":"https:\/\/www.europesays.com\/sk\/wp-json\/wp\/v2\/tags?post=164287"}],"curies":[{"name":"wp","href":"https:\/\/api.w.org\/{rel}","templated":true}]}}