{"id":164391,"date":"2026-08-29T08:31:12","date_gmt":"2026-08-29T08:31:12","guid":{"rendered":"https:\/\/www.europesays.com\/sk\/164391\/"},"modified":"2026-08-29T08:31:12","modified_gmt":"2026-08-29T08:31:12","slug":"bezne-zdroje-neporiadku-v-domacnosti-zbavte-sa-ich-a-ziskate-doma-viac-priestoru-a-volnosti","status":"publish","type":"post","link":"https:\/\/www.europesays.com\/sk\/164391\/","title":{"rendered":"Be\u017en\u00e9 zdroje neporiadku v dom\u00e1cnosti: Zbavte sa ich a z\u00edskate doma viac priestoru a vo\u013enosti"},"content":{"rendered":"<p>V\u00e4\u010d\u0161ina neporiadku v dom\u00e1cnosti vznik\u00e1 z presved\u010denia, \u017ee dan\u00e1 vec e\u0161te bude ma\u0165 vyu\u017eitie. Ak si v\u0161ak ned\u00e1me pozor a pravidelne nepretriedime predmety, ktor\u00e9 sa n\u00e1m hromadia, \u013eahko sa stane, \u017ee sa obklop\u00edme mno\u017estvom nepotrebn\u00fdch vec\u00ed, ktor\u00e9 iba zavadzaj\u00fa a s\u0165a\u017euj\u00fa udr\u017eiavanie poriadku. Niektor\u00e9 pritom zost\u00e1vaj\u00fa cel\u00e9 mesiace \u010di roky na rovnakom mieste bez toho, aby sme ich \u010do i len raz pou\u017eili. Ktor\u00fdch vec\u00ed by ste sa preto mali zbavi\u0165 ako prv\u00fdch?<\/p>\n<p>Urobte koniec neporiadku v dom\u00e1cnosti<\/p>\n<p>Cel\u00e9 tajomstvo spo\u010d\u00edva v tom, \u017ee si uvedom\u00edte, ktor\u00e9 veci a kde v\u00e1m najviac prek\u00e1\u017eaj\u00fa a zavadzaj\u00fa. M\u00f4\u017ee \u00eds\u0165 o rast\u00facu kopu papierov a pokladni\u010dn\u00fdch blo\u010dkov, o mno\u017estvo oble\u010denia a top\u00e1nok, ktor\u00e9 sa u\u017e nemaj\u00fa kam vojs\u0165 alebo o preplnen\u00fa z\u00e1suvku s nab\u00edja\u010dkami, k\u00e1blami a in\u00fdmi elektronick\u00fdmi doplnkami.<\/p>\n<p>1. Nepou\u017e\u00edvan\u00e9 kuchynsk\u00e9 pom\u00f4cky<\/p>\n<p>V kuchyni sa nach\u00e1dza ve\u013ea potrebn\u00e9ho vybavenia. Varenie a pe\u010denie vy\u017eaduje ve\u013ea riadu aj pom\u00f4cok, ale nie v\u0161etky sa vyu\u017e\u00edvaj\u00fa pravidelne. Samozrejme, ke\u010f nie\u010do vyu\u017e\u00edvate denne alebo pravidelne, netreba sa tejto veci a zariadenia zbavi\u0165. Ak v\u0161ak n\u00e1jdete tajomn\u00fd pr\u00edstroj zabalen\u00fd v origin\u00e1lnej krabici, odkedy ste ho dostali darom, asi je \u010das zisti\u0165 o \u010do ide a \u010di ho budete vyu\u017e\u00edva\u0165. Zv\u00e1\u017ete tie\u017e darovanie kuchynsk\u00fdch predmetov, ktor\u00e9 maj\u00fa vyu\u017eitie. Star\u00e9 a neopravite\u013en\u00e9 spotrebi\u010de recyklujte a niektor\u00e9 sentiment\u00e1lne k\u00fasky porcel\u00e1nu \u010di keramiky od starej mamy mo\u017eno posl\u00fa\u017eia lep\u0161ie in\u00e9mu \u010dlenovi va\u0161ej rodiny.<\/p>\n<p>2. Zastaran\u00e1 elektronika<\/p>\n<p>Kto nem\u00e1 doma krabicu pln\u00fa star\u00fdch k\u00e1blov, nab\u00edja\u010diek, mobiln\u00fdch telef\u00f3nov a in\u00fdch drobnost\u00ed, ktor\u00e9 u\u017e vlastne nikdy nepou\u017eije? Nie ste v tom sami! T\u00e1to situ\u00e1cia sa opakuje takmer v ka\u017edej dom\u00e1cnosti. Dva hlavn\u00e9 d\u00f4vody, pre\u010do to tak je s\u00fa, \u017ee po prv\u00e9 si mysl\u00edte, \u017ee ich e\u0161te vyu\u017eijete a po druh\u00e9, neviete ako ich spr\u00e1vne recyklova\u0165. Zistite si mo\u017enosti recykl\u00e1cie elektroodpadu a pr\u00edpadne niektor\u00e9 k\u00fasky sk\u00faste podarova\u0165 niekomu, kto ich vie e\u0161te opravi\u0165 alebo vyu\u017ei\u0165.<\/p>\n<p>3. Nenosen\u00e9 oble\u010denie<\/p>\n<p>Triedi\u0165 oble\u010denie v \u0161atn\u00edku je kapitola sama o sebe. K viacer\u00fdm veciam asi m\u00e1te citov\u00fd vz\u0165ah, a preto je zbavi\u0165 sa ich tak n\u00e1ro\u010dn\u00e9. Pokojne to m\u00f4\u017ee by\u0165 star\u00e9 a obnosen\u00e9 tri\u010dko si pich\u013eav\u00fd sveter, ktor\u00fd ste dostali ako dar\u010dek. Ak bojujete s nedostatkom miesta v skrini, triedenie oble\u010denia bude nevyhnutnos\u0165ou. Ned\u00fafajte, \u017ee do letn\u00fdch \u0161iat e\u0161te schudnete alebo ne\u010dakajte na pr\u00edle\u017eitos\u0165 obliec\u0165 si trblietav\u00e9 tri\u010dko. Ak by ste tieto veci mohli nosi\u0165, u\u017e by sa tak stalo. Nepohodln\u00e9 top\u00e1nky a nepraktick\u00e9 kabelky s\u00fa ten ist\u00fd probl\u00e9m. Nechajte si len to, \u010do skuto\u010dne nos\u00edte a v \u010dom vid\u00edte potenci\u00e1l.<\/p>\n<p>4. V\u00fdrobky po d\u00e1tume spotreby<\/p>\n<p>Potraviny, kozmetika a lieky maj\u00fa odpor\u00fa\u010dan\u00fd d\u00e1tum spotreby. Prebyto\u010dn\u00e9 mno\u017estvo sa nestihne spotrebova\u0165 a po d\u00e1tume spotreby m\u00f4\u017ee meni\u0165 svoje \u00fa\u010dinky alebo nefungova\u0165 v\u00f4bec. Urobte v nich poriadok, vyho\u010fte v\u0161etko star\u00e9, \u010do zmenilo farbu, v\u00f4\u0148u alebo chu\u0165. Star\u00e9 a nespotrebovan\u00e9 lieky zvy\u010dajne zober\u00fa v lek\u00e1rni, no rad\u0161ej si to overte.<\/p>\n<p>5. Ne\u017eiad\u00face papiere<\/p>\n<p>L\u00edstky, pozn\u00e1mky, let\u00e1ky, pokladni\u010dn\u00e9 blo\u010dky a in\u00e9 papiere sa nahromadia okam\u017eite. Prib\u00fadaj\u00fa denne a v\u017edy nie je dostatok \u010dasu na to, aby sa skontrolovali a pretriedili. Niektor\u00e9 s\u00fa potrebn\u00e9 kv\u00f4li z\u00e1ruke spotrebi\u010da a in\u00e9 zasa \u00faplne zbyto\u010dne zavadzaj\u00fa na pracovnom stole \u010di v predsieni. Pok\u00faste sa niektor\u00e9 z nich digitalizova\u0165 alebo z\u00edska\u0165 u\u017e v digit\u00e1lnej podobe. Je jasn\u00e9, \u017ee napr\u00edklad umeleck\u00e9 dielka va\u0161ich det\u00ed si s hrdos\u0165ou pripnete na chladni\u010dku a nebudete sa n\u00e1hli\u0165, aby ste sa ich \u010d\u00edm sk\u00f4r zbavili. Vytvorte si syst\u00e9m, kedy papiere hne\u010f skontrolujete a pr\u00edpadne vytriedi\u0165 do kateg\u00f3ri\u00ed \u201ena vyhodenie\u201c, \u201ena archivovanie\u201c a \u201ena vybavenie\u201c.<\/p>\n<p>6. Veci s citovou hodnotou<\/p>\n<p>Niektor\u00e9 predmety v\u00e1m mo\u017eno kedysi robili rados\u0165 a pripom\u00ednali nie\u010do pekn\u00e9 a v\u00fdnimo\u010dn\u00e9 vo va\u0161om \u017eivote, ale na mnoh\u00e9 z nich ste u\u017e asi aj zabudli. Ak s\u00fa cel\u00e9 roky ukryt\u00e9 v krabiciach v gar\u00e1\u017ei alebo v pivnici, mo\u017eno nastal u\u017e \u010das rozl\u00fa\u010di\u0165 sa s nimi. Navy\u0161e, skladova\u0165 ich bez vhodnej vlhkosti a teploty neprospieva ich stavu a prirodzene sa po\u0161kodzuj\u00fa. Nemus\u00edte sa zbavi\u0165 ka\u017edej pamiatky, vymyslite si pl\u00e1n, ktor\u00e9 veci chcete vyhodi\u0165, ktor\u00e9 darova\u0165 a ktor\u00e9 si ponecha\u0165. Bude to chv\u00ed\u013eu trva\u0165, ale v\u00fdsledok bude st\u00e1\u0165 za to.<\/p>\n<p><a class=\"fasc-button fasc-size-medium fasc-type-flat ico-fa fasc-ico-before fa-camera\" style=\"background-color: #fdda38; color: #0a0a0a;\" rel=\"noopener nofollow\" href=\"https:\/\/www.instagram.com\/plnielanu.sk\/\" target=\"_blank\">Sledujte n\u00e1\u0161 Instagram<\/a><\/p>\n<p>            <script async src=\"\/\/www.instagram.com\/embed.js\"><\/script><\/p>\n","protected":false},"excerpt":{"rendered":"V\u00e4\u010d\u0161ina neporiadku v dom\u00e1cnosti vznik\u00e1 z presved\u010denia, \u017ee dan\u00e1 vec e\u0161te bude ma\u0165 vyu\u017eitie. Ak si v\u0161ak ned\u00e1me&hellip;\n","protected":false},"author":2,"featured_media":164392,"comment_status":"","ping_status":"","sticky":false,"template":"","format":"standard","meta":{"footnotes":"","_share_on_mastodon":"0"},"categories":[32],"tags":[34,37,33,1206,43,40,39,42,41,36,38,35,11979,32223],"class_list":["post-164391","post","type-post","status-publish","format-standard","has-post-thumbnail","category-spravy","tag-headlines","tag-hlavne-spravy","tag-news","tag-oblecenie","tag-sk","tag-slovak","tag-slovakia","tag-slovencina","tag-slovensko","tag-spravy","tag-titulky","tag-top-stories","tag-upratovanie","tag-zlepsovaky"],"share_on_mastodon":{"url":"https:\/\/pubeurope.com\/@sk\/117177868985138832","error":""},"_links":{"self":[{"href":"https:\/\/www.europesays.com\/sk\/wp-json\/wp\/v2\/posts\/164391","targetHints":{"allow":["GET"]}}],"collection":[{"href":"https:\/\/www.europesays.com\/sk\/wp-json\/wp\/v2\/posts"}],"about":[{"href":"https:\/\/www.europesays.com\/sk\/wp-json\/wp\/v2\/types\/post"}],"author":[{"embeddable":true,"href":"https:\/\/www.europesays.com\/sk\/wp-json\/wp\/v2\/users\/2"}],"replies":[{"embeddable":true,"href":"https:\/\/www.europesays.com\/sk\/wp-json\/wp\/v2\/comments?post=164391"}],"version-history":[{"count":0,"href":"https:\/\/www.europesays.com\/sk\/wp-json\/wp\/v2\/posts\/164391\/revisions"}],"wp:featuredmedia":[{"embeddable":true,"href":"https:\/\/www.europesays.com\/sk\/wp-json\/wp\/v2\/media\/164392"}],"wp:attachment":[{"href":"https:\/\/www.europesays.com\/sk\/wp-json\/wp\/v2\/media?parent=164391"}],"wp:term":[{"taxonomy":"category","embeddable":true,"href":"https:\/\/www.europesays.com\/sk\/wp-json\/wp\/v2\/categories?post=164391"},{"taxonomy":"post_tag","embeddable":true,"href":"https:\/\/www.europesays.com\/sk\/wp-json\/wp\/v2\/tags?post=164391"}],"curies":[{"name":"wp","href":"https:\/\/api.w.org\/{rel}","templated":true}]}}