{"id":164411,"date":"2026-08-29T09:01:15","date_gmt":"2026-08-29T09:01:15","guid":{"rendered":"https:\/\/www.europesays.com\/sk\/164411\/"},"modified":"2026-08-29T09:01:15","modified_gmt":"2026-08-29T09:01:15","slug":"sok-vo-vyznamnej-lokalite-na-slovensku-nasli-mrtve-telo-spustili-vysetrovanie-hladaju-svedkynu","status":"publish","type":"post","link":"https:\/\/www.europesays.com\/sk\/164411\/","title":{"rendered":"\u0160OK vo v\u00fdznamnej lokalite na Slovensku: Na\u0161li M\u0154TVE TELO! Spustili vy\u0161etrovanie, h\u013eadaj\u00fa svedky\u0148u"},"content":{"rendered":"<p>\t\t\t\t\t\t\t<img decoding=\"async\" src=\"https:\/\/www.europesays.com\/sk\/wp-content\/uploads\/2026\/08\/1787994070_981_regiony-obrovska-tragedia.jpg\" alt=\"Zdroj: Regiony.sk\" style=\"aspect-ratio: 1.33;object-fit: cover; display:inline; width: 100%;\" fetchpriority=\"high\"\/><\/p>\n<p>\t\t\t\t\tZdroj: Regiony.sk<\/p>\n<p>Tragick\u00fd n\u00e1lez v bratislavskej Dev\u00ednskej Novej Vsi vy\u0161etruje pol\u00edcia. V oblasti Sandbergu, zn\u00e1mej paleontologickej lokalite, na\u0161li po\u010das predo\u0161l\u00e9ho v\u00edkendu v skor\u00fdch rann\u00fdch hodin\u00e1ch telo mu\u017ea bez zn\u00e1mok \u017eivota. Privolan\u00fd obhliadaj\u00faci lek\u00e1r n\u00e1sledne kon\u0161tatoval jeho smr\u0165. Okolnosti pr\u00edpadu s\u00fa predmetom policajn\u00e9ho vy\u0161etrovania.<\/p>\n<p>V s\u00favislosti s ne\u0161\u0165ast\u00edm sa z\u00e1rove\u0148 objavila v\u00fdzva na soci\u00e1lnej sieti. Jej autor h\u013ead\u00e1 \u017eenu so psom, ktor\u00e1 sa mala v \u010dase trag\u00e9die nach\u00e1dza\u0165 v lese a mohla by\u0165 svedkom udalosti. \u201ePros\u00edme o pomoc\u2026 Pani so ps\u00edkom ktor\u00e1 bola d\u0148a 23.8 v skor\u00fdch rann\u00fdch hodin\u00e1ch svedkom tragickej udalosti v lese (Sandberg), aby n\u00e1s kontaktovala.\u201c<\/p>\n<p><img fetchpriority=\"high\" decoding=\"async\" width=\"1918\" height=\"1078\" src=\"https:\/\/www.europesays.com\/sk\/wp-content\/uploads\/2026\/08\/image-12-1.jpg\" alt=\"Sandberg je v\u00fdznamn\u00e1 paleontologick\u00e1 lokalita, nach\u00e1dzaj\u00faca sa na \u00fazem\u00ed mestskej \u010dasti Dev\u00ednska Nov\u00e1 Ves.\" class=\"wp-image-866844\"  \/>Sandberg je v\u00fdznamn\u00e1 paleontologick\u00e1 lokalita, nach\u00e1dzaj\u00faca sa na \u00fazem\u00ed mestskej \u010dasti Dev\u00ednska Nov\u00e1 Ves. Zdroj: Wikipedia<\/p>\n<p>\t\t<a href=\"https:\/\/zilina.zoznam.sk\/zomrel-slovensky-muzikant-a-clen-parlamentnej-strany\/\" rel=\"nofollow noopener\" target=\"_blank\"><br \/>\n\t\t\t<img decoding=\"async\" src=\"https:\/\/www.europesays.com\/sk\/wp-content\/uploads\/2026\/08\/1787994072_476_sviecka.jpg\" alt=\"Zomrel slovensk\u00fd muzikant a \u010dlen parlamentnej strany\" loading=\"lazy\"\/><br \/>\n\t\t<\/a><\/p>\n<p style=\"color:#000;\">Pre\u010d\u00edtajte si tie\u017e<\/p>\n<p>\t\t\t<a href=\"https:\/\/zilina.zoznam.sk\/zomrel-slovensky-muzikant-a-clen-parlamentnej-strany\/\" rel=\"nofollow noopener\" target=\"_blank\">Zomrel slovensk\u00fd muzikant a \u010dlen parlamentnej strany<\/a><\/p>\n<p>Pr\u00edpad vy\u0161etruje pol\u00edcia<\/p>\n<p>Tragick\u00fdm pr\u00edpadom sa u\u017e zaoberaj\u00fa policajti Okresn\u00e9ho riadite\u013estva Policajn\u00e9ho zboru v Bratislave IV. Vo veci u\u017e za\u010dali trestn\u00e9 st\u00edhanie pre pre\u010din usmrtenia. Vy\u0161etrovanie na\u010falej pokra\u010duje. Pre regiony.sk to potvrdila bratislavsk\u00e1 krajsk\u00e1 policajn\u00e1 hovorky\u0148a Martina \u0160emetkov\u00e1.<\/p>\n<p>Mohlo by v\u00e1s zauj\u00edma\u0165:<\/p>\n<p>Reklama<\/p>\n<p> div {<br \/>\ntext-align: left;<br \/>\nfont-size: 12px;<br \/>\ncolor: #6f6f6f;<br \/>\n}<\/p>\n<p>#onnetwork-banner > div:first-child {<br \/>\ntext-align: left;<br \/>\nfont-weight: 700;<br \/>\npadding-bottom: 5px;<br \/>\nfont-size: 14px;<br \/>\ncolor: #000000;<br \/>\n}<\/p>\n<p>]]><\/p>\n<p>\u201eVo veci je v s\u00fa\u010dasnosti za\u010dat\u00e9 trestn\u00e9 st\u00edhanie pre pre\u010din usmrtenia, pri\u010dom vy\u0161etrovanie na\u010falej pokra\u010duje. V s\u00favislosti s udalos\u0165ou nebolo doposia\u013e zisten\u00e9 cudzie zavinenie,\u201c uviedla hovorky\u0148a.<\/p>\n<p>Vzh\u013eadom na pokra\u010duj\u00face \u00fakony vy\u0161etrovania pol\u00edcia \u010fal\u0161ie podrobnosti zatia\u013e neposkytuje. Pr\u00ed\u010dina a okolnosti \u00famrtia tak zost\u00e1vaj\u00fa predmetom vy\u0161etrovania.<\/p>\n<p>\t\t<a href=\"https:\/\/nitra.zoznam.sk\/strasna-tragedia-na-ceste-marika-uz-do-skolky-nepride-zo-slov-kolegov-trha-srdce-mrazive-detaily\/\" rel=\"nofollow noopener\" target=\"_blank\"><br \/>\n\t\t\t<img decoding=\"async\" src=\"https:\/\/www.europesays.com\/sk\/wp-content\/uploads\/2026\/08\/1787994073_563_tragedia-marika-255x190.jpg\" alt=\"STRA\u0160N\u00c1 TRAG\u00c9DIA na ceste: Marika u\u017e do \u0161k\u00f4lky nepr\u00edde! Zo SLOV kolegov trh\u00e1 srdce, mraziv\u00e9 detaily\" loading=\"lazy\"\/><br \/>\n\t\t<\/a><\/p>\n<p style=\"color:#000;\">Pre\u010d\u00edtajte si tie\u017e<\/p>\n<p>\t\t\t<a href=\"https:\/\/nitra.zoznam.sk\/strasna-tragedia-na-ceste-marika-uz-do-skolky-nepride-zo-slov-kolegov-trha-srdce-mrazive-detaily\/\" rel=\"nofollow noopener\" target=\"_blank\">STRA\u0160N\u00c1 TRAG\u00c9DIA na ceste: Marika u\u017e do \u0161k\u00f4lky nepr\u00edde! Zo SLOV kolegov trh\u00e1 srdce, mraziv\u00e9 detaily<\/a><\/p>\n<p><a class=\"map-link\" target=\"_blank\" href=\"https:\/\/mapa.zoznam.sk\/?z=11&amp;p[0]=48.2010404,16.9739135\" rel=\"nofollow noopener\"><img decoding=\"async\" src=\"https:\/\/www.europesays.com\/sk\/wp-content\/uploads\/2026\/08\/1787994074_448_staticmap.png\" style=\"padding-bottom:30px;width:100%\"\/><\/a>\t\t\t\t\t\t\t\t\t\t\t\t\t\t<\/p>\n<p class=\"tags\">Viac o t\u00e9me: <a href=\"https:\/\/regiony.zoznam.sk\/tag\/les\/\" rel=\"nofollow noopener\" target=\"_blank\">les<\/a>, <a href=\"https:\/\/regiony.zoznam.sk\/tag\/mrtve-telo\/\" rel=\"nofollow noopener\" target=\"_blank\">m\u0155tve telo<\/a>, <a href=\"https:\/\/regiony.zoznam.sk\/tag\/policia\/\" rel=\"nofollow noopener\" target=\"_blank\">pol\u00edcia<\/a>, <a href=\"https:\/\/regiony.zoznam.sk\/tag\/sandberg\/\" rel=\"nofollow noopener\" target=\"_blank\">Sandberg<\/a>, <a href=\"https:\/\/regiony.zoznam.sk\/tag\/tragedia-2\/\" rel=\"nofollow noopener\" target=\"_blank\">tragedia<\/a><\/p>\n<p>\t\tKoment\u00e1re k \u010dl\u00e1nku<\/p>\n<p>\t\t\t\t\t\t\t\t\t\t\t\t\t\t\t\t\t<img decoding=\"async\" class=\"article-comment-image\" src=\"https:\/\/www.europesays.com\/sk\/wp-content\/uploads\/2026\/08\/1787994075_421_avatar92.jpg\" alt=\"\"\/><\/p>\n<p>ACHNOS<\/p>\n<p>\n\t\t\t\t\t\t\t\t\tPred 24 min\u00fatami\t\t\t\t\t\t\t\t<\/p>\n<p>UKROJINSKA BALLKAN M\u0147AMKY PROGRESS BRATISLAVA<\/p>\n","protected":false},"excerpt":{"rendered":"Zdroj: Regiony.sk Tragick\u00fd n\u00e1lez v bratislavskej Dev\u00ednskej Novej Vsi vy\u0161etruje pol\u00edcia. V oblasti Sandbergu, zn\u00e1mej paleontologickej lokalite, na\u0161li&hellip;\n","protected":false},"author":2,"featured_media":164412,"comment_status":"","ping_status":"","sticky":false,"template":"","format":"standard","meta":{"footnotes":"","_share_on_mastodon":"0"},"categories":[21],"tags":[136,9152,2442,525,47425,43,40,39,42,41,729],"class_list":["post-164411","post","type-post","status-publish","format-standard","has-post-thumbnail","category-bratislava","tag-bratislava","tag-les","tag-mrtve-telo","tag-policia","tag-sandberg","tag-sk","tag-slovak","tag-slovakia","tag-slovencina","tag-slovensko","tag-tragedia"],"share_on_mastodon":{"url":"https:\/\/pubeurope.com\/@sk\/117177986958482299","error":""},"_links":{"self":[{"href":"https:\/\/www.europesays.com\/sk\/wp-json\/wp\/v2\/posts\/164411","targetHints":{"allow":["GET"]}}],"collection":[{"href":"https:\/\/www.europesays.com\/sk\/wp-json\/wp\/v2\/posts"}],"about":[{"href":"https:\/\/www.europesays.com\/sk\/wp-json\/wp\/v2\/types\/post"}],"author":[{"embeddable":true,"href":"https:\/\/www.europesays.com\/sk\/wp-json\/wp\/v2\/users\/2"}],"replies":[{"embeddable":true,"href":"https:\/\/www.europesays.com\/sk\/wp-json\/wp\/v2\/comments?post=164411"}],"version-history":[{"count":0,"href":"https:\/\/www.europesays.com\/sk\/wp-json\/wp\/v2\/posts\/164411\/revisions"}],"wp:featuredmedia":[{"embeddable":true,"href":"https:\/\/www.europesays.com\/sk\/wp-json\/wp\/v2\/media\/164412"}],"wp:attachment":[{"href":"https:\/\/www.europesays.com\/sk\/wp-json\/wp\/v2\/media?parent=164411"}],"wp:term":[{"taxonomy":"category","embeddable":true,"href":"https:\/\/www.europesays.com\/sk\/wp-json\/wp\/v2\/categories?post=164411"},{"taxonomy":"post_tag","embeddable":true,"href":"https:\/\/www.europesays.com\/sk\/wp-json\/wp\/v2\/tags?post=164411"}],"curies":[{"name":"wp","href":"https:\/\/api.w.org\/{rel}","templated":true}]}}