{"id":164479,"date":"2026-08-29T11:07:07","date_gmt":"2026-08-29T11:07:07","guid":{"rendered":"https:\/\/www.europesays.com\/sk\/164479\/"},"modified":"2026-08-29T11:07:07","modified_gmt":"2026-08-29T11:07:07","slug":"video-podozrivi-z-nasilnej-smrti-muza-v-krakove-sa-ukryvali-v-bratislave-policia-ich-uz-zadrzala-takto-to-prebiehalo","status":"publish","type":"post","link":"https:\/\/www.europesays.com\/sk\/164479\/","title":{"rendered":"VIDEO: Podozriv\u00ed z n\u00e1silnej smrti mu\u017ea v Krakove sa ukr\u00fdvali v Bratislave. Pol\u00edcia ich u\u017e zadr\u017eala, takto to prebiehalo&#8230;"},"content":{"rendered":"<p class=\"article-perex\" itemprop=\"description\" style=\"font-weight: bold; font-style: italic;\">&#13;<br \/>\n                                                            Bratislavsk\u00ed kriminalisti zadr\u017eali trojicu v byte na \u0160ustekovej ulici. Po\u013esk\u00e1 pol\u00edcia ju h\u013eadala v s\u00favislosti so smr\u0165ou 36-ro\u010dn\u00e9ho mu\u017ea po \u00fatoku v Krakove.                                                        <\/p>\n<p>Bratislavsk\u00ed policajti zadr\u017eali trojicu mu\u017eov, ktor\u00ed s\u00fa podozriv\u00ed z \u00fa\u010dasti na z\u00e1va\u017enom n\u00e1silnom trestnom \u010dine v Po\u013esku. Krakovsk\u00e1 <a href=\"https:\/\/www.bratislavak.sk\/temy\/vlamacka\" class=\"link-tag\" style=\"\" rel=\"nofollow noopener\" target=\"_blank\">pol\u00edcia<\/a> po nich p\u00e1trala v s\u00favislosti so smr\u0165ou 36-ro\u010dn\u00e9ho mu\u017ea, ktor\u00fd <a href=\"https:\/\/www.bratislavak.sk\/temy\/umrtie\" class=\"link-tag\" style=\"\" rel=\"nofollow noopener\" target=\"_blank\">zomrel<\/a> po fyzickom \u00fatoku.<\/p>\n<p>K napadnutiu malo d\u00f4js\u0165 v noci z 20. na 21. augusta v mestskej \u010dasti Nowa Huta v Krakove. Skupina viacer\u00fdch os\u00f4b tam mala napadn\u00fa\u0165 36-ro\u010dn\u00e9ho mu\u017ea. Ten utrpel nato\u013eko v\u00e1\u017ene zranenia, \u017ee im napriek snahe lek\u00e1rov pod\u013eahol. \u00dato\u010dn\u00edci n\u00e1sledne z miesta u\u0161li.<\/p>\n<p>Po\u013esk\u00ed policajti v uplynul\u00fdch d\u0148och z\u00edskali inform\u00e1ciu, \u017ee tri osoby d\u00f4vodne podozriv\u00e9 z \u00fa\u010dasti na \u00fatoku by sa mohli nach\u00e1dza\u0165 v Bratislave. Bratislavsk\u00ed kriminalisti inform\u00e1ciu preverili a potvrdili.<\/p>\n<p>K zadr\u017eaniu trojice prist\u00fapili vo \u0161tvrtok 28. augusta. Ke\u010f\u017ee nebolo vyl\u00fa\u010den\u00e9, \u017ee podozriv\u00ed m\u00f4\u017eu by\u0165 ozbrojen\u00ed, kriminalistom poskytli s\u00fa\u010dinnos\u0165 policajti Pohotovostn\u00e9ho policajn\u00e9ho \u00fatvaru <a href=\"https:\/\/www.bratislavak.sk\/temy\/vlcie-hrdlo\" class=\"link-tag\" style=\"\" rel=\"nofollow noopener\" target=\"_blank\">Bratislava<\/a>. Troch mu\u017eov zadr\u017eali za pou\u017eitia donucovac\u00edch prostriedkov v jednom z bytov na \u0160ustekovej ulici. Pri z\u00e1kroku sa pod\u013ea pol\u00edcie nikto nezranil.<\/p>\n<p><br id=\"br-wrap-gam-bratislavak-in-content\"\/><\/p>\n<p>\u201eLustr\u00e1ciou bolo potvrden\u00e9, \u017ee po dvoch mu\u017eoch je vyhl\u00e1sen\u00e9 pol\u00edciou v Krakove <a href=\"https:\/\/www.bratislavak.sk\/temy\/patranie\" class=\"link-tag\" style=\"\" rel=\"nofollow noopener\" target=\"_blank\">p\u00e1tranie<\/a> na \u00fa\u010dely zadr\u017eania a extrad\u00edcie, tret\u00ed z mu\u017eov bol veden\u00fd v p\u00e1tran\u00ed ako nezvestn\u00e1 neplnolet\u00e1 osoba vyhl\u00e1sen\u00e1 po\u013esk\u00fdmi org\u00e1nmi,\u201c uviedol policajn\u00fd hovorca Michal Szeiff. <\/p>\n<p>V\u0161etk\u00fdch troch n\u00e1sledne eskortovali na pr\u00edslu\u0161n\u00e9 policajn\u00e9 oddelenie, kde s nimi vykonali potrebn\u00e9 \u00fakony. N\u00e1sledne maj\u00fa by\u0165 odovzdan\u00ed policajtom z Krakova.<\/p>\n","protected":false},"excerpt":{"rendered":"&#13; Bratislavsk\u00ed kriminalisti zadr\u017eali trojicu v byte na \u0160ustekovej ulici. Po\u013esk\u00e1 pol\u00edcia ju h\u013eadala v s\u00favislosti so smr\u0165ou&hellip;\n","protected":false},"author":2,"featured_media":164480,"comment_status":"","ping_status":"","sticky":false,"template":"","format":"standard","meta":{"footnotes":"","_share_on_mastodon":"0"},"categories":[21],"tags":[136,2031,761,2030,762,764,535,760,763,453,525,43,40,39,42,41,766,765,302],"class_list":["post-164479","post","type-post","status-publish","format-standard","has-post-thumbnail","category-bratislava","tag-bratislava","tag-bratislavske-krimi","tag-drogy","tag-krimi-bratislava","tag-lupez","tag-naka","tag-nehoda","tag-nehody","tag-pachatel","tag-patranie","tag-policia","tag-sk","tag-slovak","tag-slovakia","tag-slovencina","tag-slovensko","tag-vrazda","tag-zadrzanie","tag-zlodeji"],"share_on_mastodon":{"url":"https:\/\/pubeurope.com\/@sk\/117178482189683158","error":""},"_links":{"self":[{"href":"https:\/\/www.europesays.com\/sk\/wp-json\/wp\/v2\/posts\/164479","targetHints":{"allow":["GET"]}}],"collection":[{"href":"https:\/\/www.europesays.com\/sk\/wp-json\/wp\/v2\/posts"}],"about":[{"href":"https:\/\/www.europesays.com\/sk\/wp-json\/wp\/v2\/types\/post"}],"author":[{"embeddable":true,"href":"https:\/\/www.europesays.com\/sk\/wp-json\/wp\/v2\/users\/2"}],"replies":[{"embeddable":true,"href":"https:\/\/www.europesays.com\/sk\/wp-json\/wp\/v2\/comments?post=164479"}],"version-history":[{"count":0,"href":"https:\/\/www.europesays.com\/sk\/wp-json\/wp\/v2\/posts\/164479\/revisions"}],"wp:featuredmedia":[{"embeddable":true,"href":"https:\/\/www.europesays.com\/sk\/wp-json\/wp\/v2\/media\/164480"}],"wp:attachment":[{"href":"https:\/\/www.europesays.com\/sk\/wp-json\/wp\/v2\/media?parent=164479"}],"wp:term":[{"taxonomy":"category","embeddable":true,"href":"https:\/\/www.europesays.com\/sk\/wp-json\/wp\/v2\/categories?post=164479"},{"taxonomy":"post_tag","embeddable":true,"href":"https:\/\/www.europesays.com\/sk\/wp-json\/wp\/v2\/tags?post=164479"}],"curies":[{"name":"wp","href":"https:\/\/api.w.org\/{rel}","templated":true}]}}