{"id":164557,"date":"2026-08-29T13:03:07","date_gmt":"2026-08-29T13:03:07","guid":{"rendered":"https:\/\/www.europesays.com\/sk\/164557\/"},"modified":"2026-08-29T13:03:07","modified_gmt":"2026-08-29T13:03:07","slug":"skupina-horkyze-slize-vydava-album-s-tajomnym-nazvom-a-carovne-slovicko","status":"publish","type":"post","link":"https:\/\/www.europesays.com\/sk\/164557\/","title":{"rendered":"Skupina Hork\u00fd\u017ee Sl\u00ed\u017ee vyd\u00e1va album s tajomn\u00fdm n\u00e1zvom \u2026a \u010carovn\u00e9 slov\u00ed\u010dko?"},"content":{"rendered":"<p>Skupina  Hork\u00fd\u017ee Sl\u00ed\u017ee nahrala po piatich rokoch nov\u00fd album. Vych\u00e1dza dnes pod n\u00e1zvom \u2026a \u010carovn\u00e9 slov\u00ed\u010dko? na CD, LP a digit\u00e1lnych platform\u00e1ch. Sl\u00e1vna punkrockov\u00e1 \u0161tvorica z Nitry ju ve\u010der pokrst\u00ed na svojom festivale Sl\u00ed\u017eovica.<\/p>\n<p>\u0160t\u00fadiov\u00fa novinku tvor\u00ed \u0161estn\u00e1s\u0165 piesn\u00ed, ktor\u00e9 vznikali, ako je u Sl\u00ed\u017eov obvykl\u00e9, spolo\u010dne a \u017eivelne.\u00a0&#8222;Materi\u00e1l pre album sme zbierali dlh\u0161iu dobu. S\u00fa tam n\u00e1pady z p\u00e4\u0165ro\u010dn\u00fdch aj star\u0161\u00edch \u0161upl\u00edkov, ale aj skladby, ktor\u00e9 vznikli priamo v sk\u00fa\u0161obni alebo v \u0161t\u00fadiu,&#8220;\u00a0ozrejmuje buben\u00edk Marek &#8222;Vandel&#8220; Vir\u0161\u00edk.<\/p>\n<p>Spev\u00e1k a dvorn\u00fd text\u00e1r Peter &#8222;Kuko&#8220; Hriv\u0148\u00e1k dop\u013a\u0148a\u00a0: &#8222;Viac-menej sme s n\u00edm stihli Nadobro Krisms n\u00e1kupy, preto si mysl\u00edme, \u017ee Nebolo to zl\u00e9.&#8220; Tajomn\u00fd n\u00e1zov albumu vraj vych\u00e1dza z jeho obvyklej reakcie na v\u00fdkriky posluch\u00e1\u010dov, ktor\u00ed sa na koncertoch do\u017eaduj\u00fa pr\u00eddavku.<\/p>\n<p>K prv\u00e9mu singlu Monte Mabu z albumu, skupina nato\u010dila klip s \u010fal\u0161\u00edm z geni\u00e1lnych Kukov\u00fdch textov a vypustila ho do verejn\u00e9ho priestoru mesiac pred vydan\u00edm albumu, ktor\u00fd vych\u00e1dza presne v de\u0148 svojho krstu na festivale Sl\u00ed\u017eovica, kde Hork\u00fd\u017ee Sl\u00ed\u017ee taktie\u017e oslavuj\u00fa svoje narodeniny.<\/p>\n<p>Na jese\u0148 sa skupina vyd\u00e1 na \u010carovn\u00e9 tour po \u010ceskej a Slovenskej republike. Okrem nov\u00fdch skladieb samozrejme pr\u00edde aj na koncertn\u00e9 tutovky, ktor\u00e9 robia zo Sl\u00ed\u017eov jednu z naj\u017eiadanej\u0161\u00edch skup\u00edn \u010desko-slovenskej sc\u00e9ny.<\/p>\n<p>Inform\u00e1cie a fotografie redakcii Hudba.sk poskytla Ren\u00e1ta Tom\u00e1\u0161ov\u00e1 z vydavate\u013estva Warner Music.<\/p>\n","protected":false},"excerpt":{"rendered":"Skupina Hork\u00fd\u017ee Sl\u00ed\u017ee nahrala po piatich rokoch nov\u00fd album. Vych\u00e1dza dnes pod n\u00e1zvom \u2026a \u010carovn\u00e9 slov\u00ed\u010dko? na CD,&hellip;\n","protected":false},"author":2,"featured_media":164558,"comment_status":"","ping_status":"","sticky":false,"template":"","format":"standard","meta":{"footnotes":"","_share_on_mastodon":"0"},"categories":[17],"tags":[90,70,88,89,92,93,87,96,91,43,40,39,42,41,94,95,71],"class_list":["post-164557","post","type-post","status-publish","format-standard","has-post-thumbnail","category-hudba","tag-akordy","tag-entertainment","tag-hudba","tag-hudobne-skupiny","tag-koncerty","tag-mp3","tag-music","tag-novinky","tag-recenzie","tag-sk","tag-slovak","tag-slovakia","tag-slovencina","tag-slovensko","tag-texty-piesni","tag-videoklipy","tag-zabava"],"share_on_mastodon":{"url":"https:\/\/pubeurope.com\/@sk\/117178938501912680","error":""},"_links":{"self":[{"href":"https:\/\/www.europesays.com\/sk\/wp-json\/wp\/v2\/posts\/164557","targetHints":{"allow":["GET"]}}],"collection":[{"href":"https:\/\/www.europesays.com\/sk\/wp-json\/wp\/v2\/posts"}],"about":[{"href":"https:\/\/www.europesays.com\/sk\/wp-json\/wp\/v2\/types\/post"}],"author":[{"embeddable":true,"href":"https:\/\/www.europesays.com\/sk\/wp-json\/wp\/v2\/users\/2"}],"replies":[{"embeddable":true,"href":"https:\/\/www.europesays.com\/sk\/wp-json\/wp\/v2\/comments?post=164557"}],"version-history":[{"count":0,"href":"https:\/\/www.europesays.com\/sk\/wp-json\/wp\/v2\/posts\/164557\/revisions"}],"wp:featuredmedia":[{"embeddable":true,"href":"https:\/\/www.europesays.com\/sk\/wp-json\/wp\/v2\/media\/164558"}],"wp:attachment":[{"href":"https:\/\/www.europesays.com\/sk\/wp-json\/wp\/v2\/media?parent=164557"}],"wp:term":[{"taxonomy":"category","embeddable":true,"href":"https:\/\/www.europesays.com\/sk\/wp-json\/wp\/v2\/categories?post=164557"},{"taxonomy":"post_tag","embeddable":true,"href":"https:\/\/www.europesays.com\/sk\/wp-json\/wp\/v2\/tags?post=164557"}],"curies":[{"name":"wp","href":"https:\/\/api.w.org\/{rel}","templated":true}]}}