{"id":164801,"date":"2026-08-29T18:05:16","date_gmt":"2026-08-29T18:05:16","guid":{"rendered":"https:\/\/www.europesays.com\/sk\/164801\/"},"modified":"2026-08-29T18:05:16","modified_gmt":"2026-08-29T18:05:16","slug":"riaditelom-sa-nenarodil-peter-gazik-zacinal-v-markize-ako-redaktor-takto-vyzeral-pred-22-rokmi-2","status":"publish","type":"post","link":"https:\/\/www.europesays.com\/sk\/164801\/","title":{"rendered":"Riadite\u013eom sa nenarodil! Peter Ga\u017e\u00edk za\u010d\u00ednal v Mark\u00edze ako redaktor: Takto vyzeral pred 22 rokmi"},"content":{"rendered":"<p>Riadite\u013e TV Mark\u00edza Peter Ga\u017e\u00edk na Summer media p\u00e1rty 2026\t\t\t\t\t\t(Zdroj: TV Mark\u00edza)\t\t\t\t\t<\/p>\n<p>BRATISLAVA &#8211; Telev\u00edzia Mark\u00edza je 30 rokov na \u010dele! Za ten \u010das priniesla nezabudnute\u013en\u00e9 pr\u00edbehy, ve\u013ek\u00e9 em\u00f3cie a spolo\u010dn\u00e9 telev\u00edzne momenty. A pr\u00edbeh pokra\u010duje&#8230; Ak\u00fd bude, n\u00e1m prezradil gener\u00e1lny riadite\u013e TV Mark\u00edza Peter Ga\u017e\u00edk.<\/p>\n<p>31. augusta uplynie presne 30 rokov od chv\u00edle, ke\u010f sa 31. augusta 1996 o 19:00 hod. na slovensk\u00fdch obrazovk\u00e1ch prv\u00fdkr\u00e1t rozsvietilo ikonick\u00e9 logo TV Mark\u00edza a za\u010dal sa p\u00edsa\u0165 pr\u00edbeh, ktor\u00fd z\u00e1sadne zmenil dom\u00e1ci telev\u00edzny trh.<\/p>\n<p>\u201eMark\u00edze k 30. v\u00fdro\u010diu prajem, aby aj na\u010falej zostala miestom, ktor\u00e9 sp\u00e1ja \u013eud\u00ed. Moje najv\u00e4\u010d\u0161ie po\u010fakovanie patr\u00ed na\u0161im div\u00e1kom. Za ich priaze\u0148, d\u00f4veru a vernos\u0165, s ktorou n\u00e1s u\u017e tri desa\u0165ro\u010dia poz\u00fdvaj\u00fa do svojich domovov. Pr\u00e1ve v\u010faka nim sa Mark\u00edza stala t\u00fdm, \u010d\u00edm je dnes \u2013 najv\u00e4\u010d\u0161ou ob\u00fdva\u010dkou Slovenska. \u017del\u00e1m jej, aby \u0148ou zostala aj v nasleduj\u00facich 30 rokoch \u2013 miestom, kde sa stret\u00e1vame pri d\u00f4le\u017eit\u00fdch spr\u00e1vach, v\u00fdnimo\u010dn\u00fdch \u0161portov\u00fdch momentoch a dobrej z\u00e1bave. \u010eakujem v\u0161etk\u00fdm, ktor\u00ed sa po\u010das uplynul\u00fdch troch desa\u0165ro\u010d\u00ed podie\u013eali na jej pr\u00edbehu. Ver\u00edm, \u017ee tie \u010fal\u0161ie bud\u00fa rovnako \u00faspe\u0161n\u00e9, odv\u00e1\u017ene a pln\u00e9 nezabudnute\u013en\u00fdch spolo\u010dn\u00fdch z\u00e1\u017eitkov. V\u0161etko najlep\u0161ie, Mark\u00edza!\u201c hovor\u00ed Peter Ga\u017e\u00edk, gener\u00e1lny riadite\u013e skupiny Mark\u00edza.<\/p>\n<p>Samotn\u00fd pondelok 31. augusta bude ve\u013ekolep\u00fdm vyvrcholen\u00edm osl\u00e1v. Mark\u00edza pripravila na svoje 30. narodeniny \u0161peci\u00e1lny program pln\u00fd zn\u00e1mych tv\u00e1r\u00ed, spomienok a n\u00e1vratov titulov, ktor\u00e9 sa nezmazate\u013ene zap\u00edsali do jej hist\u00f3rie. Svoju hist\u00f3riu m\u00e1 v\u0161ak v telev\u00edzii aj samotn\u00fd gener\u00e1lny riadite\u013e Peter Ga\u017e\u00edk, ktor\u00fd v telev\u00edzii pred rokmi p\u00f4sobil ako redaktor. \u201eZa\u010dal som v roku 2004, boli to kr\u00e1sne roky&#8230; a dobr\u00e1 \u0161kola,\u201c\u00a0pochva\u013euje si Ga\u017e\u00edk, ktor\u00fd na riadite\u013eskej stoli\u010dke sed\u00ed u\u017e tret\u00ed rok.<\/p>\n<p>\t<a href=\"https:\/\/www.topky.sk\/gl\/9602245\/6579929\/Riaditelom-sa-nenarodil--Peter-Gazik-zacinal-v-Markize-ako-redaktor--Takto-vyzeral-pred-22-rokmi\" rel=\"nofollow noopener\" target=\"_blank\"><br \/>\n\t\t<img decoding=\"async\" alt=\"Peter Ga\u017e\u00edk ako redaktor TV Mark\u00edza v roku 2024\" aria-describedby=\"img-res-6579929\" class=\"\" height=\"1183\" id=\"6579929\" loading=\"lazy\" onerror=\"imgArticleLoadErr(this)\" src=\"https:\/\/www.europesays.com\/sk\/wp-content\/uploads\/2026\/08\/1788026714_703_Peter-Gazik.jpg\" style=\"aspect-ratio:1.352\" title=\"Peter Ga\u017e\u00edk ako redaktor\" width=\"1600\"\/>\t\t\t<\/p>\n<p>\n\t\t\t\tZobrazi\u0165 gal\u00e9riu (14)\t\t\t<\/p>\n<p>\t<\/a><\/p>\n<p>Peter Ga\u017e\u00edk ako redaktor TV Mark\u00edza v roku 2024\t\u00a0(Zdroj: TV Mark\u00edza)<\/p>\n<p>Ako si Peter Ga\u017e\u00edk spom\u00edna na svoje p\u00f4sobenie pred rokmi, \u010do je pre\u0148ho &#8222;v\u00fdkladnou skri\u0148ou&#8220; nadch\u00e1dzaj\u00facej jesennej sez\u00f3ny, ako sa TN Live predralo medzi l\u00eddrov v online priestore a \u010di by si e\u0161te aj dnes tr\u00fafol pripravi\u0165 spravodajsk\u00fa report\u00e1\u017e, sa u\u017e dozviete v rozhovore.<\/p>\n<p>Riadite\u013eom sa nenarodil! Ga\u017e\u00edk za\u010d\u00ednal v Mark\u00edze ako redaktor: Takto vyzeral pred 22 rokmi\t\t(Zdroj: Narcis Lipt\u00e1kov\u00e1\/Tom\u00e1\u0161 Hamb\u00e1lek)\t<\/p>\n<p>\t\tHlasovanie ukon\u010den\u00e9<\/p>\n<p>\t\t\t\t{{ poll.title }}<\/p>\n<p>\t\t\t\t\t<img :alt=\"pollImageDescription()\" :src=\"https:\/\/www.topky.sk\/cl\/100313\/9480435\/poll.img_url\" class=\"box-quiz-new-image-questionnaire\"\/><\/p>\n<p>{{ poll.image_description }} (Zdroj: {{ poll.image_resource }})<\/p>\n<p>\t\t\t\t\t\t\t\t\t\t\t<img :alt=\"questionImageDescription(question)\" :src=\"https:\/\/www.topky.sk\/cl\/100313\/9480435\/question.img_url\" class=\"box-quiz-new-image-top\"\/><\/p>\n<p>Zdroj: {{ question.image_resource }}<\/p>\n<p>\n\t\t\t\t\t\t\t\t\t\t\t{{ question.text }}\n\t\t\t\t\t\t\t\t\t\t<\/p>\n<p>{{ question.text }}<\/p>\n<p>\t\t\t\t\t\t\t\t\t\t\t\t\t\t<img :alt=\"questionImageDescription(question)\" :src=\"https:\/\/www.topky.sk\/cl\/100313\/9480435\/question.img_url\" class=\"box-quiz-new-image-top\"\/><\/p>\n<p>Zdroj: {{ question.image_resource }}<\/p>\n<p>{{ poll.title }}<\/p>\n<p>{{ question.text }}<\/p>\n<p>\t\t\t\t\t\t\t\t\t\t\t\t\t\t<img :alt=\"questionImageDescription(question)\" :src=\"https:\/\/www.topky.sk\/cl\/100313\/9480435\/question.img_url\" class=\"box-quiz-new-image-top\"\/><\/p>\n<p>Zdroj: {{ question.image_resource }}<\/p>\n<p>{{ poll.rating_worst}}<\/p>\n<p>{{ poll.rating_best}}<\/p>\n<p>{{ poll.rating_best}}<\/p>\n<p>{{ poll.rating_worst}}<\/p>\n<p>\t\t\t\t\t\t\t\t\t\t\t\t\t{{ answer.text }}<\/p>\n<p>\t\t\t\t\t\t\t\t\t\t\t\t\t{{ answer.text }}<\/p>\n<p>\t\t\t\t\t{{ poll.title }}<\/p>\n<p v-if=\"poll.contact_form\">{{ poll.thanks }}<\/p>\n<p>{{ question.text }}<\/p>\n<p>\t\t\t\t\t\t\t\t\t<img :alt=\"questionImageDescription(question)\" :src=\"https:\/\/www.topky.sk\/cl\/100313\/9480435\/question.img_url\" class=\"box-quiz-new-image-top\"\/><\/p>\n<p>Zdroj: {{ question.image_resource }}<\/p>\n<p>Priemern\u00e9 hodnotenie: {{ question.rating }}<\/p>\n<p> Va\u0161e hodnotenie: {{ question.user_rating }}<\/p>\n<p>{{ question.text }}<\/p>\n<p>\t\t\t\t\t\t\t\t\t<img :alt=\"questionImageDescription(question)\" :src=\"https:\/\/www.topky.sk\/cl\/100313\/9480435\/question.img_url\" class=\"box-quiz-new-image-top\"\/><\/p>\n<p>Zdroj: {{ question.image_resource }}<\/p>\n<p>{{ poll.rating_worst}}<\/p>\n<p>{{ poll.rating_best}}<\/p>\n<p>{{ poll.rating_best}}<\/p>\n<p>{{ poll.rating_worst}}<\/p>\n<p>Priemern\u00e9 hodnotenie: {{ question.rating }}<\/p>\n<p> Va\u0161e hodnotenie: {{ question.user_rating }}<\/p>\n<p>Hlasovalo: {{questions[0].votes}}<\/p>\n<p>\t\t\t\t\t\t{{ poll.title }}<\/p>\n<p>\t\t\t\t\t\t\t<img :alt=\"pollImageDescription()\" :src=\"https:\/\/www.topky.sk\/cl\/100313\/9480435\/poll.img_url\" class=\"box-quiz-new-image-questionnaire\"\/><\/p>\n<p>{{ poll.image_description }} (Zdroj: {{ poll.image_resource }})<\/p>\n<p>{{ qIndex+1 }}\/{{ questions.length }}<\/p>\n<p>\t\t\t\t\t\t\t\t\t<img :alt=\"questionImageDescription(question)\" :src=\"https:\/\/www.topky.sk\/cl\/100313\/9480435\/question.img_url\" class=\"box-quiz-new-image-top\"\/><br \/>\n\t\t\t\t\t\t\t\t\t<a class=\"box-quiz-new-magnifier\" href=\"#\" title=\"Zv\u00e4\u010d\u0161i\u0165 obr\u00e1zok\">\u00a0<\/a><\/p>\n<p>Zdroj: {{ question.image_resource }}<\/p>\n<p>{{ question.text }}<\/p>\n<p>M\u00f4\u017eete ozna\u010di\u0165 viacero odpoved\u00ed.<\/p>\n<p class=\"profile-name\">{{ profiles[profileEvalueated.index].name }}<\/p>\n<p v-if=\"poll.show_profiles_percentage\">Zhoda: {{ profileEvalueated.weightPercentage }}%<\/p>\n<p>\t\t\t\t\t\t\t\t\t<img :alt=\"profiles[profileEvalueated.index].image_description\" :src=\"https:\/\/www.topky.sk\/cl\/100313\/9480435\/profiles[profileEvalueated.index].img_url\" class=\"box-quiz-new-image-questionnaire\"\/><\/p>\n<p>{{ profiles[profileEvalueated.index].image_description }} (Zdroj: {{ profiles[profileEvalueated.index].image_resource }})<\/p>\n<p><\/p>\n<p>\t\t\t\t\t\t\t\u00d7<br \/>\n\t\t\t\t\t\t\t<img :alt=\"imageModal.imgDescription\" :src=\"https:\/\/www.topky.sk\/cl\/100313\/9480435\/imageModal.imgUrl\" :style=\"isEmbed ? computeModalImageStyle() : ''\"\/><\/p>\n","protected":false},"excerpt":{"rendered":"Riadite\u013e TV Mark\u00edza Peter Ga\u017e\u00edk na Summer media p\u00e1rty 2026 (Zdroj: TV Mark\u00edza) BRATISLAVA &#8211; Telev\u00edzia Mark\u00edza je&hellip;\n","protected":false},"author":2,"featured_media":164802,"comment_status":"","ping_status":"","sticky":false,"template":"","format":"standard","meta":{"footnotes":"","_share_on_mastodon":"0"},"categories":[32],"tags":[34,37,33,8113,43,40,39,42,41,36,47246,38,35,252,1181],"class_list":["post-164801","post","type-post","status-publish","format-standard","has-post-thumbnail","category-spravy","tag-headlines","tag-hlavne-spravy","tag-news","tag-peter-gazik","tag-sk","tag-slovak","tag-slovakia","tag-slovencina","tag-slovensko","tag-spravy","tag-summer-media-party","tag-titulky","tag-top-stories","tag-tv-markiza","tag-vyrocie"],"share_on_mastodon":{"url":"https:\/\/pubeurope.com\/@sk\/117180126347554038","error":""},"_links":{"self":[{"href":"https:\/\/www.europesays.com\/sk\/wp-json\/wp\/v2\/posts\/164801","targetHints":{"allow":["GET"]}}],"collection":[{"href":"https:\/\/www.europesays.com\/sk\/wp-json\/wp\/v2\/posts"}],"about":[{"href":"https:\/\/www.europesays.com\/sk\/wp-json\/wp\/v2\/types\/post"}],"author":[{"embeddable":true,"href":"https:\/\/www.europesays.com\/sk\/wp-json\/wp\/v2\/users\/2"}],"replies":[{"embeddable":true,"href":"https:\/\/www.europesays.com\/sk\/wp-json\/wp\/v2\/comments?post=164801"}],"version-history":[{"count":0,"href":"https:\/\/www.europesays.com\/sk\/wp-json\/wp\/v2\/posts\/164801\/revisions"}],"wp:featuredmedia":[{"embeddable":true,"href":"https:\/\/www.europesays.com\/sk\/wp-json\/wp\/v2\/media\/164802"}],"wp:attachment":[{"href":"https:\/\/www.europesays.com\/sk\/wp-json\/wp\/v2\/media?parent=164801"}],"wp:term":[{"taxonomy":"category","embeddable":true,"href":"https:\/\/www.europesays.com\/sk\/wp-json\/wp\/v2\/categories?post=164801"},{"taxonomy":"post_tag","embeddable":true,"href":"https:\/\/www.europesays.com\/sk\/wp-json\/wp\/v2\/tags?post=164801"}],"curies":[{"name":"wp","href":"https:\/\/api.w.org\/{rel}","templated":true}]}}