{"id":164827,"date":"2026-08-29T18:47:11","date_gmt":"2026-08-29T18:47:11","guid":{"rendered":"https:\/\/www.europesays.com\/sk\/164827\/"},"modified":"2026-08-29T18:47:11","modified_gmt":"2026-08-29T18:47:11","slug":"silna-burka-zdevastovala-cremonu-desiatky-ludi-utrpeli-zranenia","status":"publish","type":"post","link":"https:\/\/www.europesays.com\/sk\/164827\/","title":{"rendered":"Siln\u00e1 b\u00farka zdevastovala Cremonu, desiatky \u013eud\u00ed utrpeli zranenia"},"content":{"rendered":"<p>R\u00cdM &#8211; Siln\u00e9 b\u00farky v piatok po\u0161kodili viacer\u00e9 historick\u00e9 budovy v severotalianskom meste Cremona vr\u00e1tane stredovekej katedr\u00e1ly a ve\u017ee radnice. Sprev\u00e1dzalo ich aj krupobitie, pri ktorom utrpelo zranenia 43 \u013eud\u00ed. Informuje o tom agent\u00fara DPA a telev\u00edzna stanica RAI.<\/p>\n<p>Cremona je po piatkovej veternej smr\u0161ti sprev\u00e1dzanej krupobit\u00edm zni\u010den\u00e1. \u017divel sa mestom prehnal za pribli\u017ene 10 min\u00fat a hasi\u010di urobili pribli\u017ene stovku v\u00fdjazdov, pri\u010dom do akcie sa zapojili aj dobrovo\u013en\u00edci civilnej ochrany.<\/p>\n<p>Desiatky zranen\u00fdch<\/p>\n<p>Potvrden\u00fdch je najmenej 43 zranen\u00fdch, nikto z nich v\u0161ak nie je vo v\u00e1\u017enom stave. Siln\u00fd vietor zni\u010dil strechy na desiatkach domov a budov. \u00darady evakuovali takmer desiatku rod\u00edn z ich obydl\u00ed. Stabilitu \u010fal\u0161\u00edch budov bud\u00fa musie\u0165 preveri\u0165.<\/p>\n<p>Po\u0161koden\u00fdch je najmenej desa\u0165 kostolov vr\u00e1tane katedr\u00e1ly Nanebovzatia Panny M\u00e1rie z 12. storo\u010dia. Jedna z jej ve\u017ei\u010diek sa zr\u00fatila. \u0160kody s\u00fa aj na radnici z roku 1206 a mestskej ve\u017ei, ktor\u00e1 je pozostatkom p\u00f4vodn\u00e9ho pal\u00e1ca.<\/p>\n<p>Tis\u00edce \u00e1ut po\u0161kodilo krupobitie<\/p>\n<p>Vyvr\u00e1ten\u00e9 s\u00fa tis\u00edce stromov a krupobitie po\u0161kodilo viac ako 10.000 \u00e1ut. Mestsk\u00fd \u00farad v Cremone za\u010dal vyhodnocova\u0165 \u0161kody sp\u00f4soben\u00e9 nepriazniv\u00fdm po\u010das\u00edm. \u201eVidie\u0165 mesto v takomto stave je \u0161okuj\u00face,\u201c uviedol starosta Andrea Virgilio. \u201e\u0160kody s\u00fa obrovsk\u00e9 a v tejto chv\u00edli je \u0165a\u017ek\u00e9 ich vy\u010d\u00edsli\u0165,\u201c dodal pre stanicu RAI.<\/p>\n<p>Na z\u00e1klade inform\u00e1ci\u00ed z kancel\u00e1rie starostu zostan\u00fa mestsk\u00e9 \u00farady v pondelok zatvoren\u00e9, k\u00fdm sa preveria \u0161kody na budove radnice, ktorej ve\u017ea pri\u0161la o strechu. Kontroly sa uskuto\u010dnia aj v \u0161kol\u00e1ch a prever\u00ed sa stav stromov v parkoch, na uliciach a na cintor\u00edne s cie\u013eom pos\u00fadi\u0165 ich stabilitu. Hasi\u010di uviedli, \u017ee do ve\u010dera evidovali v celom Lombardsku viac ako 300 v\u00fdjazdov. Situ\u00e1cia v\u0161ak bola najv\u00e1\u017enej\u0161ia v okol\u00ed Cremony.<\/p>\n","protected":false},"excerpt":{"rendered":"R\u00cdM &#8211; Siln\u00e9 b\u00farky v piatok po\u0161kodili viacer\u00e9 historick\u00e9 budovy v severotalianskom meste Cremona vr\u00e1tane stredovekej katedr\u00e1ly a&hellip;\n","protected":false},"author":2,"featured_media":164828,"comment_status":"","ping_status":"","sticky":false,"template":"","format":"standard","meta":{"footnotes":"","_share_on_mastodon":"0"},"categories":[32],"tags":[17169,47463,34,37,33,43,1507,40,39,42,41,36,537,38,35,1506],"class_list":["post-164827","post","type-post","status-publish","format-standard","has-post-thumbnail","category-spravy","tag-burka","tag-cremona","tag-headlines","tag-hlavne-spravy","tag-news","tag-sk","tag-skody","tag-slovak","tag-slovakia","tag-slovencina","tag-slovensko","tag-spravy","tag-taliansko","tag-titulky","tag-top-stories","tag-zraneni"],"share_on_mastodon":{"url":"https:\/\/pubeurope.com\/@sk\/117180291010158308","error":""},"_links":{"self":[{"href":"https:\/\/www.europesays.com\/sk\/wp-json\/wp\/v2\/posts\/164827","targetHints":{"allow":["GET"]}}],"collection":[{"href":"https:\/\/www.europesays.com\/sk\/wp-json\/wp\/v2\/posts"}],"about":[{"href":"https:\/\/www.europesays.com\/sk\/wp-json\/wp\/v2\/types\/post"}],"author":[{"embeddable":true,"href":"https:\/\/www.europesays.com\/sk\/wp-json\/wp\/v2\/users\/2"}],"replies":[{"embeddable":true,"href":"https:\/\/www.europesays.com\/sk\/wp-json\/wp\/v2\/comments?post=164827"}],"version-history":[{"count":0,"href":"https:\/\/www.europesays.com\/sk\/wp-json\/wp\/v2\/posts\/164827\/revisions"}],"wp:featuredmedia":[{"embeddable":true,"href":"https:\/\/www.europesays.com\/sk\/wp-json\/wp\/v2\/media\/164828"}],"wp:attachment":[{"href":"https:\/\/www.europesays.com\/sk\/wp-json\/wp\/v2\/media?parent=164827"}],"wp:term":[{"taxonomy":"category","embeddable":true,"href":"https:\/\/www.europesays.com\/sk\/wp-json\/wp\/v2\/categories?post=164827"},{"taxonomy":"post_tag","embeddable":true,"href":"https:\/\/www.europesays.com\/sk\/wp-json\/wp\/v2\/tags?post=164827"}],"curies":[{"name":"wp","href":"https:\/\/api.w.org\/{rel}","templated":true}]}}