{"id":164833,"date":"2026-08-29T18:50:14","date_gmt":"2026-08-29T18:50:14","guid":{"rendered":"https:\/\/www.europesays.com\/sk\/164833\/"},"modified":"2026-08-29T18:50:14","modified_gmt":"2026-08-29T18:50:14","slug":"nicole-kidman-debutovala-na-tiktoku-ako-hudbu-si-vybrala-hit-slovenskej-spevacky-vznika-medzi-nimi-spolupraca","status":"publish","type":"post","link":"https:\/\/www.europesays.com\/sk\/164833\/","title":{"rendered":"Nicole Kidman debutovala na TikToku: Ako hudbu si vybrala hit slovenskej spev\u00e1\u010dky, vznik\u00e1 medzi nimi spolupr\u00e1ca?"},"content":{"rendered":"<p class=\"joj-description-18 font-semibold\">Hollywoodska hviezda Nicole Kidman vst\u00fapila na TikTok vo ve\u013ekom \u0161t\u00fdle. Vo svojom \u00faplne prvom videu sa pripravuje na lond\u00fdnsku premi\u00e9ru filmu Magick\u00e1 posadnutos\u0165 2 a ako hudobn\u00fd podklad si vybrala skladbu Ain&#8217;t In LA od slovenskej spev\u00e1\u010dky Ad\u00e9ly.<\/p>\n<p class=\"isSelectedEnd\">Nicole Kidman m\u00e1 na soci\u00e1lnych sie\u0165ach u\u017e roky mili\u00f3ny fan\u00fa\u0161ikov, no TikTok si zalo\u017eila a\u017e teraz. Svoj debut pritom spojila s jednou z najo\u010dak\u00e1vanej\u0161\u00edch filmov\u00fdch udalost\u00ed tohto obdobia, a to premi\u00e9rou pokra\u010dovania kultovej sn\u00edmky Magick\u00e1 posadnutos\u0165.\u00a0V prvom videu ukazuje z\u00e1kulisie svojho pr\u00edpravn\u00e9ho d\u0148a. Div\u00e1ci m\u00f4\u017eu sledova\u0165, ako sa hollywoodska hviezda chyst\u00e1 na \u010derven\u00fd koberec, l\u00ed\u010di sa, upravuje si vlasy a oblieka si v\u00fdrazn\u00fa trblietav\u00fa r\u00f3bu. Nesk\u00f4r nech\u00fdbaj\u00fa z\u00e1bery zo samotnej premi\u00e9ry, na ktorej sa stretla aj so svojou filmovou sestrou Sandrou Bullock.\u00a0Cel\u00e9 video sprev\u00e1dza skladba Ain&#8217;t In LA od slovenskej spev\u00e1\u010dky Ad\u00e9ly.\u00a0<\/p>\n<p class=\"isSelectedEnd\">V\u00fdber slovenskej spev\u00e1\u010dky pritom rozhodne nemus\u00ed by\u0165 n\u00e1hodn\u00fd. Nicole Kidman toti\u017e u\u017e na lond\u00fdnskej premi\u00e9re dostala ot\u00e1zku, \u010di pozn\u00e1 Ad\u00e9lu. Jej odpove\u010f fan\u00fa\u0161ikov poriadne prekvapila.\u00a0\u201eSamozrejme, \u017ee viem, kto to je\u201c uviedla here\u010dka a z\u00e1rove\u0148 prezradila, \u017ee Ad\u00e9la pr\u00edde koncertova\u0165 do Nashvillu a ona sa na jej vyst\u00fapenie pl\u00e1nuje pr\u00eds\u0165 pozrie\u0165.<\/p>\n<p>        <img decoding=\"async\" src=\"https:\/\/www.europesays.com\/sk\/wp-content\/uploads\/2026\/08\/a42dfc63-3faa-4e60-8e2d-7caea0b7a42b.jpeg\" alt=\"\" class=\"img-fluid lazyload rounded-[15px]\" draggable=\"false\" onerror=\"this.style.display='none';this.nextElementSibling.style.display='flex';\"\/><\/p>\n<p class=\"text joj-description-12 flex items-center gap-[12px]\">\n          Zdroj fotky<\/p>\n<p>Lewis\/SOPA Images \/ Shutterstock Editorial \/ Profimedia<\/p>\n<p class=\"isSelectedEnd\">Ad\u00e9la, vlastn\u00fdm menom Ad\u00e9la Jergov\u00e1, na t\u00fato spr\u00e1vu okam\u017eite reagovala a svoju rados\u0165 neskr\u00fdvala. O to v\u00e4\u010d\u0161iu pozornos\u0165 teraz vzbudilo, \u017ee pr\u00e1ve jej skladba zaznela v \u00faplne prvom TikToku Nicole Kidman.\u00a0A pre mlad\u00fa slovensk\u00fa spev\u00e1\u010dku ide o \u010fal\u0161\u00ed v\u00fdrazn\u00fd moment. Ain&#8217;t In LA patr\u00ed medzi jej aktu\u00e1lne naj\u00faspe\u0161nej\u0161ie skladby a sprev\u00e1dza ju aj vir\u00e1lny trend na soci\u00e1lnych sie\u0165ach. Singel je z\u00e1rove\u0148 s\u00fa\u010das\u0165ou jej pripravovan\u00e9ho debutov\u00e9ho albumu PRIMA, ktor\u00fd vyjde 4. septembra.<\/p>\n<p><a target=\"_blank\" title=\"@nicolekidman\" href=\"https:\/\/www.tiktok.com\/@nicolekidman?refer=embed\" rel=\"nofollow noopener\">@nicolekidman<\/a> Magic brought me here \u2728 <a title=\"practicalmagic2\" target=\"_blank\" href=\"https:\/\/www.tiktok.com\/tag\/practicalmagic2?refer=embed\" rel=\"nofollow noopener\">#PracticalMagic2<\/a> @practicalmagicmovie <a target=\"_blank\" title=\"\u266c Ain&#039;t In LA - AD\u00c9LA\" href=\"https:\/\/www.tiktok.com\/music\/Ain&#039;t-In-LA-7665700051435964417?refer=embed\" rel=\"nofollow noopener\">\u266c Ain&#8217;t In LA &#8211; AD\u00c9LA<\/a><\/p>\n<p class=\"isSelectedEnd\">Ad\u00e9la navy\u0161e na albume ukr\u00fdva e\u0161te jedno ve\u013ek\u00e9 prekvapenie. Druhou skladbou tracklistu je toti\u017e piese\u0148 s n\u00e1zvom Nicole Kidman.\u00a0Zd\u00e1 sa tak, \u017ee medzi slovenskou spev\u00e1\u010dkou a hollywoodskou here\u010dkou vznik\u00e1 celkom ne\u010dakan\u00e9 spojenie. A po TikTok debute Nicole Kidman je mo\u017en\u00e9, \u017ee o Ad\u00e9le bude po\u010du\u0165 e\u0161te viac aj za ve\u013ekou ml\u00e1kou.<\/p>\n<p>    <a href=\"https:\/\/topstar.noviny.sk\/galeria\/33638-adela-jergova\/edb1d65c-cfc4-4f84-9fde-7c40dff76df3?back_url=https%3A%2F%2Fwww.joj.sk%2Fclanok%2F1252013-nicole-kidman-debutuje-na-tiktoku-ako-hudbu-si-vybrala-hit-slovenskej-spevacky\" class=\"group flex-auto\" rel=\"nofollow noopener\" target=\"_blank\"><\/p>\n<p>        <img decoding=\"async\" src=\"https:\/\/www.europesays.com\/sk\/wp-content\/uploads\/2026\/08\/1788029414_586_edb1d65c-cfc4-4f84-9fde-7c40dff76df3.png\" alt=\"\" class=\"w-full h-full object-cover\" draggable=\"false\" onerror=\"this.style.display='none';this.nextElementSibling.style.display='flex';\" title=\"Ad\u00e9la Jergov\u00e1\"\/><\/p>\n<p>    <\/a><\/p>\n<p>\u200b<\/p>\n<p><script async src=\"\/\/www.tiktok.com\/embed.js\"><\/script><\/p>\n","protected":false},"excerpt":{"rendered":"Hollywoodska hviezda Nicole Kidman vst\u00fapila na TikTok vo ve\u013ekom \u0161t\u00fdle. Vo svojom \u00faplne prvom videu sa pripravuje na&hellip;\n","protected":false},"author":2,"featured_media":164834,"comment_status":"","ping_status":"","sticky":false,"template":"","format":"standard","meta":{"footnotes":"","_share_on_mastodon":"0"},"categories":[20],"tags":[1420,127,126,70,1424,128,73,1418,1421,9633,174,1419,887,1423,994,1265,43,129,40,39,42,41,107,97,1012,1422,71,687],"class_list":["post-164833","post","type-post","status-publish","format-standard","has-post-thumbnail","category-slavne-osobnosti","tag-archiv","tag-celebrities","tag-celebrity","tag-entertainment","tag-epizody","tag-famous-people","tag-filmy","tag-joj","tag-live","tag-nicole-kidman","tag-online","tag-plus","tag-program","tag-relacie","tag-rozhovory","tag-serialy","tag-sk","tag-slavne-osobnosti","tag-slovak","tag-slovakia","tag-slovencina","tag-slovensko","tag-televizia","tag-tv","tag-video","tag-vysielanie","tag-zabava","tag-zakulisie"],"share_on_mastodon":{"url":"https:\/\/pubeurope.com\/@sk\/117180303062454873","error":""},"_links":{"self":[{"href":"https:\/\/www.europesays.com\/sk\/wp-json\/wp\/v2\/posts\/164833","targetHints":{"allow":["GET"]}}],"collection":[{"href":"https:\/\/www.europesays.com\/sk\/wp-json\/wp\/v2\/posts"}],"about":[{"href":"https:\/\/www.europesays.com\/sk\/wp-json\/wp\/v2\/types\/post"}],"author":[{"embeddable":true,"href":"https:\/\/www.europesays.com\/sk\/wp-json\/wp\/v2\/users\/2"}],"replies":[{"embeddable":true,"href":"https:\/\/www.europesays.com\/sk\/wp-json\/wp\/v2\/comments?post=164833"}],"version-history":[{"count":0,"href":"https:\/\/www.europesays.com\/sk\/wp-json\/wp\/v2\/posts\/164833\/revisions"}],"wp:featuredmedia":[{"embeddable":true,"href":"https:\/\/www.europesays.com\/sk\/wp-json\/wp\/v2\/media\/164834"}],"wp:attachment":[{"href":"https:\/\/www.europesays.com\/sk\/wp-json\/wp\/v2\/media?parent=164833"}],"wp:term":[{"taxonomy":"category","embeddable":true,"href":"https:\/\/www.europesays.com\/sk\/wp-json\/wp\/v2\/categories?post=164833"},{"taxonomy":"post_tag","embeddable":true,"href":"https:\/\/www.europesays.com\/sk\/wp-json\/wp\/v2\/tags?post=164833"}],"curies":[{"name":"wp","href":"https:\/\/api.w.org\/{rel}","templated":true}]}}