{"id":164867,"date":"2026-08-29T19:41:08","date_gmt":"2026-08-29T19:41:08","guid":{"rendered":"https:\/\/www.europesays.com\/sk\/164867\/"},"modified":"2026-08-29T19:41:08","modified_gmt":"2026-08-29T19:41:08","slug":"na-balkone-sa-pretrcal-nahy-otec-v-byte-boli-jeho-dve-dcery","status":"publish","type":"post","link":"https:\/\/www.europesays.com\/sk\/164867\/","title":{"rendered":"Na balk\u00f3ne sa pret\u0155\u010dal nah\u00fd otec, v byte boli jeho dve dc\u00e9ry"},"content":{"rendered":"<p>VALETTA \u2013 Tento otec to na dovolenke prehnal na celej \u010diare. Sta\u010dil pritom len jeden okamih a namiesto slne\u010dn\u00e9ho po\u010dasia na pl\u00e1\u017ei, ho \u010dakalo vypo\u010d\u00favanie pred s\u00fadom. Mu\u017e toti\u017e vybehol na balk\u00f3n \u00faplne nah\u00fd. Probl\u00e9m v\u0161ak bol, \u017ee v byte bol so svojimi dvomi malolet\u00fdmi dc\u00e9rami. <\/p>\n<p>D\u0148a 25. augusta sa odohrala na ostrove Malta priam desiv\u00e1 situ\u00e1cia. Ist\u00e1 \u017eena zbadala z k\u00fapaliska zhruba o 17:30 miestneho \u010dasu na balk\u00f3ne ne\u010falek\u00e9ho domu nah\u00e9ho mu\u017ea. To by e\u0161te ni\u010d stra\u0161n\u00e9 nebolo, len\u017ee po chv\u00edli sa uk\u00e1zali aj dve diev\u010dat\u00e1. Pod\u013ea nemenovanej \u017eeny ur\u010dite e\u0161te nedov\u0155\u0161ili ani 18 rokov, preto kontaktovala pol\u00edciu. Informuje o tom <a href=\"https:\/\/www.maltatoday.com.mt\/news\/court_and_police\/143989\/father_remanded_in_custody_after_being_filmed_naked_on_balcony_with_minor_daughters\" target=\"_blank\" rel=\"nofollow noopener\">Malta Today.<\/a>\u00a0<\/p>\n<p>V\u0161etko si nato\u010dila<\/p>\n<p>To, \u010do videla si \u00fadajne nato\u010dila na video, ktor\u00e9 sa n\u00e1sledne \u0161\u00edrilo po soci\u00e1lnych sie\u0165ach. Ke\u010f sa o incidente dozvedela pol\u00edcia, mu\u017ea zatkla. Vtedy zrejme stiahli z internetu videoz\u00e1znam, ktor\u00fd bol n\u00e1sledne pou\u017eit\u00fd ako d\u00f4kaz v r\u00e1mci vy\u0161etrovania. Otcovi dvoch dc\u00e9r odobrali aj mobil. Nesk\u00f4r sa zistilo, \u017ee zadr\u017ean\u00fdm je 38-ro\u010dn\u00fd mu\u017e \u010deskej n\u00e1rodnosti.\u00a0<\/p>\n<p>Chab\u00e1 obhajoba\u00a0<\/p>\n<p>Na s\u00fade padlo vyjadrenie, \u017ee dve malolet\u00e9 diev\u010dat\u00e1 (obe 12) na balk\u00f3ne, boli dc\u00e9rami zadr\u017ean\u00e9ho mu\u017ea. Pr\u00e1vny z\u00e1stupca argumentoval, \u017ee mu\u017e bol na svojom pozemku a v pr\u00edtomnosti vlastn\u00fdch det\u00ed.\u00a0<\/p>\n<p>&#8222;Ten z\u00e1znam na videu je ne\u0161\u0165astn\u00e1 zhoda n\u00e1hod. M\u00f4j klient i\u0161iel v tom \u010dase pom\u00f4c\u0165 jednej dc\u00e9re otvori\u0165 balk\u00f3nov\u00e9 dvere, aby sa jej sestra mohla vr\u00e1ti\u0165 dnu. A pr\u00e1ve vtedy bolo nato\u010den\u00e9 to video.&#8220;<\/p>\n<p>&#8222;Navy\u0161e nahota v domovskej krajine m\u00f4jho klienta (\u010cesk\u00e1 republika) sa pova\u017euje za nie\u010do be\u017en\u00e9.&#8220;<\/p>\n<p>Viacero obvinen\u00ed<\/p>\n<p>Pod\u013ea \u00faradov poru\u0161il mu\u017e z\u00e1kony na ochranu det\u00ed a dopustil sa obsc\u00e9nnych \u010dinov na verejnosti. Za to mu teraz hroz\u00ed a\u017e nieko\u013eko rokov v\u00e4zenia. \u010cech previnenie odmieta, hoci \u017ealobcovia tvrdia, \u017ee vystavenie nahote m\u00f4\u017ee de\u0165om sp\u00f4sobi\u0165 psychick\u00e9 probl\u00e9my.<\/p>\n<p>Otec dvoch det\u00ed sa pred s\u00fadom rozplakal. Po\u010das s\u00fadneho konania nebola podan\u00e1 \u017eiados\u0165 na prepustenie na kauciu. \u00a0<\/p>\n","protected":false},"excerpt":{"rendered":"VALETTA \u2013 Tento otec to na dovolenke prehnal na celej \u010diare. Sta\u010dil pritom len jeden okamih a namiesto&hellip;\n","protected":false},"author":2,"featured_media":164868,"comment_status":"","ping_status":"","sticky":false,"template":"","format":"standard","meta":{"footnotes":"","_share_on_mastodon":"0"},"categories":[8],"tags":[4555,15797,856,47468,6737,5236,33,1739,739,43,40,42,36,1368,50,49,48],"class_list":["post-164867","post","type-post","status-publish","format-standard","has-post-thumbnail","category-svet","tag-cr","tag-dcery","tag-dovolenka","tag-malolete","tag-malta","tag-nahota","tag-news","tag-obvinenie","tag-otec","tag-sk","tag-slovak","tag-slovencina","tag-spravy","tag-sud","tag-svet","tag-world","tag-world-news"],"share_on_mastodon":{"url":"https:\/\/pubeurope.com\/@sk\/117180503290146616","error":""},"_links":{"self":[{"href":"https:\/\/www.europesays.com\/sk\/wp-json\/wp\/v2\/posts\/164867","targetHints":{"allow":["GET"]}}],"collection":[{"href":"https:\/\/www.europesays.com\/sk\/wp-json\/wp\/v2\/posts"}],"about":[{"href":"https:\/\/www.europesays.com\/sk\/wp-json\/wp\/v2\/types\/post"}],"author":[{"embeddable":true,"href":"https:\/\/www.europesays.com\/sk\/wp-json\/wp\/v2\/users\/2"}],"replies":[{"embeddable":true,"href":"https:\/\/www.europesays.com\/sk\/wp-json\/wp\/v2\/comments?post=164867"}],"version-history":[{"count":0,"href":"https:\/\/www.europesays.com\/sk\/wp-json\/wp\/v2\/posts\/164867\/revisions"}],"wp:featuredmedia":[{"embeddable":true,"href":"https:\/\/www.europesays.com\/sk\/wp-json\/wp\/v2\/media\/164868"}],"wp:attachment":[{"href":"https:\/\/www.europesays.com\/sk\/wp-json\/wp\/v2\/media?parent=164867"}],"wp:term":[{"taxonomy":"category","embeddable":true,"href":"https:\/\/www.europesays.com\/sk\/wp-json\/wp\/v2\/categories?post=164867"},{"taxonomy":"post_tag","embeddable":true,"href":"https:\/\/www.europesays.com\/sk\/wp-json\/wp\/v2\/tags?post=164867"}],"curies":[{"name":"wp","href":"https:\/\/api.w.org\/{rel}","templated":true}]}}