{"id":164957,"date":"2026-08-29T21:48:20","date_gmt":"2026-08-29T21:48:20","guid":{"rendered":"https:\/\/www.europesays.com\/sk\/164957\/"},"modified":"2026-08-29T21:48:20","modified_gmt":"2026-08-29T21:48:20","slug":"nemocnica-v-trebisove-zatvara-onkologiu-odisli-vsetci-lekari","status":"publish","type":"post","link":"https:\/\/www.europesays.com\/sk\/164957\/","title":{"rendered":"Nemocnica v Trebi\u0161ove zatv\u00e1ra onkol\u00f3giu. Odi\u0161li v\u0161etci lek\u00e1ri"},"content":{"rendered":"<p>Trebi\u0161ovsk\u00e1 nemocnica mus\u00ed od 1. septembra z d\u00f4vodu nedostatku odborn\u00e9ho person\u00e1lu do\u010dasne preru\u0161i\u0165 prev\u00e1dzku \u0161tyroch ambulanci\u00ed klinickej onkol\u00f3gie vr\u00e1tane denn\u00e9ho stacion\u00e1ra.<\/p>\n<p>D\u00f4vodom je odchod cel\u00e9ho p\u00e4\u0165\u010dlenn\u00e9ho t\u00edmu atestovan\u00fdch onkol\u00f3gov, ktor\u00fd sa rozhodol prejs\u0165 na nov\u00e9 s\u00fakromn\u00e9 onkologick\u00e9 pracovisko v Ko\u0161iciach. TASR o tom informovala komunika\u010dn\u00e1 \u0161pecialistka Penta Hospitals SK Jana Fed\u00e1kov\u00e1.<\/p>\n<p>Napriek intenz\u00edvnej snahe nemocnice sa za odch\u00e1dzaj\u00facich lek\u00e1rov doposia\u013e nepodarilo n\u00e1js\u0165 adekv\u00e1tnu n\u00e1hradu. Penta Hospitals Slovensko upozor\u0148uje, \u017ee tento pr\u00edpad poukazuje na \u0161ir\u0161\u00ed syst\u00e9mov\u00fd probl\u00e9m pri pl\u00e1novan\u00ed nov\u00fdch zdravotn\u00edckych kapac\u00edt v situ\u00e1cii, ke\u010f je po\u010det kvalifikovan\u00fdch \u0161pecialistov v regi\u00f3noch obmedzen\u00fd.<\/p>\n<p>Nedostatok person\u00e1lu v Trebi\u0161ove<\/p>\n<p>Trebi\u0161ovsk\u00e1 nemocnica \u010del\u00ed, podobne ako \u010fal\u0161ie region\u00e1lne zdravotn\u00edcke zariadenia na Slovensku, dlhodob\u00e9mu nedostatku zdravotn\u00edckeho person\u00e1lu. Situ\u00e1cia v klinickej onkol\u00f3gii sa pod\u013ea nemocnice z\u00e1sadne zmenila v priebehu posledn\u00fdch mesiacov, ke\u010f postupne podali v\u00fdpovede v\u0161etci piati atestovan\u00ed lek\u00e1ri zabezpe\u010duj\u00faci onkologick\u00fa ambulantn\u00fa starostlivos\u0165 a prev\u00e1dzku denn\u00e9ho stacion\u00e1ra.<\/p>\n<p>D\u00f4sledky pre pacientov<\/p>\n<p>Gener\u00e1lny riadite\u013e Penta Hospitals Slovensko Radoslav \u010cuha uviedol, \u017ee v\u00fdpovede lek\u00e1rov prich\u00e1dzali postupne a a\u017e v j\u00fani bolo zrejm\u00e9, \u017ee cel\u00fd t\u00edm sa rozhodol prejs\u0165 na nov\u00e9 s\u00fakromn\u00e9 onkologick\u00e9 pracovisko v Ko\u0161iciach. \u201eRe\u0161pektujeme slobodn\u00e9 rozhodnutie ka\u017ed\u00e9ho lek\u00e1ra vybra\u0165 si svojho zamestn\u00e1vate\u013ea a rovnako re\u0161pektujeme konkurenciu medzi poskytovate\u013emi. Tento pr\u00edpad v\u0161ak ukazuje probl\u00e9m, ktor\u00fd u\u017e nemo\u017eno vn\u00edma\u0165 iba ako ot\u00e1zku pracovn\u00e9ho trhu. Ak v krajskom meste vznik\u00e1 \u010fal\u0161ia onkologick\u00e1 kapacita a person\u00e1lne sa zabezpe\u010d\u00ed t\u00fdm, \u017ee pribli\u017ene 50 kilometrov vzdialen\u00fd regi\u00f3n pr\u00edde o cel\u00e9 existuj\u00face pracovisko, regul\u00e1cia nesplnila svoj \u00fa\u010del. D\u00f4sledky dnes nesie predov\u0161etk\u00fdm pacient,\u201c skon\u0161tatoval \u010cuha.<\/p>\n<p>Pre pacientov z viac ako stotis\u00edcov\u00e9ho okresu Trebi\u0161ov znamen\u00e1 preru\u0161enie prev\u00e1dzky potrebu pokra\u010dova\u0165 v ambulantnej onkologickej starostlivosti na in\u00fdch pracovisk\u00e1ch v regi\u00f3ne, predov\u0161etk\u00fdm v Ko\u0161iciach, Pre\u0161ove, Michalovciach, Vranove nad Top\u013eou alebo Humennom. Pre \u010das\u0165 pacientov, ktor\u00ed potrebuj\u00fa pravideln\u00fa lie\u010dbu vr\u00e1tane pod\u00e1vania chemoterapie v dennom stacion\u00e1ri, m\u00f4\u017ee v\u00fdrazne dlh\u0161ie doch\u00e1dzanie predstavova\u0165 v\u00fdznamn\u00fa z\u00e1\u0165a\u017e.<\/p>\n<p>Snaha o obnovenie prev\u00e1dzky<\/p>\n<p>Trebi\u0161ovsk\u00e1 nemocnica deklaruje, \u017ee bude na\u010falej intenz\u00edvne pracova\u0165 na z\u00edskan\u00ed nov\u00fdch lek\u00e1rov \u0161pecialistov s cie\u013eom obnovi\u0165 prev\u00e1dzku ambulancie klinickej onkol\u00f3gie a denn\u00e9ho stacion\u00e1ra v \u010do najkrat\u0161om \u010dase.<\/p>\n<p>Ke\u010f\u017ee klinick\u00fdch onkol\u00f3gov je nedostatok na celom Slovensku, v tejto chv\u00edli nie je mo\u017en\u00e9 zodpovedne ur\u010di\u0165 term\u00edn op\u00e4tovn\u00e9ho otvorenia pracoviska. Ostatn\u00e9 oddelenia a ambulancie trebi\u0161ovskej nemocnice funguj\u00fa bez zmeny.<\/p>\n<p>Varovanie pred syst\u00e9mov\u00fdm probl\u00e9mom<\/p>\n<p>\u201eDlhodobo podporujeme princ\u00edpy reformy optimaliz\u00e1cie siete nemocn\u00edc a koncentr\u00e1ciu vysoko\u0161pecializovanej ak\u00fatnej medic\u00edny do siln\u00fdch nadregion\u00e1lnych centier. Rovnak\u00fd princ\u00edp v\u0161ak nemo\u017eno mechanicky uplat\u0148ova\u0165 na ambulantn\u00fa, n\u00e1sledn\u00fa \u010di dlhodob\u00fa starostlivos\u0165, ktor\u00fa pacient potrebuje \u010do najbli\u017e\u0161ie k svojmu bydlisku,\u201c uviedol \u010cuha.<\/p>\n<p>Slovensko m\u00e1 pod\u013ea neho obmedzen\u00fd po\u010det lek\u00e1rov a pri vzniku nov\u00fdch kapac\u00edt mus\u00ed zdravotn\u00e1 politika posudzova\u0165 aj to, odkia\u013e sa person\u00e1l pre tieto kapacity vezme a ak\u00fd bude dosah na dostupnos\u0165 zdravotnej starostlivosti v okolit\u00fdch regi\u00f3noch. \u201ePr\u00edpad Trebi\u0161ova je varovan\u00edm, \u017ee bez takejto koordin\u00e1cie sa podobn\u00fd probl\u00e9m m\u00f4\u017ee zopakova\u0165 aj inde na Slovensku,\u201c dodal.<\/p>\n<p class=\"siu-read-more-from-main-category\">\n        \u010c\u00edtaj viac z kateg\u00f3rie: <a href=\"https:\/\/www.startitup.sk\/kategoria\/hlavne-spravy-a-aktuality\/\" rel=\"nofollow noopener\" target=\"_blank\">Hlavn\u00e9 spr\u00e1vy a aktuality<\/a>\n      <\/p>\n<p class=\"thank-you-after\">\n        \u010eakujeme, \u017ee \u010d\u00edta\u0161 Startitup. V pr\u00edpade, \u017ee m\u00e1\u0161 postreh alebo si na\u0161iel v \u010dl\u00e1nku chybu, nap\u00ed\u0161 n\u00e1m na <a href=\"mailto:%20redakcia@startitup.sk?subject=Postrehy%20a%20n%C3%A1vrhy&amp;body=%C4%8Cl%C3%A1nok:%20https:\/\/www.startitup.sk\/odchadzaju-vsetci-lekari-nemocnica-na-vychode-slovenska-zo-dna-na-den-zatvara-onkologiu\/\">redakcia@startitup.sk<\/a>.\n      <\/p>\n","protected":false},"excerpt":{"rendered":"Trebi\u0161ovsk\u00e1 nemocnica mus\u00ed od 1. septembra z d\u00f4vodu nedostatku odborn\u00e9ho person\u00e1lu do\u010dasne preru\u0161i\u0165 prev\u00e1dzku \u0161tyroch ambulanci\u00ed klinickej onkol\u00f3gie&hellip;\n","protected":false},"author":2,"featured_media":164958,"comment_status":"","ping_status":"","sticky":false,"template":"","format":"standard","meta":{"footnotes":"","_share_on_mastodon":"0"},"categories":[6],"tags":[209,7953,43,40,44,39,42,45,41,1773],"class_list":["post-164957","post","type-post","status-publish","format-standard","has-post-thumbnail","category-slovensko","tag-nemocnica","tag-onkologia","tag-sk","tag-slovak","tag-slovak-republic","tag-slovakia","tag-slovencina","tag-slovenska-republika","tag-slovensko","tag-trebisov"],"share_on_mastodon":{"url":"https:\/\/pubeurope.com\/@sk\/117181003017969743","error":""},"_links":{"self":[{"href":"https:\/\/www.europesays.com\/sk\/wp-json\/wp\/v2\/posts\/164957","targetHints":{"allow":["GET"]}}],"collection":[{"href":"https:\/\/www.europesays.com\/sk\/wp-json\/wp\/v2\/posts"}],"about":[{"href":"https:\/\/www.europesays.com\/sk\/wp-json\/wp\/v2\/types\/post"}],"author":[{"embeddable":true,"href":"https:\/\/www.europesays.com\/sk\/wp-json\/wp\/v2\/users\/2"}],"replies":[{"embeddable":true,"href":"https:\/\/www.europesays.com\/sk\/wp-json\/wp\/v2\/comments?post=164957"}],"version-history":[{"count":0,"href":"https:\/\/www.europesays.com\/sk\/wp-json\/wp\/v2\/posts\/164957\/revisions"}],"wp:featuredmedia":[{"embeddable":true,"href":"https:\/\/www.europesays.com\/sk\/wp-json\/wp\/v2\/media\/164958"}],"wp:attachment":[{"href":"https:\/\/www.europesays.com\/sk\/wp-json\/wp\/v2\/media?parent=164957"}],"wp:term":[{"taxonomy":"category","embeddable":true,"href":"https:\/\/www.europesays.com\/sk\/wp-json\/wp\/v2\/categories?post=164957"},{"taxonomy":"post_tag","embeddable":true,"href":"https:\/\/www.europesays.com\/sk\/wp-json\/wp\/v2\/tags?post=164957"}],"curies":[{"name":"wp","href":"https:\/\/api.w.org\/{rel}","templated":true}]}}