{"id":165025,"date":"2026-08-30T02:10:08","date_gmt":"2026-08-30T02:10:08","guid":{"rendered":"https:\/\/www.europesays.com\/sk\/165025\/"},"modified":"2026-08-30T02:10:08","modified_gmt":"2026-08-30T02:10:08","slug":"odzvonilo-mu-v-anglickom-klube-reprezentacny-kapitan-ceska-znovu-chybal-v-zapasovej-zostave","status":"publish","type":"post","link":"https:\/\/www.europesays.com\/sk\/165025\/","title":{"rendered":"Odzvonilo mu v anglickom klube? Reprezenta\u010dn\u00fd kapit\u00e1n \u010ceska znovu ch\u00fdbal v z\u00e1pasovej zostave"},"content":{"rendered":"<p><a href=\"https:\/\/sportky.zoznam.sk\/g\/493443\/odzvonilo-mu-v-anglickom-klube-reprezentacny-kapitan-ceska-znovu-chybal-v-zapasovej-zostave?image=1193029\" title=\"Ladislav Krej\u010d\u00ed v drese Wolverhamptonu Wanderers\" rel=\"nofollow noopener\" target=\"_blank\">\t\t\t<img decoding=\"async\" loading=\"lazy\" src=\"https:\/\/www.europesays.com\/sk\/wp-content\/uploads\/2026\/08\/ladislav-krejci-wolverhampton-wanderers-1193029.jpg\"  alt=\"Ladislav Krej\u010d\u00ed v drese Wolverhamptonu Wanderers\"\/><\/a>Ladislav Krej\u010d\u00ed v drese Wolverhamptonu Wanderers\t\t\t Zdroj: Profimedia\t\t\t\t<\/p>\n<p>LOND\u00ddN &#8211; Kapit\u00e1n \u010deskej futbalovej reprezent\u00e1cie Ladislav Krej\u010d\u00ed dnes \u0161tvrt\u00fdkr\u00e1t za sebou ch\u00fdbal v z\u00e1pasovej zostave Wolverhamptonu a pravdepodobne sa schy\u013euje k jeho odchodu. \t<\/p>\n<p>Prestupov\u00e9 obdobie v Anglicku sa skon\u010d\u00ed v utorok, \u0161pekuluje sa o tom, \u017ee sa o dvadsa\u0165sedemro\u010dn\u00e9ho obrancu zauj\u00edma druholigov\u00fd konkurent West Ham \u010di prvoligov\u00fd Crystal Palace.<\/p>\n<p>Krej\u010d\u00ed v minulej sez\u00f3ne hos\u0165oval vo Wolverhamptone z Girony a anglick\u00fd klub na\u0148 napriek zostupu z Premier League uplatnil opciu na prestup za 30 mili\u00f3nov eur. Po n\u00e1vrate z majstrovstiev sveta v\u0161ak b\u00fdval\u00fd kapit\u00e1n pra\u017eskej Sparty nast\u00fapil za &#8222;Vlkov&#8220; len dvakr\u00e1t, raz v pr\u00edprave a potom na nieko\u013eko min\u00fat v z\u00e1pase Ligov\u00e9ho poh\u00e1ra.<\/p>\n<p>Od 7. augusta sa v\u0161ak Krej\u010d\u00ed v nomin\u00e1cii na z\u00e1pas neobjavil, vynechal tri z\u00e1pasy novej sez\u00f3ny druhej ligy i \u010fal\u0161\u00ed poh\u00e1rov\u00fd duel. Nov\u00fd tr\u00e9ner Wolverhamptonu C\u00e9sar Peixoto v polovici augusta uviedol, \u017ee o Krej\u010d\u00edho stoj\u00ed, av\u0161ak uznal, \u017ee si klub nem\u00f4\u017ee dovoli\u0165 v\u0161etk\u00fdch kvalitn\u00fdch hr\u00e1\u010dov, ktor\u00fdch m\u00e1 pod zmluvou.<\/p>\n<p>Wolverhamptonu sa \u00favod druholigovej sez\u00f3ny pomerne vydaril, po dne\u0161nej v\u00fdhre 4:1 nad Stoke je so siedmimi bodmi z troch z\u00e1pasov v popred\u00ed tabu\u013eky.<\/p>\n","protected":false},"excerpt":{"rendered":"Ladislav Krej\u010d\u00ed v drese Wolverhamptonu Wanderers Zdroj: Profimedia LOND\u00ddN &#8211; Kapit\u00e1n \u010deskej futbalovej reprezent\u00e1cie Ladislav Krej\u010d\u00ed dnes \u0161tvrt\u00fdkr\u00e1t&hellip;\n","protected":false},"author":2,"featured_media":165026,"comment_status":"","ping_status":"","sticky":false,"template":"","format":"standard","meta":{"footnotes":"","_share_on_mastodon":"0"},"categories":[13],"tags":[17386,20412,43,40,39,42,41,69,68,20411,5494],"class_list":["post-165025","post","type-post","status-publish","format-standard","has-post-thumbnail","category-sport","tag-crystal-palace","tag-ladislav-krejci","tag-sk","tag-slovak","tag-slovakia","tag-slovencina","tag-slovensko","tag-sport","tag-sports","tag-west-ham-united","tag-wolverhampton-wanderers"],"share_on_mastodon":{"url":"https:\/\/pubeurope.com\/@sk\/117182033425165400","error":""},"_links":{"self":[{"href":"https:\/\/www.europesays.com\/sk\/wp-json\/wp\/v2\/posts\/165025","targetHints":{"allow":["GET"]}}],"collection":[{"href":"https:\/\/www.europesays.com\/sk\/wp-json\/wp\/v2\/posts"}],"about":[{"href":"https:\/\/www.europesays.com\/sk\/wp-json\/wp\/v2\/types\/post"}],"author":[{"embeddable":true,"href":"https:\/\/www.europesays.com\/sk\/wp-json\/wp\/v2\/users\/2"}],"replies":[{"embeddable":true,"href":"https:\/\/www.europesays.com\/sk\/wp-json\/wp\/v2\/comments?post=165025"}],"version-history":[{"count":0,"href":"https:\/\/www.europesays.com\/sk\/wp-json\/wp\/v2\/posts\/165025\/revisions"}],"wp:featuredmedia":[{"embeddable":true,"href":"https:\/\/www.europesays.com\/sk\/wp-json\/wp\/v2\/media\/165026"}],"wp:attachment":[{"href":"https:\/\/www.europesays.com\/sk\/wp-json\/wp\/v2\/media?parent=165025"}],"wp:term":[{"taxonomy":"category","embeddable":true,"href":"https:\/\/www.europesays.com\/sk\/wp-json\/wp\/v2\/categories?post=165025"},{"taxonomy":"post_tag","embeddable":true,"href":"https:\/\/www.europesays.com\/sk\/wp-json\/wp\/v2\/tags?post=165025"}],"curies":[{"name":"wp","href":"https:\/\/api.w.org\/{rel}","templated":true}]}}