{"id":165219,"date":"2026-08-30T10:05:17","date_gmt":"2026-08-30T10:05:17","guid":{"rendered":"https:\/\/www.europesays.com\/sk\/165219\/"},"modified":"2026-08-30T10:05:17","modified_gmt":"2026-08-30T10:05:17","slug":"mala-tazku-obezitu-dnes-sutazi-o-korunku-miss-po-premene-by-ju-nikto-nespoznal","status":"publish","type":"post","link":"https:\/\/www.europesays.com\/sk\/165219\/","title":{"rendered":"Mala \u0165a\u017ek\u00fa obezitu, dnes s\u00fa\u0165a\u017e\u00ed o korunku MISS: Po premene by ju NIKTO nespoznal!"},"content":{"rendered":"<p>\u200bNa za\u010diatku pritom v\u00f4bec ne\u0161lo o korunku ani o to, aby sa raz uk\u00e1zala v s\u00fa\u0165a\u017ei Miss pred celou Amerikou v plavk\u00e1ch. Amber pred piatimi rokmi v\u00e1\u017eila pribli\u017ene 136 kilogramov, nevl\u00e1dala vyjs\u0165 po schodoch vo vlastnom dome a lek\u00e1rska prehliadka jej uk\u00e1zala, \u017ee situ\u00e1cia je ove\u013ea v\u00e1\u017enej\u0161ia, ne\u017e si dovtedy prip\u00fa\u0161\u0165ala. Ako pre <a href=\"https:\/\/people.com\/miss-michigan-usa-was-says-she-was-heading-for-early-grave-before-competing-in-pageant-exclusive-12067876\" target=\"_blank\" rel=\"nofollow noopener\">People<\/a> priznala, bola morb\u00eddne ob\u00e9zna, mala prediabetes a lek\u00e1ri ju varovali, \u017ee pri takomto \u017eivotnom \u0161t\u00fdle sa nemus\u00ed do\u017ei\u0165 ani ukon\u010denia strednej \u0161koly svojich troch det\u00ed. Definit\u00edvna stopka v\u0161ak pri\u0161la e\u0161te v ten ist\u00fd v\u00edkend.<\/p>\n<p>Pon\u00ed\u017eenie, na ktor\u00e9 nezabudla<\/p>\n<p>S de\u0165mi vyrazila do trampol\u00ednov\u00e9ho parku, kde sko\u010dila do jamy naplnenej penou a zostala v nej zakliesnen\u00e1. \u201eUviazla som a nikto ma nedok\u00e1zal dosta\u0165 von. Traja ve\u013ek\u00ed svalnat\u00ed chlapi vytvorili \u013eudsk\u00fa re\u0165az a sna\u017eili sa ma vytiahnu\u0165, ale nedok\u00e1zali to ani oni a mysleli si, \u017ee bud\u00fa musie\u0165 zavola\u0165 hasi\u010dov. Nikdy v \u017eivote som sa nec\u00edtila tak\u00e1 pon\u00ed\u017een\u00e1,\u201c priznala. Vtedy jej do\u0161lo, ako ve\u013emi ju vlastn\u00e9 telo obmedzuje. \u201eBy\u0165 morb\u00eddne ob\u00e9zna je tak\u00e9 \u0165a\u017ek\u00e9. \u017dijem len polovi\u010dn\u00fd \u017eivot.\u201c Amber si v\u0161ak na za\u010diatku neur\u010dila, ko\u013eko kilogramov mus\u00ed zhodi\u0165. Predstava, \u017ee by si rovno stanovila cie\u013e schudn\u00fa\u0165 60 \u010di 70 kilogramov, ktor\u00e9 napokon skuto\u010dne zhodila, jej pripadala ako v\u00fdstup na Mount Everest. Chcela by\u0165 jednoducho zdrav\u0161ia a sama sebe s\u013e\u00fabila, \u017ee ke\u010f sa raz bude c\u00edti\u0165 dobre, prihl\u00e1si sa do s\u00fa\u0165a\u017ee kr\u00e1sy.<\/p>\n<p>Roky mala pocit, \u017ee \u017eije len polovi\u010dn\u00fd \u017eivot. Dnes je zdrav\u00e1, spokojn\u00e1 a sebavedom\u00e1 a bojuje o korunku Miss USA:<\/p>\n<p>Sen o Miss si splnila<\/p>\n<p>Nasledovalo tri a pol roka intenz\u00edvneho cvi\u010denia a \u00fapravy stravy a p\u00f4vodne takmer nepredstavite\u013en\u00fd cie\u013e sa za\u010dal meni\u0165 na realitu. Amber napokon schudla pribli\u017ene 77 kilogramov a v roku 2024 z\u00edskala titul Mrs. Florida Universe, nesk\u00f4r reprezentovala Floridu na Mrs. Universe USA a odniesla si aj korunku Mrs. Universe. Jedna s\u00fa\u0165a\u017e jej v\u0161ak st\u00e1le v\u0155tala v hlave. \u201eS\u00fa\u0165a\u017e, ktor\u00fa som v\u017edy nosila v srdci a v mysli, bola Miss USA. Glamour, lesk, telev\u00edzia, toto v\u0161etko.\u201c Ke\u010f ju preto tento rok po otvorenom kastingu vymenovali za Miss Michigan USA 2026, nev\u00e1hala. \u201eViem, som \u0161ialen\u00e1. Prihl\u00e1sila som sa, aby som bola v telev\u00edzii v bikin\u00e1ch po tom, \u010do som schudla 77 kilogramov.\u201c<\/p>\n<p>Pr\u00e1ve jej tri deti boli jedn\u00fdm z hlavn\u00fdch d\u00f4vodov, pre\u010do sa Amber rozhodla radik\u00e1lne zmeni\u0165 svoj \u017eivot:<\/p>\n<p>Amber pre\u0161la za p\u00e1r rokov neuverite\u013enou premenou. Schudla 77 kilogramov a dnes by v nej \u017eenu zo star\u0161\u00edch z\u00e1berov spoznal len m\u00e1lokto:<\/p>\n<p>M\u00f4\u017ee prep\u00edsa\u0165 hist\u00f3riu<\/p>\n<p>A pr\u00e1ve dnes, 27. augusta, sa jej niekdaj\u0161\u00ed bl\u00e1zniv\u00fd cie\u013e men\u00ed na realitu. Na jubilejnom 75. ro\u010dn\u00edku Miss USA bude 41-ro\u010dn\u00e1 Amber najstar\u0161ou s\u00fa\u0165a\u017eiacou, pri\u010dom spo\u010diatku sa ob\u00e1vala najm\u00e4 stretnutia s dvadsiatni\u010dkami. Namiesto neistoty v\u0161ak v Miami za\u017eila prav\u00fd opak a mlad\u0161ie s\u00faperky ju pod\u013ea jej slov povzbudzuj\u00fa. \u201eC\u00edtim sa skvele. M\u00e1m pocit, \u017ee to dok\u00e1\u017eem. M\u00e1m pocit, \u017ee m\u00f4\u017eem by\u0165 najstar\u0161ou Miss USA v hist\u00f3rii. M\u00e1m pocit, \u017ee m\u00f4\u017eem by\u0165 prvou matkou, prvou mamou.\u201c Svoj vek aj minulos\u0165 dnes pova\u017euje za v\u00fdhodu a cel\u00fa cestu za vlastn\u00fd pr\u00edbeh Popolu\u0161ky. Pred piatimi rokmi sa b\u00e1la, \u010di uvid\u00ed svoje deti dospie\u0165, dnes m\u00f4\u017ee pred ich o\u010dami s korunkou na hlave prep\u00edsa\u0165 hist\u00f3riu.<\/p>\n<p>Medzi v\u00fdrazne mlad\u0161\u00edmi s\u00faperkami sa spo\u010diatku b\u00e1la, \u017ee bude neist\u00e1. Napokon pr\u00e1ve od nich dost\u00e1va najv\u00e4\u010d\u0161iu podporu:<\/p>\n","protected":false},"excerpt":{"rendered":"\u200bNa za\u010diatku pritom v\u00f4bec ne\u0161lo o korunku ani o to, aby sa raz uk\u00e1zala v s\u00fa\u0165a\u017ei Miss pred&hellip;\n","protected":false},"author":2,"featured_media":165220,"comment_status":"","ping_status":"","sticky":false,"template":"","format":"standard","meta":{"footnotes":"","_share_on_mastodon":"0"},"categories":[15],"tags":[7802,70,47532,5192,2580,43,40,39,42,41,71],"class_list":["post-165219","post","type-post","status-publish","format-standard","has-post-thumbnail","category-zabava","tag-chudnutie","tag-entertainment","tag-miss-usa","tag-obezita","tag-premena","tag-sk","tag-slovak","tag-slovakia","tag-slovencina","tag-slovensko","tag-zabava"],"share_on_mastodon":{"url":"https:\/\/pubeurope.com\/@sk\/117183900822887684","error":""},"_links":{"self":[{"href":"https:\/\/www.europesays.com\/sk\/wp-json\/wp\/v2\/posts\/165219","targetHints":{"allow":["GET"]}}],"collection":[{"href":"https:\/\/www.europesays.com\/sk\/wp-json\/wp\/v2\/posts"}],"about":[{"href":"https:\/\/www.europesays.com\/sk\/wp-json\/wp\/v2\/types\/post"}],"author":[{"embeddable":true,"href":"https:\/\/www.europesays.com\/sk\/wp-json\/wp\/v2\/users\/2"}],"replies":[{"embeddable":true,"href":"https:\/\/www.europesays.com\/sk\/wp-json\/wp\/v2\/comments?post=165219"}],"version-history":[{"count":0,"href":"https:\/\/www.europesays.com\/sk\/wp-json\/wp\/v2\/posts\/165219\/revisions"}],"wp:featuredmedia":[{"embeddable":true,"href":"https:\/\/www.europesays.com\/sk\/wp-json\/wp\/v2\/media\/165220"}],"wp:attachment":[{"href":"https:\/\/www.europesays.com\/sk\/wp-json\/wp\/v2\/media?parent=165219"}],"wp:term":[{"taxonomy":"category","embeddable":true,"href":"https:\/\/www.europesays.com\/sk\/wp-json\/wp\/v2\/categories?post=165219"},{"taxonomy":"post_tag","embeddable":true,"href":"https:\/\/www.europesays.com\/sk\/wp-json\/wp\/v2\/tags?post=165219"}],"curies":[{"name":"wp","href":"https:\/\/api.w.org\/{rel}","templated":true}]}}