{"id":165223,"date":"2026-08-30T10:10:20","date_gmt":"2026-08-30T10:10:20","guid":{"rendered":"https:\/\/www.europesays.com\/sk\/165223\/"},"modified":"2026-08-30T10:10:20","modified_gmt":"2026-08-30T10:10:20","slug":"po-zrazke-s-cuvajucim-traktorom-zomrel-v-obci-kos-55-rocny-cyklista","status":"publish","type":"post","link":"https:\/\/www.europesays.com\/sk\/165223\/","title":{"rendered":"Po zr\u00e1\u017eke s c\u00favaj\u00facim traktorom zomrel v obci Ko\u0161 55-ro\u010dn\u00fd cyklista"},"content":{"rendered":"<p>KO\u0160 &#8211; \u017divot 55-ro\u010dn\u00e9ho cyklistu vyhasol v sobotu (29. 8.) ve\u010der v obci Ko\u0161 (okres Prievidza). Ako informovala tren\u010dianska krajsk\u00e1 policajn\u00e1 hovorky\u0148a Ingrid Kraj\u010d\u00edkov\u00e1, mu\u017e utrpel smrte\u013en\u00e9 zranenia po zr\u00e1\u017eke s c\u00favaj\u00facim traktorom.<\/p>\n<p>\u201eNa z\u00e1klade doteraz vykonan\u00e9ho vy\u0161etrovania bolo zisten\u00e9, \u017ee z doposia\u013e nezisten\u00fdch pr\u00ed\u010din, po\u010das c\u00favania traktora s vle\u010dkou, do\u0161lo ku kontaktu s cyklistom, ktor\u00fd utrpel tak\u00e9 zranenia, ktor\u00e9 boli nezlu\u010dite\u013en\u00e9 so \u017eivotom,\u201c pribl\u00ed\u017eila Kraj\u010d\u00edkov\u00e1.<\/p>\n<p>Doplnila, \u017ee 22-ro\u010dn\u00fd vodi\u010d traktora sa podrobil dychovej sk\u00fa\u0161ke ako aj orienta\u010dn\u00e9mu testu na pr\u00edtomnos\u0165 omamn\u00fdch a psychotropn\u00fdch l\u00e1tok, pri\u010dom oba v\u00fdsledky skon\u010dili s negat\u00edvnym v\u00fdsledkom merania. U 55-ro\u010dn\u00e9ho cyklistu sa bude pr\u00edtomnos\u0165 alkoholu a in\u00fdch n\u00e1vykov\u00fdch l\u00e1tok zis\u0165ova\u0165 pri pitve.<\/p>\n<p>Na miesto bol prizvan\u00fd aj znalec z odboru dopravy. \u201ePoveren\u00fd pr\u00edslu\u0161n\u00edk Okresn\u00e9ho dopravn\u00e9ho in\u0161pektor\u00e1tu v Prievidzi za\u010dal v s\u00favislosti s touto dopravnou nehodou trestn\u00e9 st\u00edhanie pre pre\u010din usmrtenia. Presn\u00e9 pr\u00ed\u010diny a okolnosti dopravnej nehody s\u00fa predmetom vy\u0161etrovania,\u201c dodala Kraj\u010d\u00edkov\u00e1.<\/p>\n","protected":false},"excerpt":{"rendered":"KO\u0160 &#8211; \u017divot 55-ro\u010dn\u00e9ho cyklistu vyhasol v sobotu (29. 8.) ve\u010der v obci Ko\u0161 (okres Prievidza). Ako informovala&hellip;\n","protected":false},"author":2,"featured_media":165224,"comment_status":"","ping_status":"","sticky":false,"template":"","format":"standard","meta":{"footnotes":"","_share_on_mastodon":"0"},"categories":[6],"tags":[7088,24961,535,43,40,44,39,42,45,41,20254],"class_list":["post-165223","post","type-post","status-publish","format-standard","has-post-thumbnail","category-slovensko","tag-cyklista","tag-kos","tag-nehoda","tag-sk","tag-slovak","tag-slovak-republic","tag-slovakia","tag-slovencina","tag-slovenska-republika","tag-slovensko","tag-traktor"],"share_on_mastodon":{"url":"https:\/\/pubeurope.com\/@sk\/117183920377911438","error":""},"_links":{"self":[{"href":"https:\/\/www.europesays.com\/sk\/wp-json\/wp\/v2\/posts\/165223","targetHints":{"allow":["GET"]}}],"collection":[{"href":"https:\/\/www.europesays.com\/sk\/wp-json\/wp\/v2\/posts"}],"about":[{"href":"https:\/\/www.europesays.com\/sk\/wp-json\/wp\/v2\/types\/post"}],"author":[{"embeddable":true,"href":"https:\/\/www.europesays.com\/sk\/wp-json\/wp\/v2\/users\/2"}],"replies":[{"embeddable":true,"href":"https:\/\/www.europesays.com\/sk\/wp-json\/wp\/v2\/comments?post=165223"}],"version-history":[{"count":0,"href":"https:\/\/www.europesays.com\/sk\/wp-json\/wp\/v2\/posts\/165223\/revisions"}],"wp:featuredmedia":[{"embeddable":true,"href":"https:\/\/www.europesays.com\/sk\/wp-json\/wp\/v2\/media\/165224"}],"wp:attachment":[{"href":"https:\/\/www.europesays.com\/sk\/wp-json\/wp\/v2\/media?parent=165223"}],"wp:term":[{"taxonomy":"category","embeddable":true,"href":"https:\/\/www.europesays.com\/sk\/wp-json\/wp\/v2\/categories?post=165223"},{"taxonomy":"post_tag","embeddable":true,"href":"https:\/\/www.europesays.com\/sk\/wp-json\/wp\/v2\/tags?post=165223"}],"curies":[{"name":"wp","href":"https:\/\/api.w.org\/{rel}","templated":true}]}}