{"id":165267,"date":"2026-08-30T11:09:07","date_gmt":"2026-08-30T11:09:07","guid":{"rendered":"https:\/\/www.europesays.com\/sk\/165267\/"},"modified":"2026-08-30T11:09:07","modified_gmt":"2026-08-30T11:09:07","slug":"v-zdruzeni-oberih-pletu-maskovacie-siete-a-posielaju-pomoc-na-ukrajinu","status":"publish","type":"post","link":"https:\/\/www.europesays.com\/sk\/165267\/","title":{"rendered":"V zdru\u017een\u00ed Oberih plet\u00fa maskovacie siete a posielaj\u00fa pomoc na Ukrajinu"},"content":{"rendered":"<p>Bratislava 30. augusta (TASR) &#8211; Ob\u010dianske zdru\u017eenie (OZ) Oberih, ktor\u00e9 p\u00f4sob\u00ed v Bratislave, sa venuje pleteniu ochrann\u00fdch maskovac\u00edch siet\u00ed a posielaniu liekov, tepl\u00e9ho oble\u010denia, trvanliv\u00fdch potrav\u00edn \u010di hygienick\u00fdch potrieb na Ukrajinu. Pod\u013ea predsedn\u00ed\u010dky OZ \u013dubice Trub\u00edniovej sa sna\u017eia aj o integr\u00e1ciu a prepojenie \u013eud\u00ed z Ukrajiny s \u013eu\u010fmi zo Slovenska a postupn\u00e9 vytv\u00e1ranie ukrajinsko-slovenskej komunity.<\/p>\n<p>Do dobrovo\u013en\u00edckej \u010dinnosti sa zap\u00e1jaj\u00fa najm\u00e4 ukrajinsk\u00e9 \u017eeny, no taktie\u017e \u010fal\u0161\u00ed dobrovo\u013en\u00edci zo Slovenska, medzi nimi aj \u0161tudenti vysok\u00fdch a stredn\u00fdch \u0161k\u00f4l. Zdru\u017eenie spolupracuje s evakua\u010dn\u00fdmi zdravotn\u00edckymi t\u00edmami, plet\u00fa maskovacie siete, ktor\u00e9 umo\u017e\u0148uj\u00fa skry\u0165 \u013eud\u00ed a vozidl\u00e1 pred dronmi a posielaj\u00fa materi\u00e1lnu pomoc na Ukrajinu. Trub\u00edniov\u00e1 pribl\u00ed\u017eila, \u017ee dobrovo\u013en\u00edci sa stret\u00e1vaj\u00fa po pracovnom \u010dase a po\u010das v\u00edkendov, aby plietli siete a posielali z\u00e1sielky do oblasti zasiahnutej vojnou. Ke\u010f\u017ee maj\u00fa priamy kontakt s vojakmi, umo\u017e\u0148uje im to r\u00fdchlo reagova\u0165 na ich potreby.<\/p>\n<p>Ide o ukrajinsko-slovensk\u00fa dobrovo\u013en\u00edcku organiz\u00e1ciu, ktor\u00e1 funguje od roku 2022 a ofici\u00e1lne je registrovan\u00fdm OZ od roku 2024. \u201e\u013dud\u00ed z Ukrajiny motivuje snaha pom\u00f4c\u0165 svojej krajine a svojim spoluob\u010danom a spoluob\u010diankam,\u201c povedala Trub\u00edniov\u00e1.<\/p>\n<p>Doplnila, \u017ee OZ Oberih sa z\u00fa\u010dast\u0148uje na v\u00fdstav\u00e1ch, jarmokoch, kult\u00farnych a vzdel\u00e1vac\u00edch podujatiach na Slovensku, kde informuj\u00fa o dian\u00ed na Ukrajine. Okrem toho maj\u00fa po\u010das podujat\u00ed workshopy, kde s de\u0165mi plet\u00fa textiln\u00e9 b\u00e1biky alebo vyr\u00e1baj\u00fa kvetinov\u00e9 ven\u010deky na hlavu. Zorganizovali aj de\u0148 otvoren\u00fdch dver\u00ed v nov\u00fdch priestoroch, aby verejnosti bli\u017e\u0161ie predstavili svoju \u010dinnos\u0165.<\/p>\n<p>\u201eNa\u0161\u00edm cie\u013eom je integr\u00e1cia a prepojenie \u013eud\u00ed z Ukrajiny a zo Slovenska, aby sa lep\u0161ie spoznali, vytvorili priate\u013esk\u00e9 vz\u0165ahy a odb\u00farali sa negat\u00edvne predsudky,\u201c uviedla s t\u00fdm, \u017ee dobrovo\u013en\u00edci sa k nim prid\u00e1vaj\u00fa spont\u00e1nne.<\/p>\n<p>V s\u00fa\u010dasnosti OZ Oberih realizuje projekt Komunitn\u00fd most k bezpe\u010dnej integr\u00e1cii a soci\u00e1lno-pr\u00e1vnemu povedomiu od\u00eddencov z Ukrajiny.<\/p>\n","protected":false},"excerpt":{"rendered":"Bratislava 30. augusta (TASR) &#8211; Ob\u010dianske zdru\u017eenie (OZ) Oberih, ktor\u00e9 p\u00f4sob\u00ed v Bratislave, sa venuje pleteniu ochrann\u00fdch maskovac\u00edch&hellip;\n","protected":false},"author":2,"featured_media":165268,"comment_status":"","ping_status":"","sticky":false,"template":"","format":"standard","meta":{"footnotes":"","_share_on_mastodon":"0"},"categories":[21],"tags":[136,16752,11875,35493,43,40,39,42,41,992,303],"class_list":["post-165267","post","type-post","status-publish","format-standard","has-post-thumbnail","category-bratislava","tag-bratislava","tag-dobrovolnici","tag-ivy26","tag-siete","tag-sk","tag-slovak","tag-slovakia","tag-slovencina","tag-slovensko","tag-sr","tag-ukrajina"],"share_on_mastodon":{"url":"https:\/\/pubeurope.com\/@sk\/117184152475842997","error":""},"_links":{"self":[{"href":"https:\/\/www.europesays.com\/sk\/wp-json\/wp\/v2\/posts\/165267","targetHints":{"allow":["GET"]}}],"collection":[{"href":"https:\/\/www.europesays.com\/sk\/wp-json\/wp\/v2\/posts"}],"about":[{"href":"https:\/\/www.europesays.com\/sk\/wp-json\/wp\/v2\/types\/post"}],"author":[{"embeddable":true,"href":"https:\/\/www.europesays.com\/sk\/wp-json\/wp\/v2\/users\/2"}],"replies":[{"embeddable":true,"href":"https:\/\/www.europesays.com\/sk\/wp-json\/wp\/v2\/comments?post=165267"}],"version-history":[{"count":0,"href":"https:\/\/www.europesays.com\/sk\/wp-json\/wp\/v2\/posts\/165267\/revisions"}],"wp:featuredmedia":[{"embeddable":true,"href":"https:\/\/www.europesays.com\/sk\/wp-json\/wp\/v2\/media\/165268"}],"wp:attachment":[{"href":"https:\/\/www.europesays.com\/sk\/wp-json\/wp\/v2\/media?parent=165267"}],"wp:term":[{"taxonomy":"category","embeddable":true,"href":"https:\/\/www.europesays.com\/sk\/wp-json\/wp\/v2\/categories?post=165267"},{"taxonomy":"post_tag","embeddable":true,"href":"https:\/\/www.europesays.com\/sk\/wp-json\/wp\/v2\/tags?post=165267"}],"curies":[{"name":"wp","href":"https:\/\/api.w.org\/{rel}","templated":true}]}}