{"id":165323,"date":"2026-08-30T12:29:09","date_gmt":"2026-08-30T12:29:09","guid":{"rendered":"https:\/\/www.europesays.com\/sk\/165323\/"},"modified":"2026-08-30T12:29:09","modified_gmt":"2026-08-30T12:29:09","slug":"lod-so-stovkami-ludi-na-palube-sa-prevratila-pri-pobrezi-severneho-cypru","status":"publish","type":"post","link":"https:\/\/www.europesays.com\/sk\/165323\/","title":{"rendered":"Lo\u010f so stovkami \u013eud\u00ed na palube sa prevr\u00e1tila pri pobre\u017e\u00ed severn\u00e9ho Cypru"},"content":{"rendered":"<p>NIK\u00d3ZIA &#8211; Lo\u010f s pribli\u017ene 270 \u013eu\u010fmi na palube sa v nede\u013eu prevr\u00e1tila pri pobre\u017e\u00ed severn\u00e9ho Cypru. Na mieste prebieha p\u00e1tracia a z\u00e1chrann\u00e1 oper\u00e1cia, informovali cypersk\u00e9 m\u00e9di\u00e1. Starosta mesta Girne (gr\u00e9cky Keryneia) Murat \u0160enkul pre telev\u00edziu CNN uviedol, \u017ee sa podarilo skontaktova\u0165 so 159 z 258 pasa\u017eierov.  Niektor\u00e9 z nich uviedli, \u017ee plavidlo za\u010dalo nabera\u0165 vodu len nieko\u013eko kilometrov od pobre\u017eia. Informuje o tom agent\u00fara Reuters.<\/p>\n<p>\u00a0Pod\u013ea spr\u00e1v port\u00e1lov Sky News a CNN i\u0161lo o osobn\u00fd trajekt typu katamar\u00e1n. Plavidlo smerovalo z cypersk\u00e9ho pr\u00edstavu Girne do tureck\u00e9ho pr\u00edstavu Tasucu v provincii Mersin.<\/p>\n<p>\u0160enkul pre telev\u00edziu CNN T\u00fcrk potvrdil, \u017ee situ\u00e1cia je ve\u013emi v\u00e1\u017ena. Z\u00e1chran\u00e1rom sa zatia\u013e podarilo dosta\u0165 do bezpe\u010dia minim\u00e1lne 159 \u013eud\u00ed. Po \u010fal\u0161\u00edch takmer 100 nezvestn\u00fdch pasa\u017eieroch a pos\u00e1dke sa v rozb\u00farenom mori na\u010falej p\u00e1tra. Aktu\u00e1lne nie s\u00fa ofici\u00e1lne hl\u00e1sen\u00e9 \u017eiadne obete na \u017eivotoch, dod\u00e1va Sky News.<\/p>\n<p>Z\u00e1bery telev\u00edznej stanice CNN T\u00fcrk zachyt\u00e1vali \u013eud\u00ed v z\u00e1chrann\u00fdch vest\u00e1ch, ktor\u00ed \u010dakali na prevoz do bezpe\u010dia. severocypersk\u00fd minister dopravy Erhan Arikli pre \u0161t\u00e1tnu tureck\u00fa tla\u010dov\u00fa agent\u00faru Anadolu spresnil, \u017ee sa na palube plavidla v \u010dase incidentu nach\u00e1dzalo 259 pasa\u017eierov a osem \u010dlenov pos\u00e1dky.<\/p>\n<p>Oblas\u0165 Cypru u\u017e v sobotu zasiahli siln\u00e9 b\u00farky a nepriazniv\u00e9 po\u010dasie, ktor\u00e9 komplikovali plavbu v celej okol\u00ed. Pod\u013ea spr\u00e1v m\u00e9di\u00ed bolo more v tom \u010dase rozb\u00faren\u00e9, p\u00ed\u0161e agent\u00fara DPA.<\/p>\n","protected":false},"excerpt":{"rendered":"NIK\u00d3ZIA &#8211; Lo\u010f s pribli\u017ene 270 \u013eu\u010fmi na palube sa v nede\u013eu prevr\u00e1tila pri pobre\u017e\u00ed severn\u00e9ho Cypru. Na&hellip;\n","protected":false},"author":2,"featured_media":165324,"comment_status":"","ping_status":"","sticky":false,"template":"","format":"standard","meta":{"footnotes":"","_share_on_mastodon":"0"},"categories":[8],"tags":[4626,33,25761,47542,43,40,42,36,50,49,48],"class_list":["post-165323","post","type-post","status-publish","format-standard","has-post-thumbnail","category-svet","tag-lod","tag-news","tag-prevratenie","tag-severny-cyprus","tag-sk","tag-slovak","tag-slovencina","tag-spravy","tag-svet","tag-world","tag-world-news"],"share_on_mastodon":{"url":"https:\/\/pubeurope.com\/@sk\/117184466995013184","error":""},"_links":{"self":[{"href":"https:\/\/www.europesays.com\/sk\/wp-json\/wp\/v2\/posts\/165323","targetHints":{"allow":["GET"]}}],"collection":[{"href":"https:\/\/www.europesays.com\/sk\/wp-json\/wp\/v2\/posts"}],"about":[{"href":"https:\/\/www.europesays.com\/sk\/wp-json\/wp\/v2\/types\/post"}],"author":[{"embeddable":true,"href":"https:\/\/www.europesays.com\/sk\/wp-json\/wp\/v2\/users\/2"}],"replies":[{"embeddable":true,"href":"https:\/\/www.europesays.com\/sk\/wp-json\/wp\/v2\/comments?post=165323"}],"version-history":[{"count":0,"href":"https:\/\/www.europesays.com\/sk\/wp-json\/wp\/v2\/posts\/165323\/revisions"}],"wp:featuredmedia":[{"embeddable":true,"href":"https:\/\/www.europesays.com\/sk\/wp-json\/wp\/v2\/media\/165324"}],"wp:attachment":[{"href":"https:\/\/www.europesays.com\/sk\/wp-json\/wp\/v2\/media?parent=165323"}],"wp:term":[{"taxonomy":"category","embeddable":true,"href":"https:\/\/www.europesays.com\/sk\/wp-json\/wp\/v2\/categories?post=165323"},{"taxonomy":"post_tag","embeddable":true,"href":"https:\/\/www.europesays.com\/sk\/wp-json\/wp\/v2\/tags?post=165323"}],"curies":[{"name":"wp","href":"https:\/\/api.w.org\/{rel}","templated":true}]}}