{"id":165735,"date":"2026-08-30T22:01:10","date_gmt":"2026-08-30T22:01:10","guid":{"rendered":"https:\/\/www.europesays.com\/sk\/165735\/"},"modified":"2026-08-30T22:01:10","modified_gmt":"2026-08-30T22:01:10","slug":"van-der-poel-nemal-sancu-tom-pidcock-ziskal-svoj-druhy-titul-majstra-sveta-v-horskej-cyklistike-biker-sk","status":"publish","type":"post","link":"https:\/\/www.europesays.com\/sk\/165735\/","title":{"rendered":"Van der Poel nemal \u0161ancu. Tom Pidcock z\u00edskal svoj druh\u00fd titul majstra sveta v horskej cyklistike \u2013 Biker.sk"},"content":{"rendered":"<p><img fetchpriority=\"high\" decoding=\"async\" class=\"size-full wp-image-203017\" src=\"https:\/\/www.europesays.com\/sk\/wp-content\/uploads\/2026\/08\/pidckock_valdisole_nah.jpg\" alt=\"\" width=\"1803\" height=\"1202\"  \/>Tom Pidckock v XCO pretekoch Svetov\u00e9ho poh\u00e1ra vo Val di Sole. Foto: UCI<\/p>\n<p>V\u00fdsledky kateg\u00f3rie mu\u017eov elite z majstrovstiev sveta v XCO 2026 vo Val di Sole<\/p>\n<p>Thomas Pidcock (GBR) \u2013 1:25:26<br \/>\nCharlie Aldridge (GBR) \u2013 +0:17<br \/>\nCole Punchard (CAN) \u2013 +0:31<br \/>\nMartin Vidaurre Kossmann (CHI) \u2013 +0:59<br \/>\nAdrien Boichis (FRA) \u2013 +1:06<br \/>\nMathis Azzaro (FRA) \u2013 +1:47<br \/>\nDario Lillo (SUI) \u2013 +1:54<br \/>\nFilippo Colombo (SUI) \u2013 +2:02<br \/>\nFabio P\u00fcntener (SUI) \u2013 +2:04<br \/>\nDavid List (GER) \u2013 +2:08<\/p>\n<p>Tom Pidcock sa po neuverite\u013enej st\u00edhacej jazde zo zadn\u00fdch poz\u00edci\u00ed stal majstrom sveta v XCO.<\/p>\n<p>Brit \u0161tartoval a\u017e z piateho radu a po \u00favodnom okruhu sa pohyboval pribli\u017ene na 30. mieste.<\/p>\n<p>Po\u010das nasleduj\u00facich k\u00f4l sa v\u0161ak postupne prepracoval cez v\u00e4\u010d\u0161inu \u0161tartov\u00e9ho po\u013ea, dotiahol sa k ved\u00facej skupine a v z\u00e1vere sa vzdialil aj posledn\u00fdm s\u00faperom.<\/p>\n<p>Na \u0161tarte sa zi\u0161la prakticky kompletn\u00e1 svetov\u00e1 \u0161pi\u010dka. K pravideln\u00fdm jazdcom Svetov\u00e9ho poh\u00e1ra sa pridali aj Tom Pidcock a Mathieu van der Poel, ktor\u00ed patrili medzi hlavn\u00fdch favoritov na d\u00fahov\u00fd dres.<\/p>\n<p>Obaja v\u0161ak vyr\u00e1\u017eali a\u017e z piateho radu. Po \u00favodnom okruhu sa pohybovali pribli\u017ene okolo 30. miesta a na jazdcov vpredu str\u00e1cali iba 16 sek\u00fand. Ove\u013ea v\u00e4\u010d\u0161\u00edm probl\u00e9mom bolo mno\u017estvo s\u00faperov, cez ktor\u00fdch sa museli dosta\u0165.<\/p>\n<p>V \u00favode sa vo veden\u00ed striedali Martin Vidaurre, Riley Amos, Adrien Boichis \u010di Luca Martin.<\/p>\n<p>Pidcock za\u010dal stratu zmaz\u00e1va\u0165 okam\u017eite a u\u017e po\u010das prv\u00e9ho z \u00f4smich k\u00f4l predbehol viac ako desa\u0165 jazdcov.<\/p>\n<p>Van der Poel postupoval pomal\u0161ie a postupne za\u010dal za Britom zaost\u00e1va\u0165.<\/p>\n<p>V druhom kole jazdili vo ved\u00facej skupine Boichis, Martin, Mathis Azzaro, Charlie Aldridge, Vidaurre, Cole Punchard \u010di Dario Lillo.<\/p>\n<p>Pidcock u\u017e bol len 16 sek\u00fand za nimi a k skupine sa pribli\u017eoval prakticky s\u00e1m.<\/p>\n<p>Van der Poel sa v tom \u010dase pohyboval pribli\u017ene na 17. a\u017e 18. mieste. Jeho strata nar\u00e1stla na pribli\u017ene 54 sek\u00fand a \u0161ance zapoji\u0165 sa do boja o v\u00ed\u0165azstvo sa za\u010dali vz\u010fa\u013eova\u0165.<\/p>\n<p>Pribli\u017ene v polovici pretekov v\u00fdrazne zr\u00fdchlil Aldridge a dovtedy po\u010detn\u00e1 skupina sa rozdelila. Jeho tempo dok\u00e1zali zachyti\u0165 Vidaurre, Boichis a prekvapivo aj Kana\u010fan Cole Punchard.<\/p>\n<p>Pidcock u\u017e v\u0161ak bol tesne za nimi a vo \u0161tvrtom kole sa posunul na piate miesto.<\/p>\n<p>Na za\u010diatku piateho kola sa napokon dotiahol aj do ved\u00facej skupiny. Z pribli\u017ene 30. miesta po \u00favodnom okruhu mu na to sta\u010dila polovica pretekov.<\/p>\n<p>V\u00fdborn\u00fd v\u00fdkon predv\u00e1dzal aj Punchard. Kana\u010fan rovnako \u0161tartoval z piateho radu, dok\u00e1zal sa prepracova\u0165 dopredu a na chv\u00ed\u013eu sa dokonca ujal vedenia.<\/p>\n<p>Pidcock po pr\u00edchode do skupiny chv\u00ed\u013eu jazdil vzadu. V \u0161iestom kole v\u0161ak za\u010dal ud\u00e1va\u0165 tempo a postupne sa uk\u00e1zalo, \u017ee ani n\u00e1ro\u010dn\u00e1 st\u00edhacia jazda ho nepripravila o sily na v\u00ed\u0165azstvo.<\/p>\n<p>Punchard ako prv\u00fd za\u010dal str\u00e1ca\u0165, zatia\u013e \u010do Aldridge, Vidaurre a Boichis sa e\u0161te dok\u00e1zali Pidcocka dr\u017ea\u0165.<\/p>\n<p>Brit zr\u00fdch\u013eoval najm\u00e4 v st\u00fapaniach. Vidaurre v nich opakovane str\u00e1cal metre, ktor\u00e9 sa sna\u017eil z\u00edskava\u0165 sp\u00e4\u0165 v zjazdoch.<\/p>\n<p>\u010eal\u0161\u00ed Pidcockov n\u00e1stup u\u017e nezachytil ani \u010derstv\u00fd majster sveta v short tracku Adrien Boichis. Pidcock, Aldridge a Vidaurre si pred Franc\u00fazom v kr\u00e1tkom \u010dase vytvorili n\u00e1skok pribli\u017ene 17 sek\u00fand.<\/p>\n<p>Ani t\u00e1to trojica v\u0161ak dlho nevydr\u017eala spolu. Pidcock pokra\u010doval v \u00fatokoch a ako prv\u00fd na jeho tempo nesta\u010dil Vidaurre. Posledn\u00fdm jazdcom, ktor\u00fd sa ho dok\u00e1zal dr\u017ea\u0165, zostal jeho krajan Charlie Aldridge.<\/p>\n<p>Rozhoduj\u00faci \u00fatok pri\u0161iel v najdlh\u0161om st\u00fapan\u00ed okruhu. Aldridge u\u017e Pidcockovo tempo nezachytil a Brit zostal prv\u00fdkr\u00e1t v pretekoch osamoten\u00fd.<\/p>\n<p>Do posledn\u00e9ho kola vyr\u00e1\u017eal s n\u00e1skokom desa\u0165 sek\u00fand pred Aldridgeom. Punchard bol tret\u00ed so stratou 38 sek\u00fand, Vidaurre po defekte \u0161tvrt\u00fd a Boichis sa prepadol na piate miesto.<\/p>\n<p>Pidcock svoj n\u00e1skok udr\u017eal a do cie\u013ea vo Val di Sole pri\u0161iel s n\u00e1skokom 17 sek\u00fand. Po \u0161tarte z piateho radu a postupe cez prakticky cel\u00e9 \u0161tartov\u00e9 pole z\u00edskal svoj druh\u00fd titul majstra sveta v XCO.<\/p>\n<p>Ako druh\u00fd pri\u0161iel do cie\u013ea \u010fa\u013e\u0161\u00ed brit Charlie Aldridge. Bronz z\u00edskal Cole Punchard, ktor\u00fd za Pidcockom zaostal o 31 sek\u00fand a po vlastnom postupe z piateho radu sa postaral o jedno z najv\u00e4\u010d\u0161\u00edch prekvapen\u00ed pretekov.<\/p>\n<p>Martin Vidaurre skon\u010dil \u0161tvrt\u00fd a Adrien Boichis piaty. Mathieu van der Poel sa po \u0161tarte zo zadn\u00fdch poz\u00edci\u00ed do boja o popredn\u00e9 prie\u010dky nedostal a obsadil 30. miesto.<\/p>\n<p>Kompletn\u00e9 v\u00fdsledky <a href=\"https:\/\/www.uci.org\/competition-hub\/2026-uci-mountain-bike-world-championships-xco-xcr-xcc-e-mtb-dhi\/5aHMncZjNA8ofgCaDA3Gsj\" rel=\"nofollow noopener\" target=\"_blank\">n\u00e1jdete tu<\/a>.<\/p>\n","protected":false},"excerpt":{"rendered":"Tom Pidckock v XCO pretekoch Svetov\u00e9ho poh\u00e1ra vo Val di Sole. Foto: UCI V\u00fdsledky kateg\u00f3rie mu\u017eov elite z&hellip;\n","protected":false},"author":2,"featured_media":165736,"comment_status":"","ping_status":"","sticky":false,"template":"","format":"standard","meta":{"footnotes":"","_share_on_mastodon":"0"},"categories":[13],"tags":[1743,40270,11050,47598,47599,2528,47116,43,40,39,42,41,69,68,6134,47596,40271,47597],"class_list":["post-165735","post","type-post","status-publish","format-standard","has-post-thumbnail","category-sport","tag-1743","tag-cross-country","tag-majstrovstva-sveta","tag-majstrovstva-sveta-v-horskej-cyklistike","tag-majstrovstva-sveta-v-xco","tag-mathieu-van-der-poel","tag-mtb","tag-sk","tag-slovak","tag-slovakia","tag-slovencina","tag-slovensko","tag-sport","tag-sports","tag-tom-pidcock","tag-val-di-sole","tag-xc","tag-xco"],"share_on_mastodon":{"url":"https:\/\/pubeurope.com\/@sk\/117186716432541256","error":""},"_links":{"self":[{"href":"https:\/\/www.europesays.com\/sk\/wp-json\/wp\/v2\/posts\/165735","targetHints":{"allow":["GET"]}}],"collection":[{"href":"https:\/\/www.europesays.com\/sk\/wp-json\/wp\/v2\/posts"}],"about":[{"href":"https:\/\/www.europesays.com\/sk\/wp-json\/wp\/v2\/types\/post"}],"author":[{"embeddable":true,"href":"https:\/\/www.europesays.com\/sk\/wp-json\/wp\/v2\/users\/2"}],"replies":[{"embeddable":true,"href":"https:\/\/www.europesays.com\/sk\/wp-json\/wp\/v2\/comments?post=165735"}],"version-history":[{"count":0,"href":"https:\/\/www.europesays.com\/sk\/wp-json\/wp\/v2\/posts\/165735\/revisions"}],"wp:featuredmedia":[{"embeddable":true,"href":"https:\/\/www.europesays.com\/sk\/wp-json\/wp\/v2\/media\/165736"}],"wp:attachment":[{"href":"https:\/\/www.europesays.com\/sk\/wp-json\/wp\/v2\/media?parent=165735"}],"wp:term":[{"taxonomy":"category","embeddable":true,"href":"https:\/\/www.europesays.com\/sk\/wp-json\/wp\/v2\/categories?post=165735"},{"taxonomy":"post_tag","embeddable":true,"href":"https:\/\/www.europesays.com\/sk\/wp-json\/wp\/v2\/tags?post=165735"}],"curies":[{"name":"wp","href":"https:\/\/api.w.org\/{rel}","templated":true}]}}