{"id":165741,"date":"2026-08-30T22:18:28","date_gmt":"2026-08-30T22:18:28","guid":{"rendered":"https:\/\/www.europesays.com\/sk\/165741\/"},"modified":"2026-08-30T22:18:28","modified_gmt":"2026-08-30T22:18:28","slug":"hadzali-kamene-na-vojakov-policia-ich-zadrzala","status":"publish","type":"post","link":"https:\/\/www.europesays.com\/sk\/165741\/","title":{"rendered":"H\u00e1dzali kamene na vojakov: Pol\u00edcia ich zadr\u017eala"},"content":{"rendered":"<p>Madrid 29. augusta (TASR) &#8211; Pol\u00edcia v \u0161panielskej exkl\u00e1ve Ceuta v sobotu zadr\u017eala \u0161tyroch Maro\u010danov za h\u00e1dzanie kame\u0148ov na hliadku \u0161panielskych vojakov, z ktor\u00fdch jeden spadol a zranil sa pri prenasledovan\u00ed p\u00e1chate\u013eov, uviedol hovorca pol\u00edcie. TASR o tom informuje pod\u013ea spr\u00e1vy agent\u00fary AFP.<\/p>\n<p>K podobn\u00e9mu \u00fatoku do\u0161lo aj vo \u0161tvrtok, ke\u010f pol\u00edcia zadr\u017eala 12 migrantov po tom, ako kame\u0148mi za\u00fato\u010dili na vojensk\u00e9 vozidlo. Pri incidente utrpel zranenia jeden vojak a \u0161tyria migranti. Pod\u013ea tamoj\u0161\u00edch m\u00e9di\u00ed n\u00e1sledne jeden\u00e1s\u0165 zo zadr\u017ean\u00fdch os\u00f4b deportovali do Maroka.<\/p>\n<p>Ceuta pod\u013ea AFP zost\u00e1va pre \u0160panielsko zdrojom nap\u00e4tia &#8211; z politick\u00e9ho i bezpe\u010dnostn\u00e9ho h\u013eadiska -, pri\u010dom d\u00f4vodom s\u00fa udalosti z konca j\u00fala, ke\u010f najmenej 72.000 \u013eud\u00ed prekro\u010dilo hranicu z Maroka. V\u00e4\u010d\u0161ina z nich odi\u0161la z Ceuty, no na\u010falej tam zostalo tis\u00edce os\u00f4b. Tamoj\u0161\u00ed obyvatelia \u017eiadaj\u00fa odchod t\u00fdchto migrantov a vo \u0161tvrtok sa dostali do stretov s pol\u00edciou, \u010do vyvolalo reakciu od \u0161panielskej vl\u00e1dy, ktor\u00e1 vyzvala na zachovanie pokoja.<\/p>\n<p>Madrid h\u013ead\u00e1 sp\u00f4soby, ako zn\u00ed\u017ei\u0165 po\u010det migrantov zost\u00e1vaj\u00facich v Ceute bez poru\u0161enia pr\u00e1vnych predpisov Eur\u00f3pskej \u00fanie a medzin\u00e1rodn\u00fdch pr\u00e1vnych predpisov o azyle a migr\u00e1cii.<\/p>\n<p>Eurokomis\u00e1r pre migr\u00e1ciu Magnus Brunner v sobotu na sieti X uviedol, \u017ee \u0160panielsko v tejto s\u00favislosti po\u017eiadalo o pomoc Eur\u00f3psku agent\u00faru pre pohrani\u010dn\u00fa a pobre\u017en\u00fa str\u00e1\u017e (Frontex), Europol a Agent\u00faru Eur\u00f3pskej \u00fanie pre azyl (EUAA).<\/p>\n<p>\u201eU\u017e pracujeme na tejto \u017eiadosti a r\u00fdchlo v tejto veci rozhodneme,\u201c tvrd\u00ed Brunner, ktor\u00fd ozna\u010dil situ\u00e1ciu v Ceute za n\u00e1ro\u010dn\u00fa. Prioritou pod\u013ea jeho slov zost\u00e1va zabezpe\u010di\u0165 r\u00fdchly n\u00e1vrat os\u00f4b, ktor\u00e9 s\u00fa v Ceute neleg\u00e1lne.<\/p>\n","protected":false},"excerpt":{"rendered":"Madrid 29. augusta (TASR) &#8211; Pol\u00edcia v \u0161panielskej exkl\u00e1ve Ceuta v sobotu zadr\u017eala \u0161tyroch Maro\u010danov za h\u00e1dzanie kame\u0148ov&hellip;\n","protected":false},"author":2,"featured_media":165742,"comment_status":"","ping_status":"","sticky":false,"template":"","format":"standard","meta":{"footnotes":"","_share_on_mastodon":"0"},"categories":[8],"tags":[19209,3391,33,43,40,42,1698,36,50,789,49,48,765],"class_list":["post-165741","post","type-post","status-publish","format-standard","has-post-thumbnail","category-svet","tag-maroko","tag-migranti","tag-news","tag-sk","tag-slovak","tag-slovencina","tag-spanielsko","tag-spravy","tag-svet","tag-vojaci","tag-world","tag-world-news","tag-zadrzanie"],"share_on_mastodon":{"url":"https:\/\/pubeurope.com\/@sk\/117186783193840999","error":""},"_links":{"self":[{"href":"https:\/\/www.europesays.com\/sk\/wp-json\/wp\/v2\/posts\/165741","targetHints":{"allow":["GET"]}}],"collection":[{"href":"https:\/\/www.europesays.com\/sk\/wp-json\/wp\/v2\/posts"}],"about":[{"href":"https:\/\/www.europesays.com\/sk\/wp-json\/wp\/v2\/types\/post"}],"author":[{"embeddable":true,"href":"https:\/\/www.europesays.com\/sk\/wp-json\/wp\/v2\/users\/2"}],"replies":[{"embeddable":true,"href":"https:\/\/www.europesays.com\/sk\/wp-json\/wp\/v2\/comments?post=165741"}],"version-history":[{"count":0,"href":"https:\/\/www.europesays.com\/sk\/wp-json\/wp\/v2\/posts\/165741\/revisions"}],"wp:featuredmedia":[{"embeddable":true,"href":"https:\/\/www.europesays.com\/sk\/wp-json\/wp\/v2\/media\/165742"}],"wp:attachment":[{"href":"https:\/\/www.europesays.com\/sk\/wp-json\/wp\/v2\/media?parent=165741"}],"wp:term":[{"taxonomy":"category","embeddable":true,"href":"https:\/\/www.europesays.com\/sk\/wp-json\/wp\/v2\/categories?post=165741"},{"taxonomy":"post_tag","embeddable":true,"href":"https:\/\/www.europesays.com\/sk\/wp-json\/wp\/v2\/tags?post=165741"}],"curies":[{"name":"wp","href":"https:\/\/api.w.org\/{rel}","templated":true}]}}