{"id":165765,"date":"2026-08-30T23:39:18","date_gmt":"2026-08-30T23:39:18","guid":{"rendered":"https:\/\/www.europesays.com\/sk\/165765\/"},"modified":"2026-08-30T23:39:18","modified_gmt":"2026-08-30T23:39:18","slug":"simona-nemca-caka-v-calgary-klucova-uloha","status":"publish","type":"post","link":"https:\/\/www.europesays.com\/sk\/165765\/","title":{"rendered":"\u0160imona Nemca \u010dak\u00e1 v Calgary k\u013e\u00fa\u010dov\u00e1 \u00faloha"},"content":{"rendered":"<p>Slovensk\u00e9ho hokejov\u00e9ho obrancu \u0160imona Nemca \u010dak\u00e1 v Calgary Flames v\u00fdrazn\u00e1 \u00faloha u\u017e po\u010das jeho prvej sez\u00f3ny v kanadskom klube. Severoamerick\u00fd port\u00e1l RG vo svojej anal\u00fdze pred ro\u010dn\u00edkom 2026\/2027 o\u010dak\u00e1va, \u017ee 22-ro\u010dn\u00fd Slov\u00e1k okam\u017eite prevezme \u010das\u0165 povinnost\u00ed, ktor\u00e9 v defenz\u00edve zostali vo\u013en\u00e9 po odchodoch Rasmusa Anderssona a MacKenzieho Weegara.<\/p>\n<p>Calgary po\u010das uplynulej sez\u00f3ny v\u00fdrazne prestavalo k\u00e1der. Okrem Anderssona a Weegara odi\u0161iel aj sk\u00fasen\u00fd \u00fato\u010dn\u00edk Nazem Kadri. Flames skon\u010dili s bilanciou 34 v\u00ed\u0165azstiev a 48 prehier, z\u00edskali 77 bodov a \u0161tvrt\u00fd rok za sebou sa nedostali do play-off. S 212 strelen\u00fdmi g\u00f3lmi mali pod\u013ea NHL.com dokonca najslab\u0161iu ofenz\u00edvu celej ligy.<\/p>\n<p>Gener\u00e1lny mana\u017e\u00e9r Craig Conroy sa preto rozhodol stavi\u0165 na mlad\u0161\u00edch hr\u00e1\u010dov a jedn\u00fdm z najv\u00fdraznej\u0161\u00edch krokov bol pr\u00e1ve pr\u00edchod Nemca. Calgary ho z\u00edskalo 23. j\u00fana z New Jersey Devils spolo\u010dne s \u00fato\u010dn\u00edkom Maximom Cyp\u013eakovom.<\/p>\n<p><a class=\"news-item-image\" target=\"_self\" href=\"https:\/\/sport.aktuality.sk\/hokej\/clanok\/hokej-simon-nemec-je-pripraveny-naplnit-svoj-potencial-v-calgary-2026082307210319411\" rel=\"nofollow noopener\"><img alt=\"V New Jersey to nefungovalo, v Kanade chce by\u0165 l\u00eddrom. Nemec po obrovskej zmluve s\u013eubuje ve\u013ek\u00e9 veci\" src=\"data:image\/gif;base64,R0lGODlhAQABAIAAAAAAAP\/\/\/yH5BAEAAAAALAAAAAABAAEAAAIBRAA7\" decoding=\"async\" data-nimg=\"responsive\" class=\"side-article\" style=\"position:absolute;top:0;left:0;bottom:0;right:0;box-sizing:border-box;padding:0;border:none;margin:auto;display:block;width:0;height:0;min-width:100%;max-width:100%;min-height:100%;max-height:100%\"\/><img alt=\"V New Jersey to nefungovalo, v Kanade chce by\u0165 l\u00eddrom. Nemec po obrovskej zmluve s\u013eubuje ve\u013ek\u00e9 veci\" src=\"https:\/\/www.europesays.com\/sk\/wp-content\/uploads\/2026\/08\/1788133157_755_bc1c7d86-1fec-4cc0-9266-761969b46ef6.jpg\" decoding=\"async\" data-nimg=\"responsive\" style=\"position:absolute;top:0;left:0;bottom:0;right:0;box-sizing:border-box;padding:0;border:none;margin:auto;display:block;width:0;height:0;min-width:100%;max-width:100%;min-height:100%;max-height:100%\" class=\"side-article\" loading=\"lazy\"\/><\/a><\/p>\n<p class=\"news-item-description\">Slovensk\u00fd hokejov\u00fd obranca \u0160imon Nemec je po zmene t\u00edmu v z\u00e1morskej NHL odhodlan\u00fd uk\u00e1za\u0165 svoj potenci\u00e1l a pom\u00f4c\u0165 Calgary Flames prebojova\u0165 sa po \u0161tyroch ne\u00faspe\u0161n\u00fdch sez\u00f3nach do play off. Dvadsa\u0165dvaro\u010dn\u00fd obranca je presved\u010den\u00fd, \u017ee m\u00f4\u017ee by\u0165 k\u013e\u00fa\u010dov\u00fdm dielom do sklada\u010dky t\u00edmu Ryana Husku.<\/p>\n<p>Opa\u010dn\u00fdm smerom putovali podmienen\u00e9 v\u00fdbery v prv\u00fdch kol\u00e1ch draftov 2027 a 2028, v\u00fdber v druhom kole draftu 2026 a defenz\u00edvna n\u00e1dej Etienne Morin. Flames n\u00e1sledne uk\u00e1zali, \u017ee so slovensk\u00fdm reprezentantom po\u010d\u00edtaj\u00fa dlhodobo. Nemec podp\u00edsal 6. j\u00fala p\u00e4\u0165ro\u010dn\u00fa zmluvu v celkovej hodnote 36,25 mili\u00f3na dol\u00e1rov.<\/p>\n<p>Dvojka draftu z roku 2022 prich\u00e1dza do Calgary po sez\u00f3ne, v ktorej nazbierala 26 bodov a zblokovala 104 striel. Pod\u013ea anal\u00fdzy RG sa o\u010dak\u00e1va, \u017ee Nemec okam\u017eite vst\u00fapi do \u00falohy, o ktor\u00fa sa v minulosti delili Andersson s Weegarom.<\/p>\n<p lang=\"en\" dir=\"ltr\">New, for <a href=\"https:\/\/x.com\/TheAthletic?ref_src=twsrc%5Etfw\" rel=\"nofollow\">@TheAthletic<\/a>: \u0160imon Nemec opens up about the trade to Calgary, his &#8218;hard&#8216; experience in New Jersey and what he borrowed from Zdeno Chara this summer to prepare for his fresh opportunity:<a href=\"https:\/\/t.co\/ZeHDVyAT9m\" rel=\"nofollow\">https:\/\/t.co\/ZeHDVyAT9m<\/a><\/p>\n<p>\u2014 Chris Johnston (@reporterchris) <a href=\"https:\/\/x.com\/reporterchris\/status\/2093301201966117274?ref_src=twsrc%5Etfw\" rel=\"nofollow\">August 28, 2026<\/a> <\/p>\n<p>Nejde teda iba o perspekt\u00edvnu posilu do bud\u00facnosti, ale o hr\u00e1\u010da, ktor\u00fd m\u00e1 u\u017e vo veku 22 rokov nies\u0165 zna\u010dn\u00fa \u010das\u0165 zodpovednosti v prestavanej obrane Flames. Nemec pritom nebude jedin\u00fdm mlad\u00fdm obrancom, na ktorom chce Calgary stava\u0165.<\/p>\n<p> Ve\u013ek\u00e9 o\u010dak\u00e1vania sprev\u00e1dzaj\u00fa aj Zayna Parekha, deviatku draftu z roku 2024. Ako t\u00edned\u017eer odohral v NHL 37 z\u00e1pasov a z\u00edskal dev\u00e4\u0165 bodov, pri\u010dom na majstrovstv\u00e1ch sveta hr\u00e1\u010dov do 20 rokov v roku 2026 nazbieral 13 bodov v siedmich dueloch. V tohtoro\u010dnom drafte si Flames zo \u0161iesteho miesta vybrali \u010fal\u0161ieho obrancu Carsona Carelsa.<\/p>\n<p><a class=\"news-item-image\" target=\"_self\" href=\"https:\/\/sport.aktuality.sk\/hokej\/clanok\/simon-nemec-calgary-flames-nhl-2026082204165223854\" rel=\"nofollow noopener\"><img alt=\"Z\u00e1morsk\u00fd expert varuje \u0160imona Nemca: Priestor na v\u00fdhovorky sa definit\u00edvne skon\u010dil\" src=\"data:image\/gif;base64,R0lGODlhAQABAIAAAAAAAP\/\/\/yH5BAEAAAAALAAAAAABAAEAAAIBRAA7\" decoding=\"async\" data-nimg=\"responsive\" class=\"side-article\" style=\"position:absolute;top:0;left:0;bottom:0;right:0;box-sizing:border-box;padding:0;border:none;margin:auto;display:block;width:0;height:0;min-width:100%;max-width:100%;min-height:100%;max-height:100%\"\/><img alt=\"Z\u00e1morsk\u00fd expert varuje \u0160imona Nemca: Priestor na v\u00fdhovorky sa definit\u00edvne skon\u010dil\" src=\"https:\/\/www.europesays.com\/sk\/wp-content\/uploads\/2026\/08\/1788133158_482_66d435ae-c2af-469c-8437-d7031da7b608.jpg\" decoding=\"async\" data-nimg=\"responsive\" style=\"position:absolute;top:0;left:0;bottom:0;right:0;box-sizing:border-box;padding:0;border:none;margin:auto;display:block;width:0;height:0;min-width:100%;max-width:100%;min-height:100%;max-height:100%\" class=\"side-article\" loading=\"lazy\"\/><\/a><\/p>\n<p class=\"news-item-description\">Od Calgary Flames sa v bl\u00ed\u017eiacej sa sez\u00f3ne 2026\/27 ne\u010dakaj\u00fa z\u00e1zraky ani priamy \u00fatok na Stanley Cup. Pre nieko\u013ek\u00fdch hr\u00e1\u010dov v\u0161ak p\u00f4jde o zlomov\u00fd ro\u010dn\u00edk, v ktorom hraj\u00fa o svoju hokejov\u00fa bud\u00facnos\u0165. Vedenie po nepresved\u010div\u00fdch v\u00fdkonoch mlad\u00fdch talentov z minul\u00e9ho ro\u010dn\u00edka \u017eiada v\u00fdsledky. Najv\u00e4\u010d\u0161ia pozornos\u0165 sa s\u00fastred\u00ed na slovensk\u00e9ho obrancu \u0160imona Nemca.<\/p>\n<p>Od Calgary sa napriek pr\u00edchodu Nemca v najbli\u017e\u0161ej sez\u00f3ne neo\u010dak\u00e1va boj o Stanleyho poh\u00e1r. Pod\u013ea progn\u00f3z RG obsadia Flames niektor\u00e9 z posledn\u00fdch piatich prie\u010dok v NHL a z\u00edskaj\u00fa mo\u017enos\u0165 na jeden z najvy\u0161\u0161\u00edch v\u00fdberov v drafte 2027. \u00dalohou tr\u00e9nera Ryana Husku m\u00e1 by\u0165 predov\u0161etk\u00fdm rozvoj mlad\u00e9ho mu\u017estva.<\/p>\n<p>Pr\u00e1ve Nemec v\u0161ak patr\u00ed medzi hr\u00e1\u010dov, ktor\u00ed maj\u00fa rozhodn\u00fa\u0165, ako r\u00fdchlo sa Calgary z prestavby dostane. Flames za slovensk\u00e9ho obrancu obetovali v\u00fdznamn\u00fd draftov\u00fd kapit\u00e1l a n\u00e1sledne do\u0148ho investovali viac ako 36 mili\u00f3nov dol\u00e1rov. U\u017e jeho prv\u00e1 sez\u00f3na v Kanade tak m\u00f4\u017ee uk\u00e1za\u0165, \u010di v \u0148om z\u00edskali jeden zo z\u00e1kladn\u00fdch stavebn\u00fdch kame\u0148ov svojej novej \u00e9ry.<\/p>\n","protected":false},"excerpt":{"rendered":"Slovensk\u00e9ho hokejov\u00e9ho obrancu \u0160imona Nemca \u010dak\u00e1 v Calgary Flames v\u00fdrazn\u00e1 \u00faloha u\u017e po\u010das jeho prvej sez\u00f3ny v kanadskom&hellip;\n","protected":false},"author":2,"featured_media":165766,"comment_status":"","ping_status":"","sticky":false,"template":"","format":"standard","meta":{"footnotes":"","_share_on_mastodon":"0"},"categories":[13],"tags":[3137,1464,3139,43,5067,40,39,42,41,69,68],"class_list":["post-165765","post","type-post","status-publish","format-standard","has-post-thumbnail","category-sport","tag-new-jersey-devils","tag-nhl","tag-simon-nemec","tag-sk","tag-slovaci-v-nhl","tag-slovak","tag-slovakia","tag-slovencina","tag-slovensko","tag-sport","tag-sports"],"share_on_mastodon":{"url":"https:\/\/pubeurope.com\/@sk\/117187102027366855","error":""},"_links":{"self":[{"href":"https:\/\/www.europesays.com\/sk\/wp-json\/wp\/v2\/posts\/165765","targetHints":{"allow":["GET"]}}],"collection":[{"href":"https:\/\/www.europesays.com\/sk\/wp-json\/wp\/v2\/posts"}],"about":[{"href":"https:\/\/www.europesays.com\/sk\/wp-json\/wp\/v2\/types\/post"}],"author":[{"embeddable":true,"href":"https:\/\/www.europesays.com\/sk\/wp-json\/wp\/v2\/users\/2"}],"replies":[{"embeddable":true,"href":"https:\/\/www.europesays.com\/sk\/wp-json\/wp\/v2\/comments?post=165765"}],"version-history":[{"count":0,"href":"https:\/\/www.europesays.com\/sk\/wp-json\/wp\/v2\/posts\/165765\/revisions"}],"wp:featuredmedia":[{"embeddable":true,"href":"https:\/\/www.europesays.com\/sk\/wp-json\/wp\/v2\/media\/165766"}],"wp:attachment":[{"href":"https:\/\/www.europesays.com\/sk\/wp-json\/wp\/v2\/media?parent=165765"}],"wp:term":[{"taxonomy":"category","embeddable":true,"href":"https:\/\/www.europesays.com\/sk\/wp-json\/wp\/v2\/categories?post=165765"},{"taxonomy":"post_tag","embeddable":true,"href":"https:\/\/www.europesays.com\/sk\/wp-json\/wp\/v2\/tags?post=165765"}],"curies":[{"name":"wp","href":"https:\/\/api.w.org\/{rel}","templated":true}]}}