{"id":165807,"date":"2026-08-31T03:54:07","date_gmt":"2026-08-31T03:54:07","guid":{"rendered":"https:\/\/www.europesays.com\/sk\/165807\/"},"modified":"2026-08-31T03:54:07","modified_gmt":"2026-08-31T03:54:07","slug":"desivy-moment-na-vozovke-medvedica-prisla-k-autu-a-zahryzla-sa-don","status":"publish","type":"post","link":"https:\/\/www.europesays.com\/sk\/165807\/","title":{"rendered":"Desiv\u00fd moment na vozovke, medvedica pri\u0161la k autu a zahryzla sa do\u0148"},"content":{"rendered":"<p>BUKURE\u0160\u0164 &#8211; Desiv\u00fd moment sa odohral na zn\u00e1mej ceste v Rumunsku, kde ka\u017edoro\u010dne zamieri mnoho turistov. Vozidl\u00e1 st\u00e1li v kol\u00f3ne, ke\u010f sa zrazu objavila medvedica s mal\u00fdmi. To, \u010do sa n\u00e1sledne podarilo nato\u010di\u0165 na video, je viac ako ne\u010dakan\u00e9. \u0160elma si spravila z vozidla z\u00e1kusok. <\/p>\n<p>Na jednej z najviac frekventovan\u00fdch dia\u013enic v Rumunsku pri pohor\u00ed Fagara\u0161 sa odohrala situ\u00e1cia, ktor\u00e1 sa len tak nevid\u00ed. Lokalita pri\u0165ahuje po\u010das leta mnoho turistov, \u010do sa n\u00e1sledne odzrkadl\u00ed na upchat\u00fdch cest\u00e1ch. Napriek tomu prejde t\u00fdmto \u00fasekom po\u010das leta mnoho \u00a0turistov. \u00a0<\/p>\n<p>D\u0148a 22. augusta v\u0161ak na Transfagaraskej dia\u013enici tuhla krv v \u017eil\u00e1ch. Prem\u00e1vka na horskom \u00faseku bola takmer \u00faplne paralyzovan\u00e1. Aut\u00e1 sa pos\u00favali po vozovke slima\u010d\u00edm tempom. \u00a0<\/p>\n<p>Je v\u0161eobecne zn\u00e1me, \u017ee medvede sa v tejto lokalite objavuj\u00fa pomerne \u010dasto. Napriek po\u010detn\u00fdm v\u00fdzvam pre vodi\u010dov, aby pri zveroch nezastavovali a nefotili si ich, robia presn\u00fd opak. \u00a0<\/p>\n<p>V jednej chv\u00edli sa ve\u013emi bl\u00edzko vozidiel stojacich v kol\u00f3ne <a href=\"https:\/\/www.fakt.pl\/wydarzenia\/swiat\/atak-niedzwiedzicy-na-samochod-odgryzla-zderzak-obok-byly-jej-mlode\/ps2qx43\" target=\"_blank\" rel=\"nofollow noopener\">objavil medve\u010f. <\/a>Zviera sa pribl\u00ed\u017eilo k bielemu vozidlu a zahryzlo do zadn\u00e9ho n\u00e1razn\u00edka. N\u00e1sledne ho cel\u00fd odtrhlo. Svedkovia sa vyjadrili, \u017ee malo \u00eds\u0165 o medvedicu. Jej ml\u00e1\u010fat\u00e1 spozorovali len p\u00e1r metrov od nej. Niekto si dokonca cel\u00fd incident nahral a video uverejnil na soci\u00e1lne siete. \u00a0<\/p>\n<p>Mnoh\u00ed \u013eudia nazna\u010dili, \u017ee incidenty tak\u00e9hoto druhu s\u00fa d\u00f4sledkom nedodr\u017eiavania bezpe\u010dnostn\u00fdch predpisov. \u201cFotenie div\u00fdch zvierat v\u00e1s m\u00f4\u017ee vyjs\u0165 poriadne draho,\u201d nap\u00edsal niekto pod video. \u010eal\u0161\u00ed s d\u00e1vkou humoru poznamenal, \u017ee pois\u0165ov\u0148a za tak\u00fdto incident nemus\u00ed poskytn\u00fa\u0165 \u017eiadne od\u0161kodn\u00e9. \u00a0<\/p>\n<p>Rumunsk\u00e9 \u00farady pravidelne upozor\u0148uj\u00fa, \u017ee k\u0155menie medve\u010fov je nielen nebezpe\u010dn\u00e9, ale aj trestn\u00e9. Navy\u0161e hrozia vysok\u00e9 pokuty. \u00a0Odborn\u00edci zd\u00f4raz\u0148uj\u00fa, \u017ee ako si zvery \u010doraz viac zvykaj\u00fa na pr\u00edtomnos\u0165 \u013eud\u00ed a \u00e1ut, za\u010d\u00ednaj\u00fa si ich sp\u00e1ja\u0165 s \u013eahk\u00fdm pr\u00edstupom k potrave. \u00a0<\/p>\n","protected":false},"excerpt":{"rendered":"BUKURE\u0160\u0164 &#8211; Desiv\u00fd moment sa odohral na zn\u00e1mej ceste v Rumunsku, kde ka\u017edoro\u010dne zamieri mnoho turistov. Vozidl\u00e1 st\u00e1li&hellip;\n","protected":false},"author":2,"featured_media":165808,"comment_status":"","ping_status":"","sticky":false,"template":"","format":"standard","meta":{"footnotes":"","_share_on_mastodon":"0"},"categories":[8],"tags":[2193,1389,47609,33,3404,43,40,42,36,50,710,9295,49,48],"class_list":["post-165807","post","type-post","status-publish","format-standard","has-post-thumbnail","category-svet","tag-cesta","tag-medved","tag-naraznik","tag-news","tag-rumunsko","tag-sk","tag-slovak","tag-slovencina","tag-spravy","tag-svet","tag-utok","tag-vozidlo","tag-world","tag-world-news"],"share_on_mastodon":{"url":"https:\/\/pubeurope.com\/@sk\/117188104214683687","error":""},"_links":{"self":[{"href":"https:\/\/www.europesays.com\/sk\/wp-json\/wp\/v2\/posts\/165807","targetHints":{"allow":["GET"]}}],"collection":[{"href":"https:\/\/www.europesays.com\/sk\/wp-json\/wp\/v2\/posts"}],"about":[{"href":"https:\/\/www.europesays.com\/sk\/wp-json\/wp\/v2\/types\/post"}],"author":[{"embeddable":true,"href":"https:\/\/www.europesays.com\/sk\/wp-json\/wp\/v2\/users\/2"}],"replies":[{"embeddable":true,"href":"https:\/\/www.europesays.com\/sk\/wp-json\/wp\/v2\/comments?post=165807"}],"version-history":[{"count":0,"href":"https:\/\/www.europesays.com\/sk\/wp-json\/wp\/v2\/posts\/165807\/revisions"}],"wp:featuredmedia":[{"embeddable":true,"href":"https:\/\/www.europesays.com\/sk\/wp-json\/wp\/v2\/media\/165808"}],"wp:attachment":[{"href":"https:\/\/www.europesays.com\/sk\/wp-json\/wp\/v2\/media?parent=165807"}],"wp:term":[{"taxonomy":"category","embeddable":true,"href":"https:\/\/www.europesays.com\/sk\/wp-json\/wp\/v2\/categories?post=165807"},{"taxonomy":"post_tag","embeddable":true,"href":"https:\/\/www.europesays.com\/sk\/wp-json\/wp\/v2\/tags?post=165807"}],"curies":[{"name":"wp","href":"https:\/\/api.w.org\/{rel}","templated":true}]}}