{"id":165857,"date":"2026-08-31T06:02:10","date_gmt":"2026-08-31T06:02:10","guid":{"rendered":"https:\/\/www.europesays.com\/sk\/165857\/"},"modified":"2026-08-31T06:02:10","modified_gmt":"2026-08-31T06:02:10","slug":"mourinho-pokracuje-v-uspesnej-misii-bellingham-odstartoval-golovu-kanonadu-realu","status":"publish","type":"post","link":"https:\/\/www.europesays.com\/sk\/165857\/","title":{"rendered":"Mourinho pokra\u010duje v \u00faspe\u0161nej misii: Bellingham od\u0161tartoval g\u00f3lov\u00fa kanon\u00e1du Realu"},"content":{"rendered":"<p>Real Madrid &#8211; M\u00e1laga CF 4:0 (3:0)<br \/>&#13;<br \/>\nG\u00f3ly: 19. Bellingham, 26. Herrero (vlastn\u00fd), 30. Mbapp\u00e9, 90.+1 G\u00fcler<\/p>\n<p>Deportivo La Coru\u0148a &#8211; Valencia CF 3:1 (2:1)<br \/>&#13;<br \/>\nG\u00f3ly: 13. Tarrega (vlastn\u00fd), 17. Aubameyang, 59. Diakhaby (vlastn\u00fd) &#8211; 26. Sadiq. \u010cK: 90.+3 Altimira (po druhej \u017dK)<\/p>\n<p>Celta Vigo &#8211; Athletic Bilbao 0:2 (0:2)<br \/>&#13;<br \/>\nG\u00f3ly: 20. Berenguer, 22. Navarro<\/p>\n","protected":false},"excerpt":{"rendered":"Real Madrid &#8211; M\u00e1laga CF 4:0 (3:0)&#13; G\u00f3ly: 19. Bellingham, 26. Herrero (vlastn\u00fd), 30. Mbapp\u00e9, 90.+1 G\u00fcler Deportivo&hellip;\n","protected":false},"author":2,"featured_media":165858,"comment_status":"","ping_status":"","sticky":false,"template":"","format":"standard","meta":{"footnotes":"","_share_on_mastodon":"0"},"categories":[32],"tags":[38389,34,37,19951,19446,10721,45191,33,47613,2317,43,40,39,42,41,36,38,35,20851],"class_list":["post-165857","post","type-post","status-publish","format-standard","has-post-thumbnail","category-spravy","tag-deportivo-la-coruna","tag-headlines","tag-hlavne-spravy","tag-jose-mourinho","tag-jude-bellingham","tag-kylian-mbappe","tag-malaga-cf","tag-news","tag-pierre-emerick-aubameyang","tag-real-madrid-cf","tag-sk","tag-slovak","tag-slovakia","tag-slovencina","tag-slovensko","tag-spravy","tag-titulky","tag-top-stories","tag-valencia-cf"],"share_on_mastodon":{"url":"https:\/\/pubeurope.com\/@sk\/117188607465849971","error":""},"_links":{"self":[{"href":"https:\/\/www.europesays.com\/sk\/wp-json\/wp\/v2\/posts\/165857","targetHints":{"allow":["GET"]}}],"collection":[{"href":"https:\/\/www.europesays.com\/sk\/wp-json\/wp\/v2\/posts"}],"about":[{"href":"https:\/\/www.europesays.com\/sk\/wp-json\/wp\/v2\/types\/post"}],"author":[{"embeddable":true,"href":"https:\/\/www.europesays.com\/sk\/wp-json\/wp\/v2\/users\/2"}],"replies":[{"embeddable":true,"href":"https:\/\/www.europesays.com\/sk\/wp-json\/wp\/v2\/comments?post=165857"}],"version-history":[{"count":0,"href":"https:\/\/www.europesays.com\/sk\/wp-json\/wp\/v2\/posts\/165857\/revisions"}],"wp:featuredmedia":[{"embeddable":true,"href":"https:\/\/www.europesays.com\/sk\/wp-json\/wp\/v2\/media\/165858"}],"wp:attachment":[{"href":"https:\/\/www.europesays.com\/sk\/wp-json\/wp\/v2\/media?parent=165857"}],"wp:term":[{"taxonomy":"category","embeddable":true,"href":"https:\/\/www.europesays.com\/sk\/wp-json\/wp\/v2\/categories?post=165857"},{"taxonomy":"post_tag","embeddable":true,"href":"https:\/\/www.europesays.com\/sk\/wp-json\/wp\/v2\/tags?post=165857"}],"curies":[{"name":"wp","href":"https:\/\/api.w.org\/{rel}","templated":true}]}}