{"id":165969,"date":"2026-08-31T08:23:15","date_gmt":"2026-08-31T08:23:15","guid":{"rendered":"https:\/\/www.europesays.com\/sk\/165969\/"},"modified":"2026-08-31T08:23:15","modified_gmt":"2026-08-31T08:23:15","slug":"zomrel-jaroslav-olejar-byvaly-brankar-1-fc-kosice-a-prahy","status":"publish","type":"post","link":"https:\/\/www.europesays.com\/sk\/165969\/","title":{"rendered":"Zomrel Jaroslav Olej\u00e1r, b\u00fdval\u00fd brank\u00e1r 1. FC Ko\u0161ice a Prahy"},"content":{"rendered":"<p>Slovensk\u00fa futbalov\u00fa rodinu zasiahla bolestiv\u00e1 strata. Vo veku 67 rokov nav\u017edy odi\u0161iel legend\u00e1rny brank\u00e1r Jaroslav Olej\u00e1r. Smutn\u00fa spr\u00e1vu ofici\u00e1lne potvrdila klubov\u00e1 komunita 1. FC Ko\u0161ice \u2013 hist\u00f3ria a pre \u0160PORT.sk aj starosta jeho rodnej obce Dvorianky, kde sa za\u010dala jeho v\u00fdnimo\u010dn\u00e1 \u017eivotn\u00e1 cesta.<\/p>\n<p>Mu\u017e, ktor\u00fd pre\u017eil jese\u0148 \u017eivota v Ko\u0161iciach, zanechal nezmazate\u013en\u00fa stopu v \u010deskoslovenskom futbale. Jeho \u017eivotn\u00fd pr\u00edbeh zostane nav\u017edy in\u0161pir\u00e1ciou \u2013 dok\u00e1zal sa toti\u017e z dedinsk\u00e9ho ihriska raketovo prepracova\u0165 a\u017e na sl\u00e1vny \u0161tadi\u00f3n Santiago Bernab\u00e9u.<\/p>\n<p>Z Doln\u00e9ho Zempl\u00edna do Stove\u017eatej<\/p>\n<p>Jaroslav Olej\u00e1r sa narodil 29. augusta 1959 v obci Dvorianky (okres Trebi\u0161ov), kde za\u010d\u00ednal s futbalom po vzore svojho otca, takisto brank\u00e1ra. Cez ml\u00e1de\u017en\u00edcke kateg\u00f3rie sa vypracoval do vtedaj\u0161ieho druholigov\u00e9ho Slavoja Trebi\u0161ov. V lete roku 1983 si takmer dvojmetrov\u00e9ho a talentovan\u00e9ho g\u00f3lmana vyhliadla pra\u017esk\u00e1 Sparta.<\/p>\n<p>Prestup z v\u00fdchodu Slovenska do \u010deskej metropoly bol obrovsk\u00fdm skokom, no ten najv\u00e4\u010d\u0161\u00ed \u0161ok pri\u0161iel na jese\u0148 toho ist\u00e9ho roku. V 1. kole Poh\u00e1ra UEFA pris\u00fadil \u017ereb Sparte svetov\u00e9ho giganta \u2013 Real Madrid. Ke\u010f\u017ee vtedaj\u0161ia jednotka Sparty Jan Po\u0161tulka dostala trest, vtedy len 24-ro\u010dn\u00fd Olej\u00e1r bol hoden\u00fd priamo do jamy levovej.<\/p>\n<p><a class=\"news-item-image\" target=\"_self\" href=\"https:\/\/sport.aktuality.sk\/futbal\/clanok\/rozhovor-agent-lukas-hricov-zachranuje-dedinsky-futbal-2026082809580532760\" rel=\"nofollow noopener\"><img alt=\"Zachra\u0148uj\u00fa dedinsk\u00fd futbal alebo ni\u010dia identitu? Agent: Hr\u00e1\u010d u n\u00e1s nie je svetlo na z\u00e1chode\" src=\"data:image\/gif;base64,R0lGODlhAQABAIAAAAAAAP\/\/\/yH5BAEAAAAALAAAAAABAAEAAAIBRAA7\" decoding=\"async\" data-nimg=\"responsive\" class=\"side-article\" style=\"position:absolute;top:0;left:0;bottom:0;right:0;box-sizing:border-box;padding:0;border:none;margin:auto;display:block;width:0;height:0;min-width:100%;max-width:100%;min-height:100%;max-height:100%\"\/><img alt=\"Zachra\u0148uj\u00fa dedinsk\u00fd futbal alebo ni\u010dia identitu? Agent: Hr\u00e1\u010d u n\u00e1s nie je svetlo na z\u00e1chode\" src=\"https:\/\/www.europesays.com\/sk\/wp-content\/uploads\/2026\/08\/8308307d-e25d-446c-9082-3b33042b656c.png\" decoding=\"async\" data-nimg=\"responsive\" style=\"position:absolute;top:0;left:0;bottom:0;right:0;box-sizing:border-box;padding:0;border:none;margin:auto;display:block;width:0;height:0;min-width:100%;max-width:100%;min-height:100%;max-height:100%\" class=\"side-article\" loading=\"lazy\"\/><\/a><\/p>\n<p class=\"news-item-description\">Kostol, kr\u010dma a futbal. Tradi\u010dn\u00e1 trojica, bez ktorej si \u017eivot na dedin\u00e1ch nevieme predstavi\u0165. Len\u017ee slovensk\u00fd region\u00e1lny futbal pre\u017e\u00edva kr\u00edzu. Mlad\u00ed dom\u00e1ci hr\u00e1\u010di ch\u00fdbaj\u00fa a kluby zanikaj\u00fa. Rie\u0161en\u00edm sa pre mnoh\u00e9 z nich st\u00e1vaj\u00fa legion\u00e1ri z Ju\u017enej Ameriky. O tom, pre\u010do kluby siahaj\u00fa po tejto alternat\u00edve a ako vyzer\u00e1 matematika ich pre\u017eitia, sme sa otvorene rozpr\u00e1vali s b\u00fdval\u00fdm ligov\u00fdm \u00fato\u010dn\u00edkom Tren\u010d\u00edna \u010di Rimavskej Soboty, odchovancom Pre\u0161ova a dnes h\u013eada\u010dom talentov Luk\u00e1\u0161om Hricovom.<\/p>\n<p>Dvojz\u00e1pas, ktor\u00fd \u0161okoval Eur\u00f3pu<\/p>\n<p>Olej\u00e1r st\u00e1l v br\u00e1ne v oboch pam\u00e4tn\u00fdch z\u00e1pasoch a proti \u201ebielemu baletu\u201c predviedol \u017eivotn\u00e9 v\u00fdkony.<\/p>\n<p>Presne 14. septembra 1983 vyhrala Sparta Praha doma nad Realom Madrid 3:2. Na Letnej sa tiesnilo takmer 40-tis\u00edc div\u00e1kov. Olej\u00e1r \u010delil svetov\u00fdm hviezdam ako Juanito, Santillana \u010di Stielike. Hoci inkasoval dvakr\u00e1t, Sparta v\u010faka obetav\u00e9mu v\u00fdkonu vyhrala 3:2.<\/p>\n<p style=\"text-align:center\">VIDEO: Sparta Praha zdolala Real Madrid<\/p>\n<p>Odveta bola na programe 28. septembra 1983 a Real Madrid iba remizoval so Spartou Praha 1:1. Odvetu na sl\u00e1vnom Santiago Bernab\u00e9u sledovalo vy\u0161e 80-tis\u00edc div\u00e1kov. Olej\u00e1r v z\u00e1pase \u010daroval. Inkasoval iba z penalty z kopa\u010dky Stielikeho. Sparta uh\u00e1jila rem\u00edzu 1:1 a giganta senza\u010dne vyradila.<\/p>\n<p>\u201eKe\u010f sme vybehli na tr\u00e1vnik \u0161tadi\u00f3na Santiago Bernab\u00e9u, za\u017eil som obrovsk\u00e9 chvenie v \u017eal\u00fadku. H\u013eadisko bolo neskuto\u010dne strm\u00e9, pripadal som si tam ako v nejakej hlbokej jame. Div\u00e1ci stra\u0161ne kri\u010dali, bol to obrovsk\u00fd tlak, ale len \u010do rozhodca p\u00edskol do p\u00ed\u0161\u0165alky, v\u0161etka tr\u00e9ma zo m\u0148a opadla a s\u00fastredil som sa u\u017e len na loptu,\u201c spom\u00ednal kedysi Jaroslav Olej\u00e1r pre <a target=\"_self\" class=\"editor-link\" href=\"https:\/\/korzar.sme.sk\/vychod\/c\/j-olejar-zazil-v-madride-chvenie-v-zaludku-skolacku-chybu-zo-splitu-ma-dodnes-pred-ocami\" rel=\"nofollow noopener\">Korz\u00e1r.<\/a><\/p>\n<p style=\"text-align:center\">VIDEO: Sparta Praha remizovala na p\u00f4de Realu Madrid a post\u00fapila<\/p>\n<p>V tom istom ro\u010dn\u00edku Poh\u00e1ra UEFA nesk\u00f4r Sparta vyradila aj Widzew L\u00f3d\u017e a Watford, pri\u010dom stroskotala a\u017e vo \u0161tvr\u0165fin\u00e1le na Hajduku Split. Olej\u00e1r na ne\u0161\u0165astn\u00fd g\u00f3l v pred\u013a\u017een\u00ed zo Splitu spom\u00ednal s \u00faprimnos\u0165ou sebe vlastnou.<\/p>\n<p>\u201eT\u00fa \u0161kol\u00e1cku chybu zo Splitu, kde ma s\u00faper prekvapil z priameho kopu z uhla, m\u00e1m pred o\u010dami dodnes,\u201c dodal pred \u010dasom Olej\u00e1r.<\/p>\n<p><a class=\"news-item-image\" target=\"_self\" href=\"https:\/\/sport.aktuality.sk\/futbal\/clanok\/trener-erik-havrila-konci-v-tatrane-presov-monacobet-liga-2026083013450668340\" rel=\"nofollow noopener\"><img alt=\"K\u013e\u00fa\u010dov\u00e1 zmena na \u0160ari\u0161i! Pre\u010do sa Pre\u0161ov rozl\u00fa\u010dil s tr\u00e9nerom? Ne\u0161lo len o piatok\" src=\"data:image\/gif;base64,R0lGODlhAQABAIAAAAAAAP\/\/\/yH5BAEAAAAALAAAAAABAAEAAAIBRAA7\" decoding=\"async\" data-nimg=\"responsive\" class=\"side-article\" style=\"position:absolute;top:0;left:0;bottom:0;right:0;box-sizing:border-box;padding:0;border:none;margin:auto;display:block;width:0;height:0;min-width:100%;max-width:100%;min-height:100%;max-height:100%\"\/><img alt=\"K\u013e\u00fa\u010dov\u00e1 zmena na \u0160ari\u0161i! Pre\u010do sa Pre\u0161ov rozl\u00fa\u010dil s tr\u00e9nerom? Ne\u0161lo len o piatok\" src=\"https:\/\/www.europesays.com\/sk\/wp-content\/uploads\/2026\/08\/1788164594_726_f37ce507-a2bd-4520-a269-3fa54de07646.jpg\" decoding=\"async\" data-nimg=\"responsive\" style=\"position:absolute;top:0;left:0;bottom:0;right:0;box-sizing:border-box;padding:0;border:none;margin:auto;display:block;width:0;height:0;min-width:100%;max-width:100%;min-height:100%;max-height:100%\" class=\"side-article\" loading=\"lazy\"\/><\/a><\/p>\n<p class=\"news-item-description\">Slovensk\u00fd futbalov\u00fd klub FC Tatran Pre\u0161ov ukon\u010dil spolupr\u00e1cu s hlavn\u00fdm tr\u00e9nerom Erikom Havrilom. Informoval o tom na svojej ofici\u00e1lnej str\u00e1nke.<\/p>\n<p>Ko\u0161ick\u00e1 kapitola: Od Z\u0164S a\u017e po zrod 1. FC Ko\u0161ice<\/p>\n<p>V roku 1985 sa vr\u00e1til na rodn\u00e9 v\u00fdchodn\u00e9 Slovensko, kde pevne spojil svoje meno s mestom Ko\u0161ice. P\u00f4sobil v klube Z\u0164S Ko\u0161ice a za\u017eil tie najd\u00f4le\u017eitej\u0161ie momenty ko\u0161ickej futbalovej hist\u00f3rie.<\/p>\n<p>Bol priamou oporou a d\u00f4le\u017eitou postavou pri samotnom vzniku sl\u00e1vneho 1. FC Ko\u0161ice v roku 1992. Vrchol jeho ko\u0161ick\u00e9ho p\u00f4sobenia pri\u0161iel v historickom roku 1993.<\/p>\n<p>Ako brank\u00e1rska jednotka priviedol novovzniknut\u00fd klub k absol\u00fatnemu triumfu v \u010ceskoslovenskom poh\u00e1ri. Ko\u0161ice vtedy vo fin\u00e1le \u0161okuj\u00faco deklasovali favorizovan\u00fa Spartu Praha (Olej\u00e1rov b\u00fdval\u00fd klub) vysoko 5:1, \u010do klubu otvorilo br\u00e1ny do poh\u00e1rovej Eur\u00f3py. V ko\u0161ickom drese nesk\u00f4r odchytal aj legend\u00e1rne z\u00e1pasy proti Besiktasu Istanbul.<\/p>\n<p><img alt=\"Jaroslav Olej\u00e1r. Zdroj - arch\u00edv JA\" src=\"https:\/\/www.europesays.com\/sk\/wp-content\/uploads\/2026\/08\/56aad34c-58ad-421a-94f1-84c488d0a5f7.jpg\" decoding=\"async\" data-nimg=\"fill\" style=\"position:absolute;top:0;left:0;bottom:0;right:0;box-sizing:border-box;padding:0;border:none;margin:auto;display:block;width:0;height:0;min-width:100%;max-width:100%;min-height:100%;max-height:100%\"\/>\u010ces\u0165 jeho pamiatke<\/p>\n<p>Jaroslav Olej\u00e1r bol nielen skvel\u00fdm brank\u00e1rom s neuverite\u013en\u00fdm reflexom na \u010diare, ale aj vzorom fair-play, \u010do potvrdzuje aj \u010eakovn\u00fd list Klubu fair play \u010cSOV, ktor\u00fd dostal v roku 1988. Po skon\u010den\u00ed akt\u00edvnej kari\u00e9ry v roku 1994 zostal vern\u00fd \u0161portu a p\u00f4sobil aj ako \u00faspe\u0161n\u00fd ml\u00e1de\u017en\u00edcky tr\u00e9ner, ktor\u00fd odovzd\u00e1val svoje sk\u00fasenosti \u010fal\u0161\u00edm gener\u00e1ci\u00e1m.<\/p>\n<p><img src=\"https:\/\/www.europesays.com\/sk\/wp-content\/uploads\/2026\/08\/ac882327-60ab-48af-936f-0bee90f2995e.jpeg\" decoding=\"async\" data-nimg=\"fill\" style=\"position:absolute;top:0;left:0;bottom:0;right:0;box-sizing:border-box;padding:0;border:none;margin:auto;display:block;width:0;height:0;min-width:100%;max-width:100%;min-height:100%;max-height:100%\"\/>Olej\u00e1r kedysi. Zdroj &#8211; facebook.com\/PadaAutogramy<\/p>\n<p>Slovensk\u00fd futbal str\u00e1ca v jeho osobe charizmatick\u00e9ho mu\u017ea a ve\u013ek\u00fa osobnos\u0165, ktor\u00e1 dok\u00e1zala, \u017ee aj chlapec z malej zempl\u00ednskej dediny sa m\u00f4\u017ee v\u010faka drine a odhodlaniu dotkn\u00fa\u0165 futbalov\u00e9ho neba a zap\u00edsa\u0165 sa do pam\u00e4ti cel\u00e9ho n\u00e1roda.<\/p>\n<p>\u201ePriatelia dnes k n\u00e1m pri\u0161la naozaj smutn\u00e1 spr\u00e1va. Futbalov\u00fa rodinu 1. FC Ko\u0161ice opustila brank\u00e1rska legenda Jaroslav Olej\u00e1r. B\u00fdval\u00fd vynikaj\u00faci brank\u00e1r, ktor\u00e9ho kari\u00e9ra za\u010dala v rodn\u00fdch Dvoriankach a cez Slavoj Trebi\u0161ov pokra\u010dovala a\u017e do sl\u00e1vnej Sparty Praha. P\u00f4sobil taktie\u017e v kluboch Z\u0164S Ko\u0161ice a bol aj pri vzniku 1. FC Ko\u0161ice. \u00daprimn\u00fa s\u00fastras\u0165 a \u010des\u0165 jeho pamiatke,\u201c uv\u00e1dza <a target=\"_self\" class=\"editor-link\" href=\"https:\/\/www.facebook.com\/photo?fbid=1695688292556260&amp;set=a.759408882850877\" rel=\"nofollow noopener\">1. FC Ko\u0161ice \u2013 hist\u00f3ria na soci\u00e1lnych sie\u0165ach.<\/a><\/p>\n<p>Starosta obce Dvorianky Gabriel \u010cver\u010dko pre <a target=\"_self\" class=\"editor-link\" href=\"https:\/\/sport.aktuality.sk\/\" rel=\"nofollow noopener\">\u0160PORT.sk <\/a>prezradil, \u017ee Jaroslav Olej\u00e1r zomrel po \u0165a\u017ekej chorobe. \u010ces\u0165 jeho pamiatke!<\/p>\n","protected":false},"excerpt":{"rendered":"Slovensk\u00fa futbalov\u00fa rodinu zasiahla bolestiv\u00e1 strata. Vo veku 67 rokov nav\u017edy odi\u0161iel legend\u00e1rny brank\u00e1r Jaroslav Olej\u00e1r. Smutn\u00fa spr\u00e1vu&hellip;\n","protected":false},"author":2,"featured_media":165970,"comment_status":"","ping_status":"","sticky":false,"template":"","format":"standard","meta":{"footnotes":"","_share_on_mastodon":"0"},"categories":[22],"tags":[3667,9840,157,137,2317,43,39800,40,39,42,41],"class_list":["post-165969","post","type-post","status-publish","format-standard","has-post-thumbnail","category-kosice","tag-ac-sparta-praha","tag-dedinsky-futbal","tag-fc-kosice","tag-kosice","tag-real-madrid-cf","tag-sk","tag-slavoj-trebisov","tag-slovak","tag-slovakia","tag-slovencina","tag-slovensko"],"share_on_mastodon":{"url":"https:\/\/pubeurope.com\/@sk\/117189162794443760","error":""},"_links":{"self":[{"href":"https:\/\/www.europesays.com\/sk\/wp-json\/wp\/v2\/posts\/165969","targetHints":{"allow":["GET"]}}],"collection":[{"href":"https:\/\/www.europesays.com\/sk\/wp-json\/wp\/v2\/posts"}],"about":[{"href":"https:\/\/www.europesays.com\/sk\/wp-json\/wp\/v2\/types\/post"}],"author":[{"embeddable":true,"href":"https:\/\/www.europesays.com\/sk\/wp-json\/wp\/v2\/users\/2"}],"replies":[{"embeddable":true,"href":"https:\/\/www.europesays.com\/sk\/wp-json\/wp\/v2\/comments?post=165969"}],"version-history":[{"count":0,"href":"https:\/\/www.europesays.com\/sk\/wp-json\/wp\/v2\/posts\/165969\/revisions"}],"wp:featuredmedia":[{"embeddable":true,"href":"https:\/\/www.europesays.com\/sk\/wp-json\/wp\/v2\/media\/165970"}],"wp:attachment":[{"href":"https:\/\/www.europesays.com\/sk\/wp-json\/wp\/v2\/media?parent=165969"}],"wp:term":[{"taxonomy":"category","embeddable":true,"href":"https:\/\/www.europesays.com\/sk\/wp-json\/wp\/v2\/categories?post=165969"},{"taxonomy":"post_tag","embeddable":true,"href":"https:\/\/www.europesays.com\/sk\/wp-json\/wp\/v2\/tags?post=165969"}],"curies":[{"name":"wp","href":"https:\/\/api.w.org\/{rel}","templated":true}]}}