{"id":165993,"date":"2026-08-31T08:50:11","date_gmt":"2026-08-31T08:50:11","guid":{"rendered":"https:\/\/www.europesays.com\/sk\/165993\/"},"modified":"2026-08-31T08:50:11","modified_gmt":"2026-08-31T08:50:11","slug":"sikorski-varuje-pred-putinovym-planom-polsko-urychluje-pripravy-na-obranu","status":"publish","type":"post","link":"https:\/\/www.europesays.com\/sk\/165993\/","title":{"rendered":"Sikorski varuje pred Putinov\u00fdm pl\u00e1nom. Po\u013esko ur\u00fdch\u013euje pr\u00edpravy na obranu"},"content":{"rendered":"<p>VAR\u0160AVA \u2013 Ubezpe\u010dovanie Moskvy, \u017ee nem\u00e1 v \u00famysle za\u00fato\u010di\u0165 na NATO, nemus\u00ed by\u0165 pod\u013ea po\u013esk\u00e9ho ministra zahrani\u010dn\u00fdch vec\u00ed d\u00f4vodom na pokoj. Rados\u0142aw Sikorski pripomenul, \u017ee podobn\u00e9 s\u013euby zaznievali aj pred inv\u00e1ziou na Ukrajinu. Var\u0161ava preto nechce \u010daka\u0165, \u010di sa najhor\u0161\u00ed scen\u00e1r napln\u00ed, a otvorene hovor\u00ed o potrebe \u010fal\u0161ieho posil\u0148ovania obrany.<\/p>\n<p>\t\t\t\tSikorski rusk\u00fdm ubezpe\u010deniam never\u00ed<\/p>\n<p>Po\u013esk\u00fd minister zahrani\u010dn\u00fdch vec\u00ed Rados\u0142aw Sikorski reagoval na inform\u00e1cie o ned\u00e1vnej n\u00e1v\u0161teve riadite\u013ea CIA Johna Ratcliffa v Moskve. Pod\u013ea agent\u00fary Reuters \u0161\u00e9f americkej tajnej slu\u017eby po\u010das rokovan\u00ed s rusk\u00fdmi partnermi otvoril aj ot\u00e1zku mo\u017enej ruskej oper\u00e1cie namierenej proti niektor\u00e9mu \u010dlensk\u00e9mu \u0161t\u00e1tu NATO.<\/p>\n<p>Sikorski n\u00e1sledne na soci\u00e1lnej sieti X upozornil, \u017ee \u00fadajn\u00e9 rusk\u00e9 ubezpe\u010denia nemo\u017eno automaticky pova\u017eova\u0165 za z\u00e1ruku bezpe\u010dnosti.<\/p>\n<p>\u201ePutinovi \u0161pi\u00f3ni pod\u013ea v\u0161etk\u00e9ho povedali \u0161\u00e9fovi CIA, \u017ee nebud\u00fa provokova\u0165 NATO. Putin takto presvied\u010dal aj jeho predchodcu za vl\u00e1dy prezidenta Bidena. Tvrdil, \u017ee nevtrhne na Ukrajinu,\u201c nap\u00edsal \u0161\u00e9f po\u013eskej diplomacie. Pod\u013ea neho by preto z\u00e1padn\u00e9 krajiny mali posilni\u0165 svoje obrann\u00e9 pr\u00edpravy.<\/p>\n<p>Ob\u00e1vaj\u00fa sa \u00fatoku pod falo\u0161nou vlajkou<\/p>\n<p>Po\u013esko pritom pred mo\u017enou ruskou provok\u00e1ciou nevaruje prv\u00fdkr\u00e1t. Sikorski u\u017e v j\u00fani hovoril o scen\u00e1ri, pri ktorom by mohlo d\u00f4js\u0165 k \u00fatoku pod falo\u0161nou vlajkou na ruskom \u00fazem\u00ed a Moskva by ho n\u00e1sledne vyu\u017eila ako z\u00e1mienku na odvetu.<\/p>\n<p>Rusko v tom \u010dase vyhlasovalo, \u017ee z \u00fazemia pobaltsk\u00fdch kraj\u00edn m\u00f4\u017eu by\u0165 proti rusk\u00fdm cie\u013eom vysielan\u00e9 ukrajinsk\u00e9 drony. Prezident Vladimir Putin dokonca varoval, \u017ee ak by sa tak\u00e9to \u00fatoky uskuto\u010dnili, eur\u00f3pske \u0161t\u00e1ty musia po\u010d\u00edta\u0165 s odvetou. Est\u00f3nsko, Loty\u0161sko a Litva rusk\u00e9 tvrdenia odmietli.<\/p>\n<p>Obavy sa odvtedy nestratili. Agent\u00fara Reuters v auguste informovala, \u017ee Po\u013esko a pobaltsk\u00e9 \u0161t\u00e1ty posil\u0148uj\u00fa ochranu priehrad, elektr\u00e1rn\u00ed, plyn\u00e1renskej infra\u0161trukt\u00fary a \u010fal\u0161\u00edch strategick\u00fdch objektov. D\u00f4vodom s\u00fa pr\u00e1ve obavy, \u017ee Moskva by mohla zinscenova\u0165 incident s ukrajinsk\u00fdmi dronmi a n\u00e1sledne ho vyu\u017ei\u0165 na otestovanie jednoty NATO. Rusko podobn\u00e9 obvinenia odmieta a ozna\u010duje ich za stra\u0161enie, ktor\u00fdm Z\u00e1pad ospravedl\u0148uje militariz\u00e1ciu.<\/p>\n<p>NATO bezprostredn\u00fd \u00fatok neo\u010dak\u00e1va<\/p>\n<p>Najnov\u0161ie hodnotenie Severoatlantickej aliancie je v\u0161ak zdr\u017eanlivej\u0161ie. Predstavite\u013e NATO v nede\u013eu 30. augusta pre Reuters uviedol, \u017ee Aliancia napriek rast\u00facemu po\u010dtu rusk\u00fdch hybridn\u00fdch aktiv\u00edt v Eur\u00f3pe v s\u00fa\u010dasnosti nevid\u00ed bezprostredn\u00fa hrozbu priameho \u00fatoku.<\/p>\n<p>Z\u00e1rove\u0148 zd\u00f4raznil, \u017ee NATO zost\u00e1va v pohotovosti a sleduje r\u00f4zne druhy hrozieb. Po\u013esk\u00fd premi\u00e9r Donald Tusk v\u0161ak upozornil, \u017ee Po\u013esko aj jeho spojenci sa musia pripravova\u0165 na r\u00f4zne scen\u00e1re a rusk\u00fa provok\u00e1ciu proti \u010dlensk\u00e9mu \u0161t\u00e1tu NATO nemo\u017eno \u00faplne vyl\u00fa\u010di\u0165.<\/p>\n<p>Po\u013esko d\u00e1va do protivzdu\u0161nej obrany miliardy<\/p>\n<p>Var\u0161ava svoje varovania sprev\u00e1dza aj mas\u00edvnymi invest\u00edciami. Minister obrany W\u0142adys\u0142aw Kosiniak-Kamysz 20. augusta ozn\u00e1mil, \u017ee Po\u013esko buduje viacvrstvov\u00fd syst\u00e9m protivzdu\u0161nej obrany zalo\u017een\u00fd na programoch Wis\u0142a, Narew, Pilica a Pilica+ spolu s protidronovou ochranou.<\/p>\n<p>Celkov\u00e1 hodnota t\u00fdchto programov presahuje 200 mili\u00e1rd zlot\u00fdch. Nie v\u0161etky objednan\u00e9 syst\u00e9my s\u00fa u\u017e k dispoz\u00edcii a \u010fal\u0161ie prvky maj\u00fa by\u0165 zav\u00e1dzan\u00e9 postupne v nasleduj\u00facich rokoch.<\/p>\n<p>Po\u013esk\u00e9 ministerstvo obrany z\u00e1rove\u0148 zd\u00f4raz\u0148uje, \u017ee protivzdu\u0161n\u00e1 ochrana nefunguje tak, \u017ee by ka\u017ed\u00e9 ve\u013ek\u00e9 mesto nepretr\u017eite obkolesovali raketov\u00e9 bat\u00e9rie. Ide o integrovan\u00fd syst\u00e9m, ktor\u00e9ho jednotliv\u00e9 prvky mo\u017eno pres\u00fava\u0165 pod\u013ea aktu\u00e1lnej hrozby a chr\u00e1ni\u0165 nimi mest\u00e1, kritick\u00fa infra\u0161trukt\u00faru \u010di vojensk\u00e9 jednotky.<\/p>\n<p>Sikorsk\u00e9ho najnov\u0161ie varovanie tak prich\u00e1dza v \u010dase, ke\u010f Po\u013esko na jednej strane v\u00fdrazne posil\u0148uje svoju obranu, no na druhej strane NATO zatia\u013e nevid\u00ed sign\u00e1ly bezprostrednej hrozby rusk\u00e9ho \u00fatoku.<\/p>\n","protected":false},"excerpt":{"rendered":"VAR\u0160AVA \u2013 Ubezpe\u010dovanie Moskvy, \u017ee nem\u00e1 v \u00famysle za\u00fato\u010di\u0165 na NATO, nemus\u00ed by\u0165 pod\u013ea po\u013esk\u00e9ho ministra zahrani\u010dn\u00fdch vec\u00ed&hellip;\n","protected":false},"author":2,"featured_media":165994,"comment_status":"","ping_status":"","sticky":false,"template":"","format":"standard","meta":{"footnotes":"","_share_on_mastodon":"0"},"categories":[32],"tags":[34,37,238,33,315,322,237,43,40,39,42,41,36,38,35,303,710,3783],"class_list":["post-165993","post","type-post","status-publish","format-standard","has-post-thumbnail","category-spravy","tag-headlines","tag-hlavne-spravy","tag-nato","tag-news","tag-polsko","tag-radoslaw-sikorski","tag-rusko","tag-sk","tag-slovak","tag-slovakia","tag-slovencina","tag-slovensko","tag-spravy","tag-titulky","tag-top-stories","tag-ukrajina","tag-utok","tag-varovanie"],"share_on_mastodon":{"url":"https:\/\/pubeurope.com\/@sk\/117189268536969192","error":""},"_links":{"self":[{"href":"https:\/\/www.europesays.com\/sk\/wp-json\/wp\/v2\/posts\/165993","targetHints":{"allow":["GET"]}}],"collection":[{"href":"https:\/\/www.europesays.com\/sk\/wp-json\/wp\/v2\/posts"}],"about":[{"href":"https:\/\/www.europesays.com\/sk\/wp-json\/wp\/v2\/types\/post"}],"author":[{"embeddable":true,"href":"https:\/\/www.europesays.com\/sk\/wp-json\/wp\/v2\/users\/2"}],"replies":[{"embeddable":true,"href":"https:\/\/www.europesays.com\/sk\/wp-json\/wp\/v2\/comments?post=165993"}],"version-history":[{"count":0,"href":"https:\/\/www.europesays.com\/sk\/wp-json\/wp\/v2\/posts\/165993\/revisions"}],"wp:featuredmedia":[{"embeddable":true,"href":"https:\/\/www.europesays.com\/sk\/wp-json\/wp\/v2\/media\/165994"}],"wp:attachment":[{"href":"https:\/\/www.europesays.com\/sk\/wp-json\/wp\/v2\/media?parent=165993"}],"wp:term":[{"taxonomy":"category","embeddable":true,"href":"https:\/\/www.europesays.com\/sk\/wp-json\/wp\/v2\/categories?post=165993"},{"taxonomy":"post_tag","embeddable":true,"href":"https:\/\/www.europesays.com\/sk\/wp-json\/wp\/v2\/tags?post=165993"}],"curies":[{"name":"wp","href":"https:\/\/api.w.org\/{rel}","templated":true}]}}