{"id":166167,"date":"2026-08-31T11:52:10","date_gmt":"2026-08-31T11:52:10","guid":{"rendered":"https:\/\/www.europesays.com\/sk\/166167\/"},"modified":"2026-08-31T11:52:10","modified_gmt":"2026-08-31T11:52:10","slug":"koniec-po-167-rokoch-dalsia-firma-vyhlasila-bankrot-jej-pivo-je-dobre-zname-aj-slovenskym-zakaznikom-2","status":"publish","type":"post","link":"https:\/\/www.europesays.com\/sk\/166167\/","title":{"rendered":"KONIEC po 167 rokoch? \u010eal\u0161ia firma vyhl\u00e1sila bankrot: Jej pivo je dobre zn\u00e1me aj slovensk\u00fdm z\u00e1kazn\u00edkom"},"content":{"rendered":"<p>BRATISLAVA &#8211; \u010eal\u0161ia ve\u013ek\u00e1 firma sa ocitla v probl\u00e9moch. Tradi\u010dn\u00fd nemeck\u00fd pivovar Mauritius Brauerei, ktor\u00fd var\u00ed okrem in\u00e9ho aj pivo Perlenbacher pre obchodn\u00fd re\u0165azec Lidl, je v insolvencii. O jeho bud\u00facnosti aj mo\u017enom predaji za najmenej tri mili\u00f3ny eur rozhodn\u00fa veritelia u\u017e v najbli\u017e\u0161\u00edch d\u0148och. &#13;\n<\/p>\n<p>Spolo\u010dnos\u0165 priznala finan\u010dn\u00e9 probl\u00e9my prv\u00fdkr\u00e1t u\u017e v marci, ke\u010f vyhl\u00e1sila platobn\u00fa neschopnos\u0165.\u00a0Gener\u00e1lny riadite\u013e J\u00f6rg Dierig pre nemeck\u00fd <a href=\"https:\/\/www.bild.de\/regional\/sachsen\/167-jahre-alte-brauerei-vor-verkauf-produziert-bier-fuer-rewe-und-lidl-6a8c155ec3692834ff6daee4?utm_source=chatgpt.com\" target=\"_blank\" rel=\"nofollow noopener\">denn\u00edk\u00a0Bild<\/a>\u00a0povedal, \u017ee finan\u010dn\u00e9 \u0165a\u017ekosti boli sp\u00f4soben\u00e9 &#8222;prehnan\u00fdm n\u00e1rastom cien od vypuknutia vojny na Ukrajine&#8220; &#8211;\u00a0 najm\u00e4 cien energi\u00ed, sladu, chme\u013eu a pr\u00e1zdnych flia\u0161. Dodal, \u017ee predaj piva u\u017e roky kles\u00e1.\u00a0<\/p>\n<p>Teraz v\u0161ak pre firmu svit\u00e1 n\u00e1dej. &#8222;Bola prijat\u00e1 ponuka. Existuje nieko\u013eko z\u00e1ujemcov a prebiehaj\u00fa rokovania,&#8220; potvrdil\u00a0spr\u00e1vca konkurznej podstaty. K fin\u00e1lnemu podpisu v\u0161ak zatia\u013e nedo\u0161lo.\u00a0O predaji rozhodne sch\u00f4dza verite\u013eov, ktor\u00e1 je napl\u00e1novan\u00e1 u\u017e\u00a0 na 1. septembra. Pod\u013ea n\u00e1vrhu uznesenia Okresn\u00e9ho s\u00fadu v Chemnitzi m\u00e1 pivovar vr\u00e1tane nehnute\u013enost\u00ed a zariaden\u00ed zmeni\u0165 majite\u013ea za najmenej tri mili\u00f3ny eur. &#8222;Existuje pozit\u00edvna progn\u00f3za pre pokra\u010dovanie prev\u00e1dzky spolo\u010dnosti. Neexistuje absol\u00fatne \u017eiadny d\u00f4vod, pre\u010do by nemohla pokra\u010dova\u0165,&#8220; dodal gener\u00e1lny riadite\u013e firmy.\u00a0V\u00fdroba v s\u00fa\u010dasnosti be\u017e\u00ed norm\u00e1lne.<\/p>\n<p>Korene pivovaru Mauritius v Zwickau siahaj\u00fa do roku 1859, ke\u010f Zwickausk\u00fd pivovarn\u00edcky spolok polo\u017eil z\u00e1kladn\u00fd kame\u0148 dru\u017estevn\u00e9ho pivovaru. Pivo nesie n\u00e1zov Mauritius od roku 1968. Okrem toho pivovar var\u00ed pivo aj pre\u00a0supermarkety Rewe (Kosmonaut Helles) a Globus (Meister-Bier) \u010di u\u017e spom\u00ednan\u00fd a aj u n\u00e1s zn\u00e1my Lidl, kde je to u\u017e zna\u010dka\u00a0Perlenbacher.\u00a0V jeho pr\u00edpade sa v\u0161ak vo fabrike vyr\u00e1ba len nieko\u013eko plechoviek a v\u00e4\u010d\u0161ina poch\u00e1dza z in\u00fdch pivovarov.\u00a0<\/p>\n","protected":false},"excerpt":{"rendered":"BRATISLAVA &#8211; \u010eal\u0161ia ve\u013ek\u00e1 firma sa ocitla v probl\u00e9moch. Tradi\u010dn\u00fd nemeck\u00fd pivovar Mauritius Brauerei, ktor\u00fd var\u00ed okrem in\u00e9ho&hellip;\n","protected":false},"author":2,"featured_media":166168,"comment_status":"","ping_status":"","sticky":false,"template":"","format":"standard","meta":{"footnotes":"","_share_on_mastodon":"0"},"categories":[6],"tags":[4594,3777,43,40,44,39,42,45,41],"class_list":["post-166167","post","type-post","status-publish","format-standard","has-post-thumbnail","category-slovensko","tag-lidl","tag-pivo","tag-sk","tag-slovak","tag-slovak-republic","tag-slovakia","tag-slovencina","tag-slovenska-republika","tag-slovensko"],"share_on_mastodon":{"url":"https:\/\/pubeurope.com\/@sk\/117189984140019947","error":""},"_links":{"self":[{"href":"https:\/\/www.europesays.com\/sk\/wp-json\/wp\/v2\/posts\/166167","targetHints":{"allow":["GET"]}}],"collection":[{"href":"https:\/\/www.europesays.com\/sk\/wp-json\/wp\/v2\/posts"}],"about":[{"href":"https:\/\/www.europesays.com\/sk\/wp-json\/wp\/v2\/types\/post"}],"author":[{"embeddable":true,"href":"https:\/\/www.europesays.com\/sk\/wp-json\/wp\/v2\/users\/2"}],"replies":[{"embeddable":true,"href":"https:\/\/www.europesays.com\/sk\/wp-json\/wp\/v2\/comments?post=166167"}],"version-history":[{"count":0,"href":"https:\/\/www.europesays.com\/sk\/wp-json\/wp\/v2\/posts\/166167\/revisions"}],"wp:featuredmedia":[{"embeddable":true,"href":"https:\/\/www.europesays.com\/sk\/wp-json\/wp\/v2\/media\/166168"}],"wp:attachment":[{"href":"https:\/\/www.europesays.com\/sk\/wp-json\/wp\/v2\/media?parent=166167"}],"wp:term":[{"taxonomy":"category","embeddable":true,"href":"https:\/\/www.europesays.com\/sk\/wp-json\/wp\/v2\/categories?post=166167"},{"taxonomy":"post_tag","embeddable":true,"href":"https:\/\/www.europesays.com\/sk\/wp-json\/wp\/v2\/tags?post=166167"}],"curies":[{"name":"wp","href":"https:\/\/api.w.org\/{rel}","templated":true}]}}