{"id":166257,"date":"2026-08-31T13:43:08","date_gmt":"2026-08-31T13:43:08","guid":{"rendered":"https:\/\/www.europesays.com\/sk\/166257\/"},"modified":"2026-08-31T13:43:08","modified_gmt":"2026-08-31T13:43:08","slug":"ziacka-si-predlzila-dovolenku-pri-mori-v-skole-vymeskala-takmer-tisic-hodin","status":"publish","type":"post","link":"https:\/\/www.europesays.com\/sk\/166257\/","title":{"rendered":"\u017dia\u010dka si pred\u013a\u017eila dovolenku pri mori, v \u0161kole vyme\u0161kala takmer tis\u00edc hod\u00edn"},"content":{"rendered":"<p>KLATOVY \u2013 Matka zo z\u00e1padnej \u010dasti \u010ceskej republiky spravila svojej dc\u00e9re raj zo \u017eivota. Na druhej strane ale diev\u010da e\u0161te chodilo do \u0161koly. Probl\u00e9m nastal vo chv\u00edli, ke\u010f matke bolo ozn\u00e1men\u00e1, \u017ee jej dc\u00e9ra vyme\u0161kala v \u0161kole 900 hod\u00edn. <\/p>\n<p>Matka s dc\u00e9rou z \u010ceskej republiky sa postarali o rekord. I ke\u010f tak\u00fdmto nie\u010d\u00edm by sa zrejme nechcel nikto chv\u00e1li\u0165. Vybrali sa spolu do Egypta na dovolenku, kde ale napokon zostali dev\u00e4\u0165 mesiacov. Diev\u010da e\u0161te chodilo do \u0161koly a v\u00fdrazn\u00fdm sp\u00f4sobom sa to aj prejavilo. Vyme\u0161kalo toti\u017e 900 hod\u00edn. \u00a0<\/p>\n<p>O pr\u00edpade ako prv\u00e9 informovali <a href=\"https:\/\/www.novinky.cz\/clanek\/krimi-divka-z-klatovska-zameskala-ve-skole-900-hodin-s-matkou-si-skoro-rok-uzivaly-v-egypte-40595047?fbclid=IwY2xjawUCSS5wZG9mBWV4dG4DYWVtAjEwAGJyaWQRMTFlUHBHODNXeWlFZWtCWE5zcnRjBmFwcF9pZBAyMjIwMzkxNzg4MjAwODkyAAEexGHn9jaff_zLj8mTIdv5fu4OTMwQg5qff_7Y4H58SxY7c-F3lMD7051oEJg_aem_kUtRTTdQLIUSP1nvlB2h6A\" target=\"_blank\" rel=\"nofollow noopener\">Novinky,<\/a> pre ktor\u00e9 sa vyjadril aj hovorca pol\u00edcie: &#8222;Spis sme u\u017e posunuli \u0161t\u00e1tnemu z\u00e1stupcovi s n\u00e1vrhom na podanie ob\u017ealoby.&#8220;<\/p>\n<p>Matka nereagovala na v\u00fdzvy\u00a0<\/p>\n<p>V \u0148om sa uv\u00e1dza, \u017ee matka (49) so \u0161kolou v\u00f4bec nespolupracovala a navy\u0161e ignorovala aj v\u00fdzvy pracovn\u00ed\u010dok soci\u00e1lno-pr\u00e1vnej ochrany det\u00ed (OSPOD). Pod\u013ea pol\u00edcie matka &#8222;\u00famyselne ohrozila mravn\u00fd v\u00fdvoj dc\u00e9ry (14) t\u00fdm, \u017ee jej umo\u017enila po dobu takmer jedn\u00e9ho roka vies\u0165 \u00a0z\u00e1ha\u013e\u010div\u00fd \u017eivot spojen\u00fd so z\u00e1\u0161kol\u00e1ctvom, pri\u010dom nezabezpe\u010dila jej vzdelanie&#8220;. \u00a0<\/p>\n<p>Obvinen\u00e1 matka sa vyjadrila, \u017ee do Egypta i\u0161la spolu s dc\u00e9rou len na dovolenku. Pri odchode ich v\u0161ak postihli ne\u010dakan\u00e9 zdravotn\u00e9 komplik\u00e1cie, ktor\u00e9 jej br\u00e1nili okam\u017eite sa vr\u00e1ti\u0165. V Egypte im mal pom\u00f4c\u0165 miestny kamar\u00e1t, cez ktor\u00e9ho sa im podarilo zohna\u0165 ubytovanie. \u00a0<\/p>\n","protected":false},"excerpt":{"rendered":"KLATOVY \u2013 Matka zo z\u00e1padnej \u010dasti \u010ceskej republiky spravila svojej dc\u00e9re raj zo \u017eivota. Na druhej strane ale&hellip;\n","protected":false},"author":2,"featured_media":166258,"comment_status":"","ping_status":"","sticky":false,"template":"","format":"standard","meta":{"footnotes":"","_share_on_mastodon":"0"},"categories":[8],"tags":[47666,4555,740,856,47665,557,33,28124,43,2037,40,42,36,50,47667,49,48],"class_list":["post-166257","post","type-post","status-publish","format-standard","has-post-thumbnail","category-svet","tag-900-hodin","tag-cr","tag-dcera","tag-dovolenka","tag-klatovy","tag-krimi","tag-news","tag-plzensky-kraj","tag-sk","tag-skola","tag-slovak","tag-slovencina","tag-spravy","tag-svet","tag-vymeskanie","tag-world","tag-world-news"],"share_on_mastodon":{"url":"https:\/\/pubeurope.com\/@sk\/117190420392280946","error":""},"_links":{"self":[{"href":"https:\/\/www.europesays.com\/sk\/wp-json\/wp\/v2\/posts\/166257","targetHints":{"allow":["GET"]}}],"collection":[{"href":"https:\/\/www.europesays.com\/sk\/wp-json\/wp\/v2\/posts"}],"about":[{"href":"https:\/\/www.europesays.com\/sk\/wp-json\/wp\/v2\/types\/post"}],"author":[{"embeddable":true,"href":"https:\/\/www.europesays.com\/sk\/wp-json\/wp\/v2\/users\/2"}],"replies":[{"embeddable":true,"href":"https:\/\/www.europesays.com\/sk\/wp-json\/wp\/v2\/comments?post=166257"}],"version-history":[{"count":0,"href":"https:\/\/www.europesays.com\/sk\/wp-json\/wp\/v2\/posts\/166257\/revisions"}],"wp:featuredmedia":[{"embeddable":true,"href":"https:\/\/www.europesays.com\/sk\/wp-json\/wp\/v2\/media\/166258"}],"wp:attachment":[{"href":"https:\/\/www.europesays.com\/sk\/wp-json\/wp\/v2\/media?parent=166257"}],"wp:term":[{"taxonomy":"category","embeddable":true,"href":"https:\/\/www.europesays.com\/sk\/wp-json\/wp\/v2\/categories?post=166257"},{"taxonomy":"post_tag","embeddable":true,"href":"https:\/\/www.europesays.com\/sk\/wp-json\/wp\/v2\/tags?post=166257"}],"curies":[{"name":"wp","href":"https:\/\/api.w.org\/{rel}","templated":true}]}}