{"id":166341,"date":"2026-08-31T15:32:09","date_gmt":"2026-08-31T15:32:09","guid":{"rendered":"https:\/\/www.europesays.com\/sk\/166341\/"},"modified":"2026-08-31T15:32:09","modified_gmt":"2026-08-31T15:32:09","slug":"pogacar-isiel-do-sauny-a-mechanikom-quick-stepu-nechal-svoj-bicykel-okamzite-ho-odvazili-a-dokladne-premerali-biker-sk","status":"publish","type":"post","link":"https:\/\/www.europesays.com\/sk\/166341\/","title":{"rendered":"Poga\u010dar i\u0161iel do sauny a mechanikom Quick-Stepu nechal svoj bicykel. Okam\u017eite ho odv\u00e1\u017eili a d\u00f4kladne premerali \u2013 Biker.sk"},"content":{"rendered":"<p><img decoding=\"async\" src=\"https:\/\/www.europesays.com\/sk\/wp-content\/uploads\/2026\/08\/20260820LV00-A.S.O-Cxcling-Toni-Baixauli-BX9_2991-988x659.jpg\" alt=\"Poga\u010dar i\u0161iel do sauny a mechanikom Quick-Stepu nechal svoj bicykel. Okam\u017eite ho odv\u00e1\u017eili a d\u00f4kladne premerali\"\/><\/p>\n<p> Foto: A.S.O.\/Toni Baixauli<\/p>\n<p>Tadej Poga\u010dar (UAE Emirates-XRG) zrejme netu\u0161il, ak\u00fd rozruch vyvol\u00e1 jeho kr\u00e1tka n\u00e1v\u0161teva hotela Suitopia. Ke\u010f sa tam pribli\u017ene pred dvoma rokmi zastavil za svojou partnerkou Ur\u0161kou \u017digart, pri\u0161iel na bicykli a po\u017eiadal t\u00edm Soudal Quick-Step, \u010di by si ho mohol odlo\u017ei\u0165 v ich miestnosti ur\u010denej pre t\u00edmov\u00fa techniku.<\/p>\n<p>K\u00fdm dvojica zamierila do sauny, mechanici dostali pr\u00edle\u017eitos\u0165, ak\u00e1 sa im \u010dasto nenaskytne.<\/p>\n<p>Pr\u00edhodu op\u00edsal b\u00fdval\u00fd \u0161\u00e9f belgick\u00e9ho t\u00edmu Patrick Lefevere vo svojom pravidelnom <a href=\"https:\/\/www.nieuwsblad.be\/sport\/wielrennen\/column.-patrick-lefevere-tijdens-het-saunabezoek-van-pogacar-zijn-onze-mechaniekers-op-zijn-fiets-gevlogen.-alles-gewogen-geanalyseerd-en-uitgemeten\/160595689.html\" target=\"_blank\" rel=\"noopener nofollow\">st\u013ap\u010deku pre denn\u00edk Het Nieuwsblad.<\/a><\/p>\n<p>\u201eLen \u010do Pogi zmizol z doh\u013eadu, na\u0161i mechanici sa okam\u017eite vrhli na jeho bicykel. Boli tam \u0161tyria a v\u0161etko odv\u00e1\u017eili, premerali a d\u00f4kladne zanalyzovali,\u201c prezradil Lefevere.<\/p>\n<p>Do rozoberania jednotliv\u00fdch komponentov sa \u00fadajne nepustili, hoci pod\u013ea Lefevera ich od toho ve\u013ea nedelilo. Zvedavos\u0165 mechanikov bola pochopite\u013en\u00e1, preto\u017ee pred sebou mali bicykel v\u00ed\u0165aza Tour de France a jedn\u00e9ho z naj\u00faspe\u0161nej\u0161\u00edch jazdcov s\u00fa\u010dasnosti.<\/p>\n<p>Pre\u010d\u00edtajte si tie\u017e<\/p>\n<p>Mechanikov zaujal najm\u00e4 posed<\/p>\n<p>\u201eZ toho, \u010do som sa nesk\u00f4r dopo\u010dul, k rozoberaniu nemali \u010faleko. Poga\u010darovi pravdepodobne ani nenapadlo, \u017ee by takto mohol prezradi\u0165 nejak\u00e9 technick\u00e9 tajomstv\u00e1, ale \u017eiadny mechanik s aspo\u0148 trochou profesion\u00e1lnej hrdosti nenech\u00e1 bicykel v\u00ed\u0165aza Tour st\u00e1\u0165 bez pov\u0161imnutia v k\u00fate,\u201c zavtipkoval Belgi\u010dan.<\/p>\n<p>Tajomstvo Poga\u010darovej v\u00fdkonnosti v\u0161ak mechanici v hotelovej miestnosti neodhalili. Zistili iba to, \u017ee Colnago u\u017e v tom obdob\u00ed netrpelo vy\u0161\u0161ou hmotnos\u0165ou, ktorou sa niektor\u00e9 jeho modely v minulosti odli\u0161ovali od \u013eah\u0161\u00edch bicyklov konkuren\u010dn\u00fdch zna\u010diek.<\/p>\n<p>Najv\u00e4\u010d\u0161iu pozornos\u0165 napokon neup\u00fatal samotn\u00fd bicykel, ale Poga\u010darov posed.<\/p>\n<p>\u201eNa\u0161i mechanici si v\u0161imli najm\u00e4 polohu sedla. Vzh\u013eadom na stredov\u00e9 zlo\u017eenie sa zdalo, \u017ee Poga\u010dar sed\u00ed pomerne v\u00fdrazne vpredu,\u201c pribl\u00ed\u017eil Lefevere jedin\u00fd v\u00fdraznej\u0161\u00ed detail, ktor\u00fd po\u010das kr\u00e1tkej kontroly objavili.<\/p>\n<p>\u201eAk by o tom niekto po v\u0161etk\u00fdch jeho v\u00ed\u0165azstv\u00e1ch st\u00e1le pochyboval, na\u0161a kontrola uk\u00e1zala, \u017ee v bicykli \u017eiadny motor nemal.\u201c<\/p>\n<p>Pre\u010d\u00edtajte si tie\u017e<\/p>\n<p>Poga\u010dar je rovnak\u00fd \u010dlovek ako v\u00e1\u0161 sused<\/p>\n<p>Lefevereho spomienka v\u0161ak nie je iba pr\u00edbehom o zvedavosti mechanikov. B\u00fdval\u00fd t\u00edmov\u00fd \u0161\u00e9f si po\u010das pobytov v \u0161panielskom hoteli v\u0161\u00edmal aj to, ako Poga\u010dar p\u00f4sob\u00ed mimo pretekov, rozhovorov a pozornosti fan\u00fa\u0161ikov.<\/p>\n<p>Hoci sa osobne bli\u017e\u0161ie nepoznaj\u00fa, stretnutia bez pr\u00edtomnosti kamier pod\u013ea neho uk\u00e1zali, \u017ee \u00faspechy a postavenie najv\u00e4\u010d\u0161ej hviezdy svetovej cyklistiky Slovinca v\u00fdraznej\u0161ie nezmenili.<\/p>\n<p>\u201eS Poga\u010darom som sa nikdy poriadne nerozpr\u00e1val, tak\u017ee nem\u00f4\u017eem tvrdi\u0165, \u017ee ho pozn\u00e1m. Nieko\u013ekokr\u00e1t som ho v\u0161ak videl bez pr\u00edtomnosti kamier a vtedy pred sebou m\u00e1te rovnak\u00e9ho oby\u010dajn\u00e9ho \u010dloveka, ak\u00fdm by pokojne mohol by\u0165 aj v\u00e1\u0161 sused.\u201c<\/p>\n<p>Poga\u010dar a \u017digart po\u010das zimn\u00fdch pobytov \u010dasto iba sed\u00e1vali vo vstupnej hale hotela. Pre host\u00ed, ktor\u00ed profesion\u00e1lnu cyklistiku podrobne nesleduj\u00fa, boli prakticky nerozoznate\u013en\u00ed od ostatn\u00fdch n\u00e1v\u0161tevn\u00edkov.<\/p>\n<p>\u201eAk sa nezauj\u00edmate o cyklistiku, nikdy by v\u00e1m nenapadlo, \u017ee mu\u017e v mikine, ktor\u00fd tam sed\u00ed, je najlep\u0161\u00edm cyklistom sveta,\u201c uviedol Lefevere.<\/p>\n<p>Pr\u00e1ve Poga\u010darova prirodzenos\u0165 pod\u013ea neho vysvet\u013euje, pre\u010do zost\u00e1va medzi fan\u00fa\u0161ikmi mimoriadne ob\u013e\u00faben\u00fd napriek tomu, ako \u010dasto s\u00faperov por\u00e1\u017ea. Lefevere jeho t\u00fa\u017ebu po \u00faspechu ozna\u010dil za najv\u00e4\u010d\u0161iu od \u010dias Eddyho Merckxa, no z\u00e1rove\u0148 je presved\u010den\u00fd, \u017ee nejde o umelo vytvoren\u00fd obraz ur\u010den\u00fd verejnosti.<\/p>\n<p>\u201eM\u00f4\u017eete poveda\u0165, \u017ee vz\u0165ahy s verejnos\u0165ou zvl\u00e1da ve\u013emi dobre, ale pod\u013ea m\u0148a to funguje pr\u00e1ve preto, \u017ee v skuto\u010dnosti nejde o \u017eiadne PR,\u201c uzavrel Lefevere.<\/p>\n","protected":false},"excerpt":{"rendered":"Foto: A.S.O.\/Toni Baixauli Tadej Poga\u010dar (UAE Emirates-XRG) zrejme netu\u0161il, ak\u00fd rozruch vyvol\u00e1 jeho kr\u00e1tka n\u00e1v\u0161teva hotela Suitopia. Ke\u010f&hellip;\n","protected":false},"author":2,"featured_media":166342,"comment_status":"","ping_status":"","sticky":false,"template":"","format":"standard","meta":{"footnotes":"","_share_on_mastodon":"0"},"categories":[13],"tags":[47680,43,40,39,42,41,69,68,2529],"class_list":["post-166341","post","type-post","status-publish","format-standard","has-post-thumbnail","category-sport","tag-patrick-lefevere","tag-sk","tag-slovak","tag-slovakia","tag-slovencina","tag-slovensko","tag-sport","tag-sports","tag-tadej-pogacar"],"share_on_mastodon":{"url":"https:\/\/pubeurope.com\/@sk\/117190849014149409","error":""},"_links":{"self":[{"href":"https:\/\/www.europesays.com\/sk\/wp-json\/wp\/v2\/posts\/166341","targetHints":{"allow":["GET"]}}],"collection":[{"href":"https:\/\/www.europesays.com\/sk\/wp-json\/wp\/v2\/posts"}],"about":[{"href":"https:\/\/www.europesays.com\/sk\/wp-json\/wp\/v2\/types\/post"}],"author":[{"embeddable":true,"href":"https:\/\/www.europesays.com\/sk\/wp-json\/wp\/v2\/users\/2"}],"replies":[{"embeddable":true,"href":"https:\/\/www.europesays.com\/sk\/wp-json\/wp\/v2\/comments?post=166341"}],"version-history":[{"count":0,"href":"https:\/\/www.europesays.com\/sk\/wp-json\/wp\/v2\/posts\/166341\/revisions"}],"wp:featuredmedia":[{"embeddable":true,"href":"https:\/\/www.europesays.com\/sk\/wp-json\/wp\/v2\/media\/166342"}],"wp:attachment":[{"href":"https:\/\/www.europesays.com\/sk\/wp-json\/wp\/v2\/media?parent=166341"}],"wp:term":[{"taxonomy":"category","embeddable":true,"href":"https:\/\/www.europesays.com\/sk\/wp-json\/wp\/v2\/categories?post=166341"},{"taxonomy":"post_tag","embeddable":true,"href":"https:\/\/www.europesays.com\/sk\/wp-json\/wp\/v2\/tags?post=166341"}],"curies":[{"name":"wp","href":"https:\/\/api.w.org\/{rel}","templated":true}]}}