{"id":166371,"date":"2026-08-31T16:09:11","date_gmt":"2026-08-31T16:09:11","guid":{"rendered":"https:\/\/www.europesays.com\/sk\/166371\/"},"modified":"2026-08-31T16:09:11","modified_gmt":"2026-08-31T16:09:11","slug":"obec-varovala-obyvatelov-pred-medvedom-bizarne-odhalenie-foto-ved-to-je","status":"publish","type":"post","link":"https:\/\/www.europesays.com\/sk\/166371\/","title":{"rendered":"Obec VAROVALA obyvate\u013eov pred medve\u010fom: Bizarn\u00e9 odhalenie, FOTO ve\u010f to je&#8230;"},"content":{"rendered":"<p>TEKOVSK\u00c1 BREZNICA &#8211; Upozornenie na v\u00fdskyt medve\u010fa v Tekovskej Breznici vyvolalo medzi obyvate\u013emi obavy. \u0160elma sa mala pohybova\u0165 v \u010dasti Vl\u010dkovsk\u00e9 \u2013 Pod Dubov\u00fdm, pred nebezpe\u010denstvom preto varovala aj samotn\u00e1 obec. O nieko\u013eko dn\u00ed v\u0161ak pri\u0161lo ne\u010dakan\u00e9 odhalenie. Ne\u0161lo o medve\u010fa ale o k\u00f4pku zhnit\u00e9ho sena, \u010do \u013eudia videli.<\/p>\n<p data-end=\"1054\" data-start=\"639\">Obec Tekovsk\u00e1 Breznica zverejnila 24. augusta upozornenie na v\u00fdskyt medve\u010fa v \u010dasti Vl\u010dkovsk\u00e9 \u2013 Pod Dubov\u00fdm. Obyvate\u013eov z\u00e1rove\u0148 po\u017eiadala, aby za svoje pozemky nevyhadzovali ovocie zo z\u00e1hrad, ktor\u00e9 by mohlo div\u00fa zver pril\u00e1ka\u0165. Odpad mali odnies\u0165 do pristavenej vle\u010dky pri starej lesnej spr\u00e1ve. Oznam zverejnila obec na svojej ofici\u00e1lnej str\u00e1nke.<\/p>\n<p>\t<a href=\"https:\/\/www.topky.sk\/gl\/9602789\/6581441\/Obec-VAROVALA-obyvatelov-pred-medvedom--Bizarne-ODHALENIE----FOTO-Ved-to-nie-je-ani-zviera-\" rel=\"nofollow noopener\" target=\"_blank\"><br \/>\n\t\t<img decoding=\"async\" alt=\"Obec VAROVALA obyvate\u013eov pred\" aria-describedby=\"img-res-6581441\" class=\"\" height=\"900\" id=\"6581441\" loading=\"lazy\" onerror=\"imgArticleLoadErr(this)\" src=\"https:\/\/www.europesays.com\/sk\/wp-content\/uploads\/2026\/08\/medved-seno-tekovska-breznica.jpg\" style=\"aspect-ratio:1.777\" title=\"Obec VAROVALA obyvate\u013eov pred\" width=\"1600\"\/>\t\t\t<\/p>\n<p>\n\t\t\t\tZobrazi\u0165 gal\u00e9riu (3)\t\t\t<\/p>\n<p>\t<\/a><\/p>\n<p>\t\u00a0(Zdroj: Facebook\/Tekovsk\u00e1 Breznica No.1\/Tade\u00e1\u0161 S.)<\/p>\n<p data-end=\"1281\" data-start=\"1056\">O nieko\u013eko dn\u00ed v\u0161ak pri\u0161lo ne\u010dakan\u00e9 odhalenie, \u017ee v\u0161etko bolo inak. Hned\u00fd objekt pod stromami, pova\u017eovan\u00fd za medve\u010fa, mal by\u0165 v skuto\u010dnosti iba kopou zhnit\u00e9ho sena.\u201eOverujte si inform\u00e1cie predt\u00fdm, ako sa zo sena stane medve\u010f,\u201c poznamenal s humorom autor pr\u00edspevku. Kuri\u00f3zna z\u00e1mena n\u00e1sledne pobavila viacer\u00fdch miestnych.<\/p>\n<p>\t<a href=\"https:\/\/www.topky.sk\/gl\/9602789\/6581443\/Obec-VAROVALA-obyvatelov-pred-medvedom--Bizarne-ODHALENIE----FOTO-Ved-to-nie-je-ani-zviera-\" rel=\"nofollow noopener\" target=\"_blank\"><br \/>\n\t\t<img decoding=\"async\" alt=\"Obec VAROVALA obyvate\u013eov pred\" aria-describedby=\"img-res-6581443\" class=\"\" height=\"1600\" id=\"6581443\" loading=\"lazy\" onerror=\"imgArticleLoadErr(this)\" src=\"https:\/\/www.europesays.com\/sk\/wp-content\/uploads\/2026\/08\/1788192551_401_medved-seno-tekovska-breznica.jpg\" style=\"aspect-ratio:1.000\" title=\"Obec VAROVALA obyvate\u013eov pred\" width=\"1600\"\/>\t\t\t<\/p>\n<p>\n\t\t\t\tZobrazi\u0165 gal\u00e9riu (3)\t\t\t<\/p>\n<p>\t<\/a><\/p>\n<p>\t\u00a0(Zdroj: Facebook\/Tekovsk\u00e1 Breznica No.1\/Tade\u00e1\u0161 S.)<\/p>\n<p>Tentoraz seno, inokedy skuto\u010dn\u00fd medve\u010f<\/p>\n<p data-end=\"1812\" data-start=\"1484\">\u00dasmevn\u00e9 rozuzlenie v\u0161ak neznamen\u00e1, \u017ee obyvatelia m\u00f4\u017eu mo\u017en\u00e9 hl\u00e1senia zo svojho okolia ignorova\u0165. U\u017e 13. augusta zachytila vodi\u010dka na video skuto\u010dn\u00e9ho medve\u010fa, ktor\u00fd v no\u010dn\u00fdch hodin\u00e1ch be\u017eal po ceste medzi Brehmi a Tekovskou Breznicou. Z\u00e1znam v\u00fdskytu potvrdzuje aj video z dan\u00e9ho \u00faseku.<\/p>\n<p data-end=\"2167\" data-start=\"1814\">O nieko\u013eko dn\u00ed nesk\u00f4r zaznamenali medve\u010fa aj v ne\u010falekej obci Brehy, konkr\u00e9tne pri lome a nad z\u00e1hradami v \u010dasti Lie\u0161na \u2013 Na hore. Obec n\u00e1sledne pre pr\u00edtomnos\u0165 \u0161elmy a nevhodne ulo\u017een\u00fd odpad so zvy\u0161kami jedla zru\u0161ila skl\u00e1dku separovan\u00e9ho odpadu v lome. Informovala o tom priamo obec Brehy.\u00a0Ostra\u017eitos\u0165 v tejto oblasti preto netreba podce\u0148ova\u0165.\u00a0<\/p>\n","protected":false},"excerpt":{"rendered":"TEKOVSK\u00c1 BREZNICA &#8211; Upozornenie na v\u00fdskyt medve\u010fa v Tekovskej Breznici vyvolalo medzi obyvate\u013emi obavy. \u0160elma sa mala pohybova\u0165&hellip;\n","protected":false},"author":2,"featured_media":166372,"comment_status":"","ping_status":"","sticky":false,"template":"","format":"standard","meta":{"footnotes":"","_share_on_mastodon":"0"},"categories":[32],"tags":[34,37,1389,33,47683,43,40,39,42,41,36,47684,38,35],"class_list":["post-166371","post","type-post","status-publish","format-standard","has-post-thumbnail","category-spravy","tag-headlines","tag-hlavne-spravy","tag-medved","tag-news","tag-seno","tag-sk","tag-slovak","tag-slovakia","tag-slovencina","tag-slovensko","tag-spravy","tag-tekovska-breznica","tag-titulky","tag-top-stories"],"share_on_mastodon":{"url":"https:\/\/pubeurope.com\/@sk\/117190994566898163","error":""},"_links":{"self":[{"href":"https:\/\/www.europesays.com\/sk\/wp-json\/wp\/v2\/posts\/166371","targetHints":{"allow":["GET"]}}],"collection":[{"href":"https:\/\/www.europesays.com\/sk\/wp-json\/wp\/v2\/posts"}],"about":[{"href":"https:\/\/www.europesays.com\/sk\/wp-json\/wp\/v2\/types\/post"}],"author":[{"embeddable":true,"href":"https:\/\/www.europesays.com\/sk\/wp-json\/wp\/v2\/users\/2"}],"replies":[{"embeddable":true,"href":"https:\/\/www.europesays.com\/sk\/wp-json\/wp\/v2\/comments?post=166371"}],"version-history":[{"count":0,"href":"https:\/\/www.europesays.com\/sk\/wp-json\/wp\/v2\/posts\/166371\/revisions"}],"wp:featuredmedia":[{"embeddable":true,"href":"https:\/\/www.europesays.com\/sk\/wp-json\/wp\/v2\/media\/166372"}],"wp:attachment":[{"href":"https:\/\/www.europesays.com\/sk\/wp-json\/wp\/v2\/media?parent=166371"}],"wp:term":[{"taxonomy":"category","embeddable":true,"href":"https:\/\/www.europesays.com\/sk\/wp-json\/wp\/v2\/categories?post=166371"},{"taxonomy":"post_tag","embeddable":true,"href":"https:\/\/www.europesays.com\/sk\/wp-json\/wp\/v2\/tags?post=166371"}],"curies":[{"name":"wp","href":"https:\/\/api.w.org\/{rel}","templated":true}]}}