{"id":166567,"date":"2026-08-31T19:40:19","date_gmt":"2026-08-31T19:40:19","guid":{"rendered":"https:\/\/www.europesays.com\/sk\/166567\/"},"modified":"2026-08-31T19:40:19","modified_gmt":"2026-08-31T19:40:19","slug":"kosice-prezentuju-na-podujati-v-obchodnom-centre-rozvojove-projekty-2","status":"publish","type":"post","link":"https:\/\/www.europesays.com\/sk\/166567\/","title":{"rendered":"Ko\u0161ice prezentuj\u00fa na podujat\u00ed v obchodnom centre rozvojov\u00e9 projekty"},"content":{"rendered":"<p>Ko\u0161ice 31. augusta (TASR) &#8211; V ko\u0161ickom obchodnom centre na N\u00e1mest\u00ed oslobodite\u013eov sa od pondelka do 13. septembra kon\u00e1 interakt\u00edvne podujatie Mesto v meste. \u201ePo \u00faspe\u0161nom marcovom podujat\u00ed sa Ko\u0161i\u010dania m\u00f4\u017eu po\u010das dvoch t\u00fd\u017ed\u0148ov obozn\u00e1mi\u0165 s aktu\u00e1lnymi projektmi, invest\u00edciami a v\u00edziami rozvoja mesta, diskutova\u0165 s odborn\u00edkmi a z\u00edska\u0165 praktick\u00e9 inform\u00e1cie o n\u00e1jomnom b\u00fdvan\u00ed, doprave, \u017eivotnom prostred\u00ed, \u0161porte, \u0161kolstve \u010di bud\u00facnosti samospr\u00e1vy,\u201c informoval ko\u0161ick\u00fd magistr\u00e1t.<\/p>\n<p>Program pod\u013ea magistr\u00e1tu nadv\u00e4zuje na podobn\u00e9 jarn\u00e9 podujatie s t\u00fdm, \u017ee tentoraz predstav\u00ed aj konkr\u00e9tny posun viacer\u00fdch projektov. Ko\u0161ice s\u00fa medzi piatimi finalistami s\u00fa\u0165a\u017ee Eur\u00f3pske hlavn\u00e9 zelen\u00e9 mesto 2028, pripravuje sa program n\u00e1jomn\u00e9ho b\u00fdvania a pokra\u010duje sa v invest\u00edci\u00e1ch do dopravy a dopravnej infra\u0161trukt\u00fary.<\/p>\n<p>S\u00fa\u010das\u0165ou podujatia bude aj mo\u017enos\u0165 registr\u00e1cie z\u00e1ujemcov o \u0161t\u00e1tom podporovan\u00e9 n\u00e1jomn\u00e9 b\u00fdvanie. Agent\u00fara \u0161t\u00e1tom podporovan\u00e9ho n\u00e1jomn\u00e9ho b\u00fdvania bude v priestore Mesta v meste k dispoz\u00edcii 7., 8. a 9. septembra od 9.00 do 16.00 h.<\/p>\n<p>Hlavn\u00fd diskusn\u00fd program sa bude kona\u0165 denne od 16.30 do 18.00 h. \u201ePo\u010das prv\u00e9ho t\u00fd\u017ed\u0148a sa bude venova\u0165 psychickej pohode det\u00ed pred za\u010diatkom \u0161kolsk\u00e9ho roka, rozvoju ko\u0161ickej zoo, starostlivosti o zele\u0148 a projektu 1,5 mili\u00f3na kvetov pre Ko\u0161ice, kandidat\u00fare na Eur\u00f3pske hlavn\u00e9 zelen\u00e9 mesto, anal\u00fdze mestsk\u00fdch \u010dast\u00ed, invest\u00edci\u00e1m do dopravy a n\u00e1jomn\u00e9mu b\u00fdvaniu,\u201c uviedol magistr\u00e1t. Druh\u00fd t\u00fd\u017ede\u0148 prinesie t\u00e9my moderniz\u00e1cie verejn\u00e9ho osvetlenia, particip\u00e1cie mlad\u00fdch \u013eud\u00ed, \u0161portu a \u0161portovej infra\u0161trukt\u00fary, efekt\u00edvneho riadenia mesta, zelenej transform\u00e1cie, medzin\u00e1rodn\u00e9ho v\u00fdtvarn\u00e9ho plen\u00e9ru a rozvoja b\u00fdvania a verejn\u00e9ho priestoru.<\/p>\n<p>S\u00fa\u010das\u0165ou bud\u00fa po\u010das pracovn\u00fdch dn\u00ed aj vzdel\u00e1vacie a prevent\u00edvne aktivity pre \u0161koly, uk\u00e1\u017eky mestskej pol\u00edcie, \u017eiv\u00e9 ter\u00e1rium Zoo Ko\u0161ice, \u0161tudov\u0148a \u00fazemn\u00e9ho pl\u00e1nu, workshopy a \u010fal\u0161ie sprievodn\u00e9 aktivity. N\u00e1v\u0161tevn\u00edci sa bud\u00fa m\u00f4c\u0165 obozn\u00e1mi\u0165 s projektmi mesta prostredn\u00edctvom vizualiz\u00e1ci\u00ed, vide\u00ed, anim\u00e1ci\u00ed a prezent\u00e1ci\u00ed.<\/p>\n<p>Mesto v meste pod\u013ea prim\u00e1tora Ko\u0161\u00edc Jaroslava Pola\u010deka prin\u00e1\u0161a d\u00f4le\u017eit\u00e9 mestsk\u00e9 t\u00e9my z \u00faradov medzi \u013eud\u00ed a d\u00e1va im mo\u017enos\u0165 p\u00fdta\u0165 sa \u010di diskutova\u0165. \u201eS\u00fa\u010das\u0165ou podujatia je aj expoz\u00edcia zelen\u00fdch projektov, ktor\u00e9 sa n\u00e1m v uplynulom obdob\u00ed podarilo zrealizova\u0165 a ktor\u00e9 n\u00e1s dostali medzi finalistov s\u00fa\u0165a\u017ee o zelen\u00e9 mesto,\u201c uviedol.<\/p>\n","protected":false},"excerpt":{"rendered":"Ko\u0161ice 31. augusta (TASR) &#8211; V ko\u0161ickom obchodnom centre na N\u00e1mest\u00ed oslobodite\u013eov sa od pondelka do 13. septembra&hellip;\n","protected":false},"author":2,"featured_media":166568,"comment_status":"","ping_status":"","sticky":false,"template":"","format":"standard","meta":{"footnotes":"","_share_on_mastodon":"0"},"categories":[22],"tags":[137,19434,5118,47651,43,40,39,42,41,992],"class_list":["post-166567","post","type-post","status-publish","format-standard","has-post-thumbnail","category-kosice","tag-kosice","tag-prezentacia","tag-projekty","tag-rozvojove","tag-sk","tag-slovak","tag-slovakia","tag-slovencina","tag-slovensko","tag-sr"],"share_on_mastodon":{"url":"https:\/\/pubeurope.com\/@sk\/117191824053304420","error":""},"_links":{"self":[{"href":"https:\/\/www.europesays.com\/sk\/wp-json\/wp\/v2\/posts\/166567","targetHints":{"allow":["GET"]}}],"collection":[{"href":"https:\/\/www.europesays.com\/sk\/wp-json\/wp\/v2\/posts"}],"about":[{"href":"https:\/\/www.europesays.com\/sk\/wp-json\/wp\/v2\/types\/post"}],"author":[{"embeddable":true,"href":"https:\/\/www.europesays.com\/sk\/wp-json\/wp\/v2\/users\/2"}],"replies":[{"embeddable":true,"href":"https:\/\/www.europesays.com\/sk\/wp-json\/wp\/v2\/comments?post=166567"}],"version-history":[{"count":0,"href":"https:\/\/www.europesays.com\/sk\/wp-json\/wp\/v2\/posts\/166567\/revisions"}],"wp:featuredmedia":[{"embeddable":true,"href":"https:\/\/www.europesays.com\/sk\/wp-json\/wp\/v2\/media\/166568"}],"wp:attachment":[{"href":"https:\/\/www.europesays.com\/sk\/wp-json\/wp\/v2\/media?parent=166567"}],"wp:term":[{"taxonomy":"category","embeddable":true,"href":"https:\/\/www.europesays.com\/sk\/wp-json\/wp\/v2\/categories?post=166567"},{"taxonomy":"post_tag","embeddable":true,"href":"https:\/\/www.europesays.com\/sk\/wp-json\/wp\/v2\/tags?post=166567"}],"curies":[{"name":"wp","href":"https:\/\/api.w.org\/{rel}","templated":true}]}}