{"id":166669,"date":"2026-08-31T22:11:13","date_gmt":"2026-08-31T22:11:13","guid":{"rendered":"https:\/\/www.europesays.com\/sk\/166669\/"},"modified":"2026-08-31T22:11:13","modified_gmt":"2026-08-31T22:11:13","slug":"roboticky-vysavac-odhalil-neveru-manzel-ziskal-odskodne-no-napokon-sam-skoncil-vo-vazeni","status":"publish","type":"post","link":"https:\/\/www.europesays.com\/sk\/166669\/","title":{"rendered":"Robotick\u00fd vys\u00e1va\u010d odhalil neveru. Man\u017eel z\u00edskal od\u0161kodn\u00e9, no napokon s\u00e1m skon\u010dil vo v\u00e4zen\u00ed"},"content":{"rendered":"<p>    Podozrenie vyvolala zubn\u00e1 kefka<\/p>\n<p>Pr\u00edpad sa za\u010dal nezvy\u010dajn\u00fdm n\u00e1lezom. Mu\u017e objavil v spolo\u010dnom dovolenkovom dome <a href=\"https:\/\/www.noviny.sk\/slovensko\/1086335-bezny-zubny-kaz-moze-stat-stovky-eur-mame-narok-na-lepsie-podmienky\" target=\"_blank\" rel=\"nofollow noopener\">pou\u017eit\u00fa zubn\u00fa kefku<\/a>, ktor\u00e1 nepatrila ani jedn\u00e9mu z man\u017eelov. Za\u010dal preto man\u017eelku podozrieva\u0165 z nevery.<\/p>\n<p>Jeho pochybnosti nesk\u00f4r e\u0161te zosilneli. Z\u00e1znamy z bezpe\u010dnostnej kamery v parkovacom dome zachytili jeho man\u017eelku v spolo\u010dnosti nezn\u00e1meho mu\u017ea, informuje denn\u00edk <a href=\"https:\/\/www.scmp.com\/news\/people-culture\/trending-china\/article\/3365381\/taiwan-man-wins-lawsuit-gets-jailed-using-robot-vacuum-record-wifes-affair\" target=\"_blank\" rel=\"nofollow noopener\">South China Morning Post<\/a>.<\/p>\n<p>Man\u017eel sa n\u00e1sledne rozhodol z\u00edska\u0165 \u010fal\u0161ie d\u00f4kazy. Pribli\u017ene o tri mesiace nesk\u00f4r prostredn\u00edctvom aplik\u00e1cie v smartf\u00f3ne tajne aktivoval obrazov\u00fa a zvukov\u00fa funkciu robotick\u00e9ho vys\u00e1va\u010da v ich spolo\u010dnom byte.<\/p>\n<p>Vys\u00e1va\u010d zachytil man\u017eelku s in\u00fdm mu\u017eom<\/p>\n<p>Z\u00e1znamy mali zachyti\u0165 \u017eenu, ako sa v byte vyzliekala a pohybovala nah\u00e1, pri\u010dom ju obj\u00edmal in\u00fd mu\u017e. Man\u017eel n\u00e1sledne z\u00e1bery pou\u017eil ako d\u00f4kaz a obr\u00e1til sa na s\u00fad pre poru\u0161enie svojich man\u017eelsk\u00fdch pr\u00e1v.<\/p>\n<p>V ob\u010dianskopr\u00e1vnom konan\u00ed uspel. S\u00fad nariadil man\u017eelke a jej milencovi zaplati\u0165 mu\u017eovi od\u0161kodn\u00e9 v prepo\u010dte pribli\u017ene 14-tis\u00edc eur.<\/p>\n<p>Taiwansk\u00e9 pr\u00e1vo umo\u017e\u0148uje podveden\u00e9mu man\u017eelovi alebo man\u017eelke dom\u00e1ha\u0165 sa n\u00e1hrady za du\u0161evn\u00fa ujmu sp\u00f4soben\u00fa poru\u0161en\u00edm man\u017eelsk\u00fdch pr\u00e1v a povinnost\u00ed.<\/p>\n<p>    <a href=\"https:\/\/www.noviny.sk\/zahranicie\/1236354-kde-sa-zacina-nevera-laska-s-umelou-inteligenciou-uz-nie-je-sci-fi\" class=\"img\" rel=\"nofollow noopener\" target=\"_blank\"><br \/>\n        <img decoding=\"async\" class=\"lazyload \" src=\"https:\/\/www.europesays.com\/sk\/wp-content\/uploads\/2026\/08\/9d66db26-862b-49b2-9bec-6e4e567d501d.png\" alt=\"Kde sa za\u010d\u00edna nevera? L\u00e1ska s umelou inteligenciou u\u017e nie je sci-fi\" title=\"Kde sa za\u010d\u00edna nevera? L\u00e1ska s umelou inteligenciou u\u017e nie je sci-fi\"\/><br \/>\n    <\/a><\/p>\n<p>Pre\u010d\u00edtajte si tie\u017e<\/p>\n<p>            <a href=\"https:\/\/www.noviny.sk\/zahranicie\/1236354-kde-sa-zacina-nevera-laska-s-umelou-inteligenciou-uz-nie-je-sci-fi\" rel=\"nofollow noopener\" target=\"_blank\"><br \/>\n                Kde sa za\u010d\u00edna nevera? L\u00e1ska s umelou inteligenciou u\u017e nie je sci-fi<br \/>\n            <\/a><\/p>\n<p>Man\u017eelka podala podnet na man\u017eela<\/p>\n<p>T\u00fdm sa v\u0161ak pr\u00edpad neskon\u010dil. Man\u017eelka sa obr\u00e1tila na \u00farady pre <a href=\"https:\/\/www.noviny.sk\/krimi\/1038839-policajt-tajne-nahraval-susedu-a-jej-syna-pocas-sprchovania-hrozi-mu-vazenie-az-na-dva-roky\" target=\"_blank\" rel=\"nofollow noopener\">tajn\u00e9 nahr\u00e1vanie v s\u00fakrom\u00ed<\/a>. Tvrdila, \u017ee jej man\u017eel bez s\u00fahlasu vytvoril int\u00edmne z\u00e1bery prostredn\u00edctvom robotick\u00e9ho vys\u00e1va\u010da.<\/p>\n<p>S\u00fad n\u00e1sledne rozhodol, \u017ee man\u017eelsk\u00e9 pr\u00e1va nemaj\u00fa prednos\u0165 pred pr\u00e1vom jednotlivca na s\u00fakromie. Mu\u017ea za nez\u00e1konn\u00e9 nahr\u00e1vanie ods\u00fadil na p\u00e4\u0165 mesiacov v\u00e4zenia a pokutu 150-tis\u00edc nov\u00fdch taiwansk\u00fdch dol\u00e1rov, \u010do predstavuje pribli\u017ene 4-tis\u00edc eur.<\/p>\n<p>Pod\u013ea taiwansk\u00fdch z\u00e1konov m\u00f4\u017ee za tajn\u00e9 nahr\u00e1vanie alebo neopr\u00e1vnen\u00e9 zverejnenie s\u00fakromn\u00fdch aktiv\u00edt \u010di int\u00edmnych inform\u00e1ci\u00ed hrozi\u0165 a\u017e trojro\u010dn\u00e9 v\u00e4zenie a pokuta do 300-tis\u00edc nov\u00fdch taiwansk\u00fdch dol\u00e1rov, teda pribli\u017ene 8-tis\u00edc eur.<\/p>\n<p>Mu\u017e tak v spore o neveru s\u00edce z\u00edskal od\u0161kodn\u00e9, sp\u00f4sob, ak\u00fdm si zabezpe\u010dil d\u00f4kazy, ho napokon priviedol za mre\u017ee.<\/p>\n","protected":false},"excerpt":{"rendered":"Podozrenie vyvolala zubn\u00e1 kefka Pr\u00edpad sa za\u010dal nezvy\u010dajn\u00fdm n\u00e1lezom. Mu\u017e objavil v spolo\u010dnom dovolenkovom dome pou\u017eit\u00fa zubn\u00fa kefku,&hellip;\n","protected":false},"author":2,"featured_media":166670,"comment_status":"","ping_status":"","sticky":false,"template":"","format":"standard","meta":{"footnotes":"","_share_on_mastodon":"0"},"categories":[8],"tags":[2171,33,330,43,40,42,36,1368,50,8788,47703,49,48],"class_list":["post-166669","post","type-post","status-publish","format-standard","has-post-thumbnail","category-svet","tag-nevera","tag-news","tag-pokuta","tag-sk","tag-slovak","tag-slovencina","tag-spravy","tag-sud","tag-svet","tag-vazenie","tag-vysavac","tag-world","tag-world-news"],"share_on_mastodon":{"url":"https:\/\/pubeurope.com\/@sk\/117192417996422519","error":""},"_links":{"self":[{"href":"https:\/\/www.europesays.com\/sk\/wp-json\/wp\/v2\/posts\/166669","targetHints":{"allow":["GET"]}}],"collection":[{"href":"https:\/\/www.europesays.com\/sk\/wp-json\/wp\/v2\/posts"}],"about":[{"href":"https:\/\/www.europesays.com\/sk\/wp-json\/wp\/v2\/types\/post"}],"author":[{"embeddable":true,"href":"https:\/\/www.europesays.com\/sk\/wp-json\/wp\/v2\/users\/2"}],"replies":[{"embeddable":true,"href":"https:\/\/www.europesays.com\/sk\/wp-json\/wp\/v2\/comments?post=166669"}],"version-history":[{"count":0,"href":"https:\/\/www.europesays.com\/sk\/wp-json\/wp\/v2\/posts\/166669\/revisions"}],"wp:featuredmedia":[{"embeddable":true,"href":"https:\/\/www.europesays.com\/sk\/wp-json\/wp\/v2\/media\/166670"}],"wp:attachment":[{"href":"https:\/\/www.europesays.com\/sk\/wp-json\/wp\/v2\/media?parent=166669"}],"wp:term":[{"taxonomy":"category","embeddable":true,"href":"https:\/\/www.europesays.com\/sk\/wp-json\/wp\/v2\/categories?post=166669"},{"taxonomy":"post_tag","embeddable":true,"href":"https:\/\/www.europesays.com\/sk\/wp-json\/wp\/v2\/tags?post=166669"}],"curies":[{"name":"wp","href":"https:\/\/api.w.org\/{rel}","templated":true}]}}