{"id":166829,"date":"2026-09-01T06:06:13","date_gmt":"2026-09-01T06:06:13","guid":{"rendered":"https:\/\/www.europesays.com\/sk\/166829\/"},"modified":"2026-09-01T06:06:13","modified_gmt":"2026-09-01T06:06:13","slug":"polsky-vicepremier-vyzyva-europu-aby-riskovala-eskalaciu-a-odmietla-rokovania-s-ruskom-po-nord-streame-dakoval-usa","status":"publish","type":"post","link":"https:\/\/www.europesays.com\/sk\/166829\/","title":{"rendered":"Po\u013esk\u00fd vicepremi\u00e9r vyz\u00fdva Eur\u00f3pu, aby riskovala eskal\u00e1ciu a odmietla rokovania s Ruskom. Po Nord Streame \u010fakoval USA"},"content":{"rendered":"<p>\tPo\u013esk\u00fd vicepremi\u00e9r vyz\u00fdva Eur\u00f3pu, aby riskovala eskal\u00e1ciu a odmietla rokovania s Ruskom. Po Nord Streame \u010fakoval USA<\/p>\n<p>&#13;<\/p>\n<p>wpDiscuz<\/p>\n<p>Insert<\/p>\n","protected":false},"excerpt":{"rendered":"Po\u013esk\u00fd vicepremi\u00e9r vyz\u00fdva Eur\u00f3pu, aby riskovala eskal\u00e1ciu a odmietla rokovania s Ruskom. Po Nord Streame \u010fakoval USA &#13;&hellip;\n","protected":false},"author":2,"featured_media":166830,"comment_status":"","ping_status":"","sticky":false,"template":"","format":"standard","meta":{"footnotes":"","_share_on_mastodon":"0"},"categories":[3],"tags":[57,56,55,315,237,47737,43,40,42,58],"class_list":["post-166829","post","type-post","status-publish","format-standard","has-post-thumbnail","category-europa","tag-eu","tag-europa","tag-europe","tag-polsko","tag-rusko","tag-sikorski","tag-sk","tag-slovak","tag-slovencina","tag-top1"],"share_on_mastodon":{"url":"https:\/\/pubeurope.com\/@sk\/117194285579416445","error":""},"_links":{"self":[{"href":"https:\/\/www.europesays.com\/sk\/wp-json\/wp\/v2\/posts\/166829","targetHints":{"allow":["GET"]}}],"collection":[{"href":"https:\/\/www.europesays.com\/sk\/wp-json\/wp\/v2\/posts"}],"about":[{"href":"https:\/\/www.europesays.com\/sk\/wp-json\/wp\/v2\/types\/post"}],"author":[{"embeddable":true,"href":"https:\/\/www.europesays.com\/sk\/wp-json\/wp\/v2\/users\/2"}],"replies":[{"embeddable":true,"href":"https:\/\/www.europesays.com\/sk\/wp-json\/wp\/v2\/comments?post=166829"}],"version-history":[{"count":0,"href":"https:\/\/www.europesays.com\/sk\/wp-json\/wp\/v2\/posts\/166829\/revisions"}],"wp:featuredmedia":[{"embeddable":true,"href":"https:\/\/www.europesays.com\/sk\/wp-json\/wp\/v2\/media\/166830"}],"wp:attachment":[{"href":"https:\/\/www.europesays.com\/sk\/wp-json\/wp\/v2\/media?parent=166829"}],"wp:term":[{"taxonomy":"category","embeddable":true,"href":"https:\/\/www.europesays.com\/sk\/wp-json\/wp\/v2\/categories?post=166829"},{"taxonomy":"post_tag","embeddable":true,"href":"https:\/\/www.europesays.com\/sk\/wp-json\/wp\/v2\/tags?post=166829"}],"curies":[{"name":"wp","href":"https:\/\/api.w.org\/{rel}","templated":true}]}}