{"id":166933,"date":"2026-09-01T08:01:12","date_gmt":"2026-09-01T08:01:12","guid":{"rendered":"https:\/\/www.europesays.com\/sk\/166933\/"},"modified":"2026-09-01T08:01:12","modified_gmt":"2026-09-01T08:01:12","slug":"zasah-pri-uzavierke-prestupov-super-slovana-kupil-za-skvelu-sumu-najlepsieho-utocnika-ligy","status":"publish","type":"post","link":"https:\/\/www.europesays.com\/sk\/166933\/","title":{"rendered":"Z\u00e1sah pri uz\u00e1vierke prestupov: S\u00faper Slovana k\u00fapil za skvel\u00fa sumu najlep\u0161ieho \u00fato\u010dn\u00edka ligy"},"content":{"rendered":"<p><a href=\"https:\/\/sportky.zoznam.sk\/g\/493685\/zasah-pri-uzavierke-prestupov-super-slovana-kupil-za-skvelu-sumu-najlepsieho-utocnika-ligy?image=1194163\" title=\"Japonec Ayase Ueda po\u010das MS vo futbale 2026\" rel=\"nofollow noopener\" target=\"_blank\">\t\t\t<img decoding=\"async\" loading=\"lazy\" src=\"https:\/\/www.europesays.com\/sk\/wp-content\/uploads\/2026\/09\/ms-vo-futbale-2026-1194163.jpg\"  alt=\"Japonec Ayase Ueda po\u010das MS vo futbale 2026\"\/><\/a>Japonec Ayase Ueda po\u010das MS vo futbale 2026\t\t\t Zdroj: SITA\/AP\/Addison Simmons\t\t\t\t<\/p>\n<p>LILLE &#8211; Franc\u00fazsky futbalov\u00fd klub LOSC Lille z\u00edskal do svojich slu\u017eieb japonsk\u00e9ho reprezentanta Ayaseho Uedu z Feyenoordu Rotterdam.\t<\/p>\n<p>Dvadsa\u0165osemro\u010dn\u00fd \u00fato\u010dn\u00edk bol s 25 g\u00f3lmi najlep\u0161\u00ed strelec minulej sez\u00f3ny holandskej ligy. Dva presn\u00e9 z\u00e1sahy si prip\u00edsal aj v drese Japonska na letn\u00fdch majstrovstv\u00e1ch sveta. Jeden zo s\u00faperov Slovana Bratislava v hlavnej f\u00e1ze Ligy majstrov za jeho slu\u017eby zaplatil 15 mili\u00f3nov eur.<\/p>\n<p>Lille minul\u00fd t\u00fd\u017ede\u0148 predalo osemn\u00e1s\u0165ro\u010dn\u00e9ho Ayyouba Bouaddiho do Manchestru City za takmer sto mili\u00f3nov eur a pod\u013ea miestnych m\u00e9di\u00ed zva\u017euje aj predaj Matiasa Fernandeza-Parda. O dvadsa\u0165jedenro\u010dn\u00e9ho belgick\u00e9ho \u00fato\u010dn\u00edka m\u00e1 z\u00e1ujem Newcastle, ktor\u00fd je za neho ochotn\u00fd zaplati\u0165 65 mili\u00f3nov eur.<\/p>\n<p>Klub zo severu Franc\u00fazska sa v LM stretne okrem Slovana aj s Arsenalom, Bayernom Mn\u00edchov, AS R\u00edm \u010di Galatasarayom Istanbul. Informovala agent\u00fara AFP.<\/p>\n","protected":false},"excerpt":{"rendered":"Japonec Ayase Ueda po\u010das MS vo futbale 2026 Zdroj: SITA\/AP\/Addison Simmons LILLE &#8211; Franc\u00fazsky futbalov\u00fd klub LOSC Lille&hellip;\n","protected":false},"author":2,"featured_media":166934,"comment_status":"","ping_status":"","sticky":false,"template":"","format":"standard","meta":{"footnotes":"","_share_on_mastodon":"0"},"categories":[32],"tags":[47744,18672,13817,34,37,2226,3477,33,43,40,39,42,41,36,38,35],"class_list":["post-166933","post","type-post","status-publish","format-standard","has-post-thumbnail","category-spravy","tag-ayase-ueda","tag-eredivisie","tag-feyenoord-rotterdam","tag-headlines","tag-hlavne-spravy","tag-ligue-1","tag-losc-lille","tag-news","tag-sk","tag-slovak","tag-slovakia","tag-slovencina","tag-slovensko","tag-spravy","tag-titulky","tag-top-stories"],"share_on_mastodon":{"url":"https:\/\/pubeurope.com\/@sk\/117194738274677834","error":""},"_links":{"self":[{"href":"https:\/\/www.europesays.com\/sk\/wp-json\/wp\/v2\/posts\/166933","targetHints":{"allow":["GET"]}}],"collection":[{"href":"https:\/\/www.europesays.com\/sk\/wp-json\/wp\/v2\/posts"}],"about":[{"href":"https:\/\/www.europesays.com\/sk\/wp-json\/wp\/v2\/types\/post"}],"author":[{"embeddable":true,"href":"https:\/\/www.europesays.com\/sk\/wp-json\/wp\/v2\/users\/2"}],"replies":[{"embeddable":true,"href":"https:\/\/www.europesays.com\/sk\/wp-json\/wp\/v2\/comments?post=166933"}],"version-history":[{"count":0,"href":"https:\/\/www.europesays.com\/sk\/wp-json\/wp\/v2\/posts\/166933\/revisions"}],"wp:featuredmedia":[{"embeddable":true,"href":"https:\/\/www.europesays.com\/sk\/wp-json\/wp\/v2\/media\/166934"}],"wp:attachment":[{"href":"https:\/\/www.europesays.com\/sk\/wp-json\/wp\/v2\/media?parent=166933"}],"wp:term":[{"taxonomy":"category","embeddable":true,"href":"https:\/\/www.europesays.com\/sk\/wp-json\/wp\/v2\/categories?post=166933"},{"taxonomy":"post_tag","embeddable":true,"href":"https:\/\/www.europesays.com\/sk\/wp-json\/wp\/v2\/tags?post=166933"}],"curies":[{"name":"wp","href":"https:\/\/api.w.org\/{rel}","templated":true}]}}