{"id":166963,"date":"2026-09-01T08:41:11","date_gmt":"2026-09-01T08:41:11","guid":{"rendered":"https:\/\/www.europesays.com\/sk\/166963\/"},"modified":"2026-09-01T08:41:11","modified_gmt":"2026-09-01T08:41:11","slug":"slovenska-rodina-s-tromi-detmi-havarovala-v-rakusku-sedem-ludi-sa-zranilo","status":"publish","type":"post","link":"https:\/\/www.europesays.com\/sk\/166963\/","title":{"rendered":"Slovensk\u00e1 rodina s tromi de\u0165mi havarovala v Rak\u00fasku, sedem \u013eud\u00ed sa zranilo"},"content":{"rendered":"<p>LIEZEN \u2013 P\u00e4\u0165\u010dlenn\u00e1 slovensk\u00e1 rodina s tromi mal\u00fdmi de\u0165mi sa stala \u00fa\u010dastn\u00edkom v\u00e1\u017enej dopravnej nehody v rak\u00faskom \u0160tajersku. Ich auto sa z doposia\u013e nezn\u00e1mych pr\u00ed\u010din dostalo do protismeru a \u010delne narazilo do protiid\u00faceho vozidla. Zranili sa v\u0161etci siedmi \u013eudia v oboch aut\u00e1ch, najhor\u0161ie dopadla 32-ro\u010dn\u00e1 Slovenka. Do nemocnice ju musel transportova\u0165 z\u00e1chran\u00e1rsky vrtu\u013en\u00edk.<\/p>\n<p>\t\t\t\tV aute boli tri mal\u00e9 deti<\/p>\n<p>V\u00e1\u017ena nehoda sa stala v piatok 28. augusta popoludn\u00ed na frekventovanej ceste B320 v okrese Liezen.<\/p>\n<p>Pod\u013ea \u0161tajerskej pol\u00edcie i\u0161iel 36-ro\u010dn\u00fd Slov\u00e1k autom po B320 smerom na Liezen. Spolu s n\u00edm cestovala jeho 32-ro\u010dn\u00e1 man\u017eelka a ich tri mal\u00e9 deti.<\/p>\n<p>Najmlad\u0161ie malo iba jeden rok, \u010fal\u0161ie \u0161tyri a najstar\u0161ie \u0161es\u0165 rokov.<\/p>\n<p>V opa\u010dnom smere sa v tom \u010dase bl\u00ed\u017eilo \u010fal\u0161ie osobn\u00e9 auto. \u0160of\u00e9roval ho 40-ro\u010dn\u00fd mu\u017e z Horn\u00e9ho Rak\u00faska a na sedadle spolujazdca sedela jeho 36-ro\u010dn\u00e1 man\u017eelka. Kr\u00e1tko pred 14.45 h sa ich cesty stretli.<\/p>\n<p>Slov\u00e1k sa dostal do protismeru<\/p>\n<p>K nehode do\u0161lo pri Wei\u00dfenbachu pri Liezene, pribli\u017ene na 66. kilometri cesty B320.<\/p>\n<p>Pod\u013ea doteraj\u0161\u00edch zisten\u00ed pol\u00edcie sa auto riaden\u00e9 36-ro\u010dn\u00fdm Slov\u00e1kom z doposia\u013e nezn\u00e1mych pr\u00ed\u010din dostalo do protismeru.<\/p>\n<p>Tam \u010delne narazilo do vozidla 40-ro\u010dn\u00e9ho Rak\u00fa\u0161ana. N\u00e1raz bol nato\u013eko siln\u00fd, \u017ee sa zranili v\u0161etci \u013eudia v oboch vozidl\u00e1ch.<\/p>\n<p>Pr\u00ed\u010dinu, pre\u010do slovensk\u00fd vodi\u010d pre\u0161iel do protismernej \u010dasti vozovky, pol\u00edcia vo svojej spr\u00e1ve neuviedla. Nie je preto zn\u00e1me, \u010di za nehodou mohla nepozornos\u0165, zdravotn\u00fd probl\u00e9m alebo in\u00e1 okolnos\u0165.<\/p>\n<p>Slovenka utrpela v\u00e1\u017ene zranenia<\/p>\n<p>Najhor\u0161ie n\u00e1sledky mala nehoda pre 32-ro\u010dn\u00fa slovensk\u00fa spolujazdky\u0148u. Utrpela \u0165a\u017ek\u00e9 zranenia a na mieste jej museli poskytn\u00fa\u0165 prv\u00fa pomoc z\u00e1chran\u00e1ri a lek\u00e1r.<\/p>\n<p>N\u00e1sledne pre \u0148u vyslali z\u00e1chran\u00e1rsky vrtu\u013en\u00edk Christophorus 14, ktor\u00fd ju transportoval do krajinskej nemocnice v Leobene.<\/p>\n<p>Ostatn\u00fdch \u0161es\u0165 \u00fa\u010dastn\u00edkov nehody vr\u00e1tane slovensk\u00e9ho vodi\u010da a v\u0161etk\u00fdch troch det\u00ed pod\u013ea rak\u00faskych zdrojov zranilo \u013eahko. Z\u00e1chran\u00e1ri ich previezli do nemocn\u00edc v Rottenmanne a Leobene.<\/p>\n<p>Zranili sa v\u0161etci v oboch aut\u00e1ch<\/p>\n<p>Bilancia nehody je tak sedem zranen\u00fdch \u2013 p\u00e4\u0165 \u010dlenov slovenskej rodiny a rak\u00fasky man\u017eelsk\u00fd p\u00e1r. Pol\u00edcia potvrdila, \u017ee nehoda sa stala v piatok popoludn\u00ed a i\u0161lo o \u010deln\u00fa zr\u00e1\u017eku dvoch osobn\u00fdch vozidiel.<\/p>\n<p>Podrobnej\u0161ie inform\u00e1cie o aktu\u00e1lnom zdravotnom stave 32-ro\u010dnej Slovenky zatia\u013e zverejnen\u00e9 neboli. Rak\u00faske \u00farady takisto bezprostredne po nehode neozn\u00e1mili, pre\u010do vozidlo slovenskej rodiny pre\u0161lo do protismeru.<\/p>\n","protected":false},"excerpt":{"rendered":"LIEZEN \u2013 P\u00e4\u0165\u010dlenn\u00e1 slovensk\u00e1 rodina s tromi mal\u00fdmi de\u0165mi sa stala \u00fa\u010dastn\u00edkom v\u00e1\u017enej dopravnej nehody v rak\u00faskom \u0160tajersku.&hellip;\n","protected":false},"author":2,"featured_media":166964,"comment_status":"","ping_status":"","sticky":false,"template":"","format":"standard","meta":{"footnotes":"","_share_on_mastodon":"0"},"categories":[8],"tags":[535,33,24057,4155,43,40,42,36,50,49,48,1506],"class_list":["post-166963","post","type-post","status-publish","format-standard","has-post-thumbnail","category-svet","tag-nehoda","tag-news","tag-protismer","tag-rakusko","tag-sk","tag-slovak","tag-slovencina","tag-spravy","tag-svet","tag-world","tag-world-news","tag-zraneni"],"share_on_mastodon":{"url":"https:\/\/pubeurope.com\/@sk\/117194894953118662","error":""},"_links":{"self":[{"href":"https:\/\/www.europesays.com\/sk\/wp-json\/wp\/v2\/posts\/166963","targetHints":{"allow":["GET"]}}],"collection":[{"href":"https:\/\/www.europesays.com\/sk\/wp-json\/wp\/v2\/posts"}],"about":[{"href":"https:\/\/www.europesays.com\/sk\/wp-json\/wp\/v2\/types\/post"}],"author":[{"embeddable":true,"href":"https:\/\/www.europesays.com\/sk\/wp-json\/wp\/v2\/users\/2"}],"replies":[{"embeddable":true,"href":"https:\/\/www.europesays.com\/sk\/wp-json\/wp\/v2\/comments?post=166963"}],"version-history":[{"count":0,"href":"https:\/\/www.europesays.com\/sk\/wp-json\/wp\/v2\/posts\/166963\/revisions"}],"wp:featuredmedia":[{"embeddable":true,"href":"https:\/\/www.europesays.com\/sk\/wp-json\/wp\/v2\/media\/166964"}],"wp:attachment":[{"href":"https:\/\/www.europesays.com\/sk\/wp-json\/wp\/v2\/media?parent=166963"}],"wp:term":[{"taxonomy":"category","embeddable":true,"href":"https:\/\/www.europesays.com\/sk\/wp-json\/wp\/v2\/categories?post=166963"},{"taxonomy":"post_tag","embeddable":true,"href":"https:\/\/www.europesays.com\/sk\/wp-json\/wp\/v2\/tags?post=166963"}],"curies":[{"name":"wp","href":"https:\/\/api.w.org\/{rel}","templated":true}]}}